{"id":126,"date":"2015-06-10T21:31:00","date_gmt":"2015-06-10T21:31:00","guid":{"rendered":"https:\/\/www.bfv.cloud\/ajedrezeuropa\/index.php\/2015\/06\/10\/campeonato-provincial-de-toledo-por-equipos-sub-16\/"},"modified":"2025-11-20T10:13:38","modified_gmt":"2025-11-20T10:13:38","slug":"campeonato-provincial-de-toledo-por-equipos-sub-16","status":"publish","type":"post","link":"https:\/\/www.bfv.cloud\/ajedrezeuropa\/campeonato-provincial-de-toledo-por-equipos-sub-16\/","title":{"rendered":"CAMPEONATO PROVINCIAL DE TOLEDO POR EQUIPOS SUB-16"},"content":{"rendered":"<p><a href=\"https:\/\/www.bfv.cloud\/ajedrezeuropa\/wp-content\/uploads\/2015\/06\/Toledo.jpg\" style=\"clear: right;float: right;margin-bottom: 1em;margin-left: 1em\"><img decoding=\"async\" border=\"0\" height=\"137\" src=\"https:\/\/blogger.googleusercontent.com\/img\/b\/R29vZ2xl\/AVvXsEikEq9aC3ur_I9sedgFH-1P0uf1rrwcaO355yJ2IoZmLwd43P0uSWlspE9x-TItF95smvntKbsvn3tsgYTq3bnqT2EwkyKD2vjDwK98l2i9FBs3BdtT_epCviOWXIxrgcmazDsI4tAWhKO6\/s200\/Toledo.jpg\" width=\"200\" \/><\/a><br \/>\n<a href=\"https:\/\/www.bfv.cloud\/ajedrezeuropa\/wp-content\/uploads\/2015\/06\/logofederacion.jpg\" style=\"clear: left;float: left;margin-bottom: 1em;margin-right: 1em\"><img decoding=\"async\" border=\"0\" src=\"https:\/\/www.bfv.cloud\/ajedrezeuropa\/wp-content\/uploads\/2015\/06\/logofederacion.jpg\" \/><\/a><\/p>\n<div class=\"MsoNormal\" style=\"text-align: justify\">\n<span style=\"font-family: Verdana, sans-serif\">Este s\u00e1bado<br \/>\n13 de junio habr\u00e1 una nueva competici\u00f3n para los equipos sub-16 de los clubes<br \/>\nque forman el proyecto \u201cNUESTRO AJEDREZ EN EUROPA\u201d. Ser\u00e1 en la <b><u>escuela de<br \/>\ngimnasia del Parque de las Tres Culturas,<\/u><\/b> estando previsto su inicio a<br \/>\nlas 10 de la ma\u00f1ana y su finalizaci\u00f3n sobre las 6 de la tarde. Conforme a las<br \/>\nbases publicadas y en funci\u00f3n del n\u00famero de equipos inscritos, 4 en total, se<br \/>\njugar\u00e1 una liga a 3 rondas (2 por la ma\u00f1ana y 1 por la tarde), a un ritmo de 45<br \/>\nminutos por jugador m\u00e1s 30 segundos de incremento por movimiento.&nbsp; <\/span><\/div>\n<div class=\"MsoBodyText\">\n<span style=\"font-family: Verdana, sans-serif\">Este<br \/>\ntorneo forma parte del calendario oficial de campeonatos de la FACLM y<br \/>\nclasificar\u00e1 solamente al club que se proclame campe\u00f3n para el Campeonato<br \/>\nRegional por Equipos sub-16, aunque en su nuevo formato permitir\u00e1 la<br \/>\nparticipaci\u00f3n en modalidad open de cualquier otro club de Castilla-La Mancha<br \/>\nque sufrague sus propios gastos de alojamiento y manutenci\u00f3n.<\/span><span style=\"font-family: Verdana, sans-serif\">&nbsp;<\/span><\/div>\n<div class=\"MsoBodyText\">\n<span style=\"font-family: Verdana, sans-serif\"><u><b>Nuestros dos clubes participar\u00e1n en el campeonato<\/b><\/u><\/span><span style=\"font-family: Verdana, sans-serif;text-align: justify\">&nbsp;<\/span><\/div>\n<div class=\"MsoBodyText\">\n<span style=\"font-family: Verdana, sans-serif\">A lo largo de esta semana hemos barajado varias<br \/>\nposibilidades a la hora de asistir a este provincial. Desde llevar el m\u00e1ximo de<br \/>\nequipos permitidos, 2 por cada club, con lo que hubieran sido 4 las distintas<br \/>\nformaciones participantes, pasando por la posibilidad de haber desplazado a 3,<br \/>\ny lo que finalmente ha sucedido, 2 equipos, uno de cada club integrado en el<br \/>\nproyecto \u201cNUESTRO AJEDREZ EN EUROPA\u201d. Estas variables ven\u00edan condicionadas por<br \/>\nla presencia o no de otros clubes de Toledo, pero como quiera que finalmente<br \/>\nsolo se ha inscrito el de Bargas con 2 equipos, hemos optado por no alargar la<br \/>\nduraci\u00f3n del campeonato tambi\u00e9n al domingo con enfrentamientos entre nuestros<br \/>\npropios jugadores.<\/span><\/div>\n<div class=\"MsoBodyText\">\n<span style=\"font-family: Verdana, sans-serif\">En definitiva, las dos formaciones que presentar\u00e1n<br \/>\nnuestros clubes son:<\/span><span style=\"font-family: Verdana, sans-serif\">&nbsp;<\/span><\/div>\n<h3 style=\"text-align: center\">\n<span style=\"font-family: Verdana, sans-serif\"><u style=\"font-weight: normal\"><i>CLUB NUESTRO AJEDREZ EN EUROPA<\/i><\/u><\/span><\/h3>\n<div align=\"center\" class=\"MsoNormal\" style=\"text-align: center\">\n<b><span style=\"font-family: Verdana, sans-serif\">1.- Javier<br \/>\nValdepe\u00f1as Octavio<\/span><\/b><\/div>\n<div align=\"center\" class=\"MsoNormal\" style=\"text-align: center\">\n<b><span style=\"font-family: Verdana, sans-serif\">2.- Irene Sim\u00f3n<br \/>\nEscalona<\/span><\/b><\/div>\n<div align=\"center\" class=\"MsoNormal\" style=\"text-align: center\">\n<b><span style=\"font-family: Verdana, sans-serif\">3.- Alfredo Amador<br \/>\nAnd\u00fajar<\/span><\/b><\/div>\n<div align=\"center\" class=\"MsoNormal\" style=\"text-align: center\">\n<b><span style=\"font-family: Verdana, sans-serif\">4.- Marta Espinosa<br \/>\nGil<\/span><\/b><\/div>\n<div align=\"center\" class=\"MsoNormal\" style=\"text-align: center\">\n<b><span style=\"font-family: Verdana, sans-serif\">5.- Roberto L\u00f3pez<br \/>\nN\u00fa\u00f1ez<\/span><\/b><\/div>\n<div align=\"center\" class=\"MsoNormal\" style=\"text-align: center\">\n<b><span style=\"font-family: Verdana, sans-serif\">6.- Julio M\u00e9rida<br \/>\nOrtiz<\/span><\/b><\/div>\n<div align=\"center\" class=\"MsoNormal\" style=\"text-align: center\">\n<b><span style=\"font-family: Verdana, sans-serif\">7.- Arturo Mate<br \/>\nMart\u00edn<\/span><\/b><b><span style=\"font-family: Verdana, sans-serif\">&nbsp;<\/span><\/b><\/div>\n<h3 style=\"text-align: center\">\n<span style=\"color: #134f5c;font-family: Verdana, sans-serif\"><u><i style=\"font-weight: normal\">CLUB NUESTRO AJEDREZ POR LA IGUALDAD<\/i><\/u><\/span><\/h3>\n<div align=\"center\" class=\"MsoNormal\" style=\"text-align: center\">\n<b><span style=\"color: #134f5c;font-family: Verdana, sans-serif\">1.- Enrique<br \/>\nVelasco Aragon\u00e9s<\/span><\/b><\/div>\n<div align=\"center\" class=\"MsoNormal\" style=\"text-align: center\">\n<b><span style=\"color: #134f5c;font-family: Verdana, sans-serif\">2.- Alonso L\u00f3pez<br \/>\nN\u00fa\u00f1ez<\/span><\/b><\/div>\n<div align=\"center\" class=\"MsoNormal\" style=\"text-align: center\">\n<b><span style=\"color: #134f5c;font-family: Verdana, sans-serif\">3.- Isabel<br \/>\nMarcos-Alberca Lizcano<\/span><\/b><\/div>\n<div align=\"center\" class=\"MsoNormal\" style=\"text-align: center\">\n<b><span style=\"color: #134f5c;font-family: Verdana, sans-serif\">4.- Nuria Lozano<br \/>\nSerrano<\/span><\/b><\/div>\n<div align=\"center\" class=\"MsoNormal\" style=\"text-align: center\">\n<b><span style=\"color: #134f5c;font-family: Verdana, sans-serif\">5.- Mar\u00eda Oliver<br \/>\nRopero<\/span><\/b><\/div>\n<div align=\"center\" class=\"MsoNormal\" style=\"text-align: center\">\n<b><span style=\"color: #134f5c;font-family: Verdana, sans-serif\">6.- Juan Francisco<br \/>\nMar\u00edn Torres<\/span><\/b><\/div>\n<div align=\"center\" class=\"MsoNormal\" style=\"text-align: center\">\n<b><span style=\"font-family: Verdana, sans-serif\"><span style=\"color: #134f5c\">7.- Gabriel Amador<br \/>\nAnd\u00fajar<\/span><\/span><\/b><\/div>\n<p><b style=\"color: #660000;font-family: 'Courier New', Courier, monospace\"><u>HORARIOS Y EMPAREJAMIENTOS PREVISTOS PARA CADA RONDA<\/u><\/b><\/p>\n<ul style=\"background-color: #fff9ee;font-size: 15.3999996185303px;line-height: 21.5599994659424px;margin: 0.5em 0px;padding: 0px 2.5em\">\n<li style=\"margin: 0px 0px 0.25em;padding: 0px\"><span style=\"color: #660000;font-family: Trebuchet MS, sans-serif\"><i><u><b>1\u00aa Ronda<\/b>: 10 horas:<\/u><\/i><\/span><\/li>\n<div class=\"separator\" style=\"clear: both;text-align: center\">\n<\/div>\n<ul style=\"line-height: 1.4;margin: 0.5em 0px;padding: 0px 2.5em\">\n<li style=\"margin: 0px 0px 0.25em;padding: 0px\"><span style=\"color: #660000;font-family: Trebuchet MS, sans-serif\"><i>Bargas \u00abB\u00bb &#8211; Bargas \u00abA\u00bb<\/i><\/span><\/li>\n<li style=\"margin: 0px 0px 0.25em;padding: 0px\"><span style=\"color: #660000;font-family: Trebuchet MS, sans-serif\"><i>Nuestra Ajedrez por la Igualdad &#8211; Nuestro Ajedrez en Europa<\/i><\/span><\/li>\n<\/ul>\n<li style=\"margin: 0px 0px 0.25em;padding: 0px\"><span style=\"color: #660000;font-family: Trebuchet MS, sans-serif\"><i><u><b>2\u00aa Ronda<\/b>: 12,30 horas:<\/u><\/i><\/span><\/li>\n<ul style=\"line-height: 1.4;margin: 0.5em 0px;padding: 0px 2.5em\">\n<li style=\"margin: 0px 0px 0.25em;padding: 0px\"><span style=\"color: #660000;font-family: Trebuchet MS, sans-serif\"><i>Nuestro Ajedrez por la Igualdad &#8211; Bargas \u00abA\u00bb<\/i><\/span><\/li>\n<li style=\"margin: 0px 0px 0.25em;padding: 0px\"><span style=\"color: #660000;font-family: Trebuchet MS, sans-serif\"><i>Nuestro Ajedrez en Europa &#8211; Bargas \u00abB\u00bb<\/i><\/span><\/li>\n<\/ul>\n<li style=\"margin: 0px 0px 0.25em;padding: 0px\"><span style=\"color: #660000;font-family: Trebuchet MS, sans-serif\"><i><u><b>3\u00aa Ronda<\/b>: 16,15 horas:<\/u><\/i><\/span><\/li>\n<ul style=\"line-height: 1.4;margin: 0.5em 0px;padding: 0px 2.5em\">\n<li style=\"margin: 0px 0px 0.25em;padding: 0px\"><span style=\"color: #660000;font-family: Trebuchet MS, sans-serif\"><i>Bargas \u00abA\u00bb &#8211; Nuestro Ajedrez en Europa<\/i><\/span><\/li>\n<li style=\"margin: 0px 0px 0.25em;padding: 0px\"><span style=\"color: #660000;font-family: Trebuchet MS, sans-serif\"><i>Bargas \u00abB\u00bb &#8211; Nuestro Ajedrez por la Igualdad<\/i><\/span><\/li>\n<\/ul>\n<\/ul>\n<div>\n<div class=\"MsoBodyText3\">\n<span style=\"font-family: Georgia, Times New Roman, serif\"><u>Este es el enlace con Chess-Results para poder seguir los<br \/>\nresultados y las clasificaciones:<\/u><\/span><\/div>\n<h4 style=\"text-align: center\">\n<span style=\"font-family: Georgia, Times New Roman, serif\"><u><a href=\"http:\/\/chess-results.com\/tnr177008.aspx?lan=2&amp;art=8&amp;wi=821\">COMPOSICI\u00d3N EQUIPOS<\/a><\/u><\/span><\/h4>\n<\/div>\n","protected":false},"excerpt":{"rendered":"<p>Este s\u00e1bado 13 de junio habr\u00e1 una nueva competici\u00f3n para los equipos sub-16 de los clubes que forman el proyecto \u201cNUESTRO AJEDREZ EN EUROPA\u201d. Ser\u00e1 en la escuela de gimnasia del Parque de las Tres Culturas, estando previsto su inicio a las 10 de la ma\u00f1ana y su finalizaci\u00f3n sobre las 6 de la tarde. [&hellip;]<\/p>\n","protected":false},"author":1,"featured_media":127,"comment_status":"open","ping_status":"closed","sticky":false,"template":"","format":"standard","meta":{"footnotes":""},"categories":[1],"tags":[],"class_list":["post-126","post","type-post","status-publish","format-standard","has-post-thumbnail","hentry","category-noticias"],"_links":{"self":[{"href":"https:\/\/www.bfv.cloud\/ajedrezeuropa\/wp-json\/wp\/v2\/posts\/126","targetHints":{"allow":["GET"]}}],"collection":[{"href":"https:\/\/www.bfv.cloud\/ajedrezeuropa\/wp-json\/wp\/v2\/posts"}],"about":[{"href":"https:\/\/www.bfv.cloud\/ajedrezeuropa\/wp-json\/wp\/v2\/types\/post"}],"author":[{"embeddable":true,"href":"https:\/\/www.bfv.cloud\/ajedrezeuropa\/wp-json\/wp\/v2\/users\/1"}],"replies":[{"embeddable":true,"href":"https:\/\/www.bfv.cloud\/ajedrezeuropa\/wp-json\/wp\/v2\/comments?post=126"}],"version-history":[{"count":1,"href":"https:\/\/www.bfv.cloud\/ajedrezeuropa\/wp-json\/wp\/v2\/posts\/126\/revisions"}],"predecessor-version":[{"id":129,"href":"https:\/\/www.bfv.cloud\/ajedrezeuropa\/wp-json\/wp\/v2\/posts\/126\/revisions\/129"}],"wp:featuredmedia":[{"embeddable":true,"href":"https:\/\/www.bfv.cloud\/ajedrezeuropa\/wp-json\/wp\/v2\/media\/127"}],"wp:attachment":[{"href":"https:\/\/www.bfv.cloud\/ajedrezeuropa\/wp-json\/wp\/v2\/media?parent=126"}],"wp:term":[{"taxonomy":"category","embeddable":true,"href":"https:\/\/www.bfv.cloud\/ajedrezeuropa\/wp-json\/wp\/v2\/categories?post=126"},{"taxonomy":"post_tag","embeddable":true,"href":"https:\/\/www.bfv.cloud\/ajedrezeuropa\/wp-json\/wp\/v2\/tags?post=126"}],"curies":[{"name":"wp","href":"https:\/\/api.w.org\/{rel}","templated":true}]}}