{"id":1260,"date":"2011-05-26T18:06:00","date_gmt":"2011-05-26T18:06:00","guid":{"rendered":"https:\/\/www.bfv.cloud\/ajedrezeuropa\/index.php\/2011\/05\/26\/5-de-nuestros-ajedrecistas-disputaran-el-regional-escolar-en-daimiel\/"},"modified":"2025-11-20T10:29:00","modified_gmt":"2025-11-20T10:29:00","slug":"5-de-nuestros-ajedrecistas-disputaran-el-regional-escolar-en-daimiel","status":"publish","type":"post","link":"https:\/\/www.bfv.cloud\/ajedrezeuropa\/5-de-nuestros-ajedrecistas-disputaran-el-regional-escolar-en-daimiel\/","title":{"rendered":"5 DE NUESTROS AJEDRECISTAS DISPUTAR\u00c1N EL REGIONAL ESCOLAR EN DAIMIEL"},"content":{"rendered":"<div style=\"border-bottom: medium none;border-left: medium none;border-right: medium none;border-top: medium none\"><span style=\"font-size: 14pt\">Del 28 al 31 de mayo se va a celebrar en Daimiel el Campeonato Regional del Deporte en Edad <em>Escolar <\/em>con la presencia de 4 chicos y una chica de nuestro proyecto. Este campeonato auton\u00f3mico clasificar\u00e1 a 6 chicos y otras&nbsp;tantas chicas para la final nacional por selecciones auton\u00f3micas que se jugar\u00e1 a finales de junio en Pamplona (Navarra). Las categor\u00edas en las que se divide esta fase&nbsp;castellano-manchega son:<\/span><\/div>\n<ol>\n<li style=\"border-bottom: medium none;border-left: medium none;border-right: medium none;border-top: medium none\"><span style=\"font-size: 14pt\">&#8211; <strong><u>Cadete masculino:<\/u><\/strong> 16 jugadores clasificados en total. Nuestros participantes: Daniel P\u00edriz Fern\u00e1ndez, Santiago Talavera Garc\u00eda y Jorge Sim\u00f3n Escalona (1\u00ba, 2\u00ba y 3\u00ba respectivamente de la fase provincial de Toledo).&nbsp;<a href=\"http:\/\/chess-results.com\/tnr49232.aspx?lan=2\">enlace para resultados y clasificaciones aqu\u00ed<\/a><\/span><\/li>\n<li><span style=\"font-size: 14pt\">&#8211; <strong><u>Cadete femenino:<\/u><\/strong> 13 jugadoras clasificadas en total. Esta es la \u00fanica categor\u00eda en la que no tendremos representaci\u00f3n. <a href=\"http:\/\/chess-results.com\/tnr48376.aspx?lan=2\">enlace aqu\u00ed<\/a><\/span><\/li>\n<li><span style=\"font-size: 14pt\">&#8211; <strong><u>Infantil masculino:<\/u><\/strong> 16 jugadores clasificados. Nuestro participante: Cosimo Leonardo de Giorgi Benavent (campe\u00f3n provincial de Ciudad Real). <a href=\"http:\/\/chess-results.com\/tnr49231.aspx?lan=2\">enlace para resultados y clasificaciones aqu\u00ed<\/a><\/span><\/li>\n<li style=\"border-bottom: medium none;border-left: medium none;border-right: medium none;border-top: medium none\"><span style=\"font-size: 14pt\">&#8211; <strong><u>Infantil femenino:<\/u><\/strong> 13 jugadoras clasificadas. Nuestra participante: Silvia Toribio Camu\u00f1as (subcampeona provincial de Toledo). <a href=\"http:\/\/chess-results.com\/tnr49230.aspx?lan=2\">informaci\u00f3n aqu\u00ed<\/a><\/span><\/li>\n<\/ol>\n<p><span style=\"font-size: 14pt\">El sistema de juego establecido por la organizaci\u00f3n es el suizo a 6 rondas, con un ritmo por partida de 1h 30\u00b4 + 30 segundos de incremento desde el primer movimiento por jugador.&nbsp;Sabedores de la dificultad que entra\u00f1a obtener su clasificaci\u00f3n para la fase final nacional en cualquier competici\u00f3n de este nivel, estamos en condiciones de esperar de todos lo mejor tanto en juego como en resultados, as\u00ed&nbsp;es que aprovechamos para desearles&nbsp;una excelente competici\u00f3n.<\/span><\/p>\n<div align=\"center\"><span style=\"font-size: 14pt\"><em><u>NOTA:<\/u>&nbsp;Tambi\u00e9n&nbsp;queremos recordaros a todos que, con motivo de estos campeonatos, del torneo de Mora y de otros compromisos relacionados con el ajedrez, este s\u00e1bado 28 de mayo y el 4 de junio no habr\u00e1 clases&nbsp;en las escuelas de Alc\u00e1zar&nbsp;y Villafranca. Como est\u00e1 previsto, en Alc\u00e1zar se reanudar\u00e1n el domingo 5 de junio&nbsp;y en Villafranca el s\u00e1bado 11 de junio en&nbsp;los horarios habituales.<\/em><\/span><\/div>\n<div align=\"center\">\n<\/div>\n<div class=\"separator\" style=\"clear: both;text-align: center\"><a href=\"https:\/\/www.bfv.cloud\/ajedrezeuropa\/wp-content\/uploads\/2011\/05\/Simultanea2011.jpg\" style=\"clear: left;float: left;margin-bottom: 1em;margin-right: 1em\"><img fetchpriority=\"high\" decoding=\"async\" border=\"0\" height=\"400\" src=\"https:\/\/blogger.googleusercontent.com\/img\/b\/R29vZ2xl\/AVvXsEici9tbQujx_QIy8UUfphhtZIKcRto3CXWA4P4mCGUEIH-E4i0csilBfKVoOX7jsL8Y5YroCHlV2hh0ExLeS4reduV0_xYNSvRzEda1-NfU-dLtGV6FFToCdKpsgOTQmpbgeWedJHZQkL4\/s400\/Simultanea+2011.jpg\" width=\"275\" \/><\/a><\/div>\n<div align=\"center\"><span style=\"font-size: 14pt\"><em><u>OTRAS ACTIVIDADES EN LAS QUE COLABORAMOS:<\/u> Como indic\u00e1bamos anteriormente el 4 de junio se celebrar\u00e1 la d\u00e9cima edici\u00f3n del \u00abTorneo del Aceite de Mora\u00bb, ya sab\u00e9is que si dese\u00e1is asistir deb\u00e9is inscribiros lo antes posible. Del mismo modo incluimos el cartel de la simult\u00e1nea que anualmente organizamos en colaboraci\u00f3n con el AMPA del C.P. Juan de Austria de Alc\u00e1zar.<\/em><\/span><\/p>\n<p><a href=\"https:\/\/www.bfv.cloud\/ajedrezeuropa\/wp-content\/uploads\/2011\/05\/CARTELDEMORA.jpg\" style=\"clear: right;float: right;margin-bottom: 1em;margin-left: 1em\"><img decoding=\"async\" border=\"0\" height=\"400\" src=\"https:\/\/blogger.googleusercontent.com\/img\/b\/R29vZ2xl\/AVvXsEh4vt_uyfJf5_3qDTkrVxbH_gBdMc4l0jBJq-gyos_9m1hmAMm3zH9EE_J3KfnGL6XXsK8HJinUR_ByIP-pKBw47nvS0ojaQtTzS299IYMlgV-M2Z0EuXHn7FlOgQ5lzeWPuKgfnQh2YBU\/s400\/CARTEL+DE+MORA.JPG\" width=\"282\" \/><\/a><\/div>\n","protected":false},"excerpt":{"rendered":"<p>Del 28 al 31 de mayo se va a celebrar en Daimiel el Campeonato Regional del Deporte en Edad Escolar con la presencia de 4 chicos y una chica de nuestro proyecto. Este campeonato auton\u00f3mico clasificar\u00e1 a 6 chicos y otras&nbsp;tantas chicas para la final nacional por selecciones auton\u00f3micas que se jugar\u00e1 a finales de [&hellip;]<\/p>\n","protected":false},"author":1,"featured_media":1261,"comment_status":"open","ping_status":"closed","sticky":false,"template":"","format":"standard","meta":{"footnotes":""},"categories":[1],"tags":[],"class_list":["post-1260","post","type-post","status-publish","format-standard","has-post-thumbnail","hentry","category-noticias"],"_links":{"self":[{"href":"https:\/\/www.bfv.cloud\/ajedrezeuropa\/wp-json\/wp\/v2\/posts\/1260","targetHints":{"allow":["GET"]}}],"collection":[{"href":"https:\/\/www.bfv.cloud\/ajedrezeuropa\/wp-json\/wp\/v2\/posts"}],"about":[{"href":"https:\/\/www.bfv.cloud\/ajedrezeuropa\/wp-json\/wp\/v2\/types\/post"}],"author":[{"embeddable":true,"href":"https:\/\/www.bfv.cloud\/ajedrezeuropa\/wp-json\/wp\/v2\/users\/1"}],"replies":[{"embeddable":true,"href":"https:\/\/www.bfv.cloud\/ajedrezeuropa\/wp-json\/wp\/v2\/comments?post=1260"}],"version-history":[{"count":1,"href":"https:\/\/www.bfv.cloud\/ajedrezeuropa\/wp-json\/wp\/v2\/posts\/1260\/revisions"}],"predecessor-version":[{"id":1263,"href":"https:\/\/www.bfv.cloud\/ajedrezeuropa\/wp-json\/wp\/v2\/posts\/1260\/revisions\/1263"}],"wp:featuredmedia":[{"embeddable":true,"href":"https:\/\/www.bfv.cloud\/ajedrezeuropa\/wp-json\/wp\/v2\/media\/1261"}],"wp:attachment":[{"href":"https:\/\/www.bfv.cloud\/ajedrezeuropa\/wp-json\/wp\/v2\/media?parent=1260"}],"wp:term":[{"taxonomy":"category","embeddable":true,"href":"https:\/\/www.bfv.cloud\/ajedrezeuropa\/wp-json\/wp\/v2\/categories?post=1260"},{"taxonomy":"post_tag","embeddable":true,"href":"https:\/\/www.bfv.cloud\/ajedrezeuropa\/wp-json\/wp\/v2\/tags?post=1260"}],"curies":[{"name":"wp","href":"https:\/\/api.w.org\/{rel}","templated":true}]}}