{"id":1267,"date":"2011-03-02T21:46:00","date_gmt":"2011-03-02T21:46:00","guid":{"rendered":"https:\/\/www.bfv.cloud\/ajedrezeuropa\/index.php\/2011\/03\/02\/emocionante-segunda-jornada-del-provincial-por-equipos-de-toledo\/"},"modified":"2025-11-20T10:29:05","modified_gmt":"2025-11-20T10:29:05","slug":"emocionante-segunda-jornada-del-provincial-por-equipos-de-toledo","status":"publish","type":"post","link":"https:\/\/www.bfv.cloud\/ajedrezeuropa\/emocionante-segunda-jornada-del-provincial-por-equipos-de-toledo\/","title":{"rendered":"EMOCIONANTE SEGUNDA JORNADA DEL PROVINCIAL POR EQUIPOS DE TOLEDO"},"content":{"rendered":"<p>\ufeff <\/p>\n<table cellpadding=\"0\" cellspacing=\"0\" class=\"tr-caption-container\" style=\"float: left;margin-right: 1em;text-align: left\">\n<tbody>\n<tr>\n<td style=\"text-align: center\"><a href=\"https:\/\/www.bfv.cloud\/ajedrezeuropa\/wp-content\/uploads\/2011\/03\/villafrancacontratalavera.jpg\" style=\"clear: left;margin-bottom: 1em;margin-left: auto;margin-right: auto\"><img fetchpriority=\"high\" decoding=\"async\" border=\"0\" height=\"300\" src=\"https:\/\/blogger.googleusercontent.com\/img\/b\/R29vZ2xl\/AVvXsEiZ-dIibjC_drzPlIvFF3W6WEeWvz3ex6K6GxT9FTxR7H6Cdv7M-FY5Hgqu72NVkhSuzloOTW27ehORLk1r5YXO9SvupfHAscJ0571UBVUzIiU4c53PnsH1Ng9Vd7jnYA_jl7SZdD5vpCs\/s400\/villafranca++contra+talavera.jpg\" width=\"400\" \/><\/a><\/td>\n<\/tr>\n<tr>\n<td class=\"tr-caption\" style=\"text-align: center\">En la 4\u00aa ronda se enfrentaron los equipos que lideran el campeonato:<br \/>\nTalavera \u00abA\u00bb&nbsp; 3 &#8211; Nuestro Ajedrez en Europa \u00abA\u00bb&nbsp; 1<\/td>\n<\/tr>\n<\/tbody>\n<\/table>\n<p>\ufeff <strong><span style=\", Arial, Helvetica, sans-serif\">El pasado domingo se disput\u00f3 la&nbsp;interesante 2\u00aa jornada del Campeonato&nbsp;por Equipos de Toledo. Tanto la 3\u00aa ronda como la 4\u00aa ofrecieron enfrentamientos que, probablemente, resultar\u00e1n decisivos para la clasificaci\u00f3n final. Para los j\u00f3venes jugadores de nuestros 4 equipos&nbsp;est\u00e1 siendo una buena oportunidad para coger ritmo de competici\u00f3n, antes del comienzo de los regionales individuales y el absoluto por clubes. <\/span><\/strong><\/p>\n<p><strong><span style=\", Arial, Helvetica, sans-serif\">Despu\u00e9s de los resultados del fin de semana, la clasificaci\u00f3n provisional est\u00e1 encabezada por el Club de Ajedrez Talavera \u00abA\u00bb&nbsp;con 13,5 puntos, seguido de los chicos de Nuestro Ajedrez en Europa \u00abA\u00bb con 12,5 puntos, que tras&nbsp;vencer 4-0 al Club de Ajedrez Oca\u00f1a en la&nbsp;ronda de la ma\u00f1ana,&nbsp;en la de la tarde cayeron derrotados ante la propia Talavera por 3-1. En 3\u00aa posici\u00f3n se encuentra A\u00f1over a tan s\u00f3lo 1 punto de distancia, seguido de Sonseca \u00abA\u00bb con 9,5. No obstante, las partidas del pr\u00f3ximo domingo 6 de marzo, seguro que aclarar\u00e1n las posibilidades de los candidatos a la victoria final, ya que la 5\u00aa ronda ha emparejado a A\u00f1over contra Talavera \u00abA\u00bb en la mesa 1, y a Nuestro Ajedrez en Europa \u00abA\u00bb con Sonseca \u00abA\u00bb en la mesa 2. <\/span><\/strong><br \/>\n<strong><span style=\", Arial, Helvetica, sans-serif\">Por lo que respecta a&nbsp;los otros 3 equipos, el \u00abB\u00bb de Nuestro Ajedrez en Europa, con 8 puntos,&nbsp;ocupa la&nbsp;8\u00aa plaza y&nbsp;su pr\u00f3ximo enfrentamiento ser\u00e1 con Oca\u00f1a,&nbsp;&nbsp;mientras que los 2 de Nuestro Ajedrez por la Igualdad estan situados, el \u00abA\u00bb 13\u00ba con 5,5 puntos y el \u00abB\u00bb&nbsp;cierra la provisional en el lugar&nbsp;16\u00ba con 4 puntos, tras haber&nbsp;alcanzado su primera victoria frente a Sonseca \u00abB\u00bb. &nbsp;Sus pr\u00f3ximos rivales son, respectivamente, Bargas \u00abB\u00bb y Los Navalmorales. <\/span><\/strong><br \/>\n<strong><span style=\"font-family: Arial\">Para seguir la clasificaci\u00f3n y los resultados, pulsa <a href=\"http:\/\/chess-results.com\/tnr44451.aspx?art=3&amp;rd=5&amp;lan=2&amp;m=-1&amp;wi=1000\">aqu\u00ed<\/a><\/span><\/strong><br \/>\n\ufeff <\/p>\n<table align=\"center\" cellpadding=\"0\" cellspacing=\"0\" class=\"tr-caption-container\" style=\"margin-left: auto;margin-right: auto;text-align: center\">\n<tbody>\n<tr>\n<td style=\"text-align: center\"><a href=\"https:\/\/www.bfv.cloud\/ajedrezeuropa\/wp-content\/uploads\/2011\/03\/blancayjesusmarA\u00ada.jpg\" style=\"margin-left: auto;margin-right: auto\"><img decoding=\"async\" border=\"0\" height=\"300\" src=\"https:\/\/www.bfv.cloud\/ajedrezeuropa\/wp-content\/uploads\/2011\/03\/blancayjesusmar25C325ADa.jpg\" width=\"400\" \/><\/a><\/td>\n<\/tr>\n<tr>\n<td class=\"tr-caption\" style=\"text-align: center\">Jes\u00fas Mar\u00eda y Blanca, tableros 1 y 2 contra Sonseca \u00abB\u00bb<\/td>\n<\/tr>\n<\/tbody>\n<\/table>\n<p>\ufeff<\/p>\n","protected":false},"excerpt":{"rendered":"<p>\ufeff En la 4\u00aa ronda se enfrentaron los equipos que lideran el campeonato: Talavera \u00abA\u00bb&nbsp; 3 &#8211; Nuestro Ajedrez en Europa \u00abA\u00bb&nbsp; 1 \ufeff El pasado domingo se disput\u00f3 la&nbsp;interesante 2\u00aa jornada del Campeonato&nbsp;por Equipos de Toledo. Tanto la 3\u00aa ronda como la 4\u00aa ofrecieron enfrentamientos que, probablemente, resultar\u00e1n decisivos para la clasificaci\u00f3n final. Para [&hellip;]<\/p>\n","protected":false},"author":1,"featured_media":1268,"comment_status":"open","ping_status":"closed","sticky":false,"template":"","format":"standard","meta":{"footnotes":""},"categories":[1],"tags":[],"class_list":["post-1267","post","type-post","status-publish","format-standard","has-post-thumbnail","hentry","category-noticias"],"_links":{"self":[{"href":"https:\/\/www.bfv.cloud\/ajedrezeuropa\/wp-json\/wp\/v2\/posts\/1267","targetHints":{"allow":["GET"]}}],"collection":[{"href":"https:\/\/www.bfv.cloud\/ajedrezeuropa\/wp-json\/wp\/v2\/posts"}],"about":[{"href":"https:\/\/www.bfv.cloud\/ajedrezeuropa\/wp-json\/wp\/v2\/types\/post"}],"author":[{"embeddable":true,"href":"https:\/\/www.bfv.cloud\/ajedrezeuropa\/wp-json\/wp\/v2\/users\/1"}],"replies":[{"embeddable":true,"href":"https:\/\/www.bfv.cloud\/ajedrezeuropa\/wp-json\/wp\/v2\/comments?post=1267"}],"version-history":[{"count":1,"href":"https:\/\/www.bfv.cloud\/ajedrezeuropa\/wp-json\/wp\/v2\/posts\/1267\/revisions"}],"predecessor-version":[{"id":1271,"href":"https:\/\/www.bfv.cloud\/ajedrezeuropa\/wp-json\/wp\/v2\/posts\/1267\/revisions\/1271"}],"wp:featuredmedia":[{"embeddable":true,"href":"https:\/\/www.bfv.cloud\/ajedrezeuropa\/wp-json\/wp\/v2\/media\/1268"}],"wp:attachment":[{"href":"https:\/\/www.bfv.cloud\/ajedrezeuropa\/wp-json\/wp\/v2\/media?parent=1267"}],"wp:term":[{"taxonomy":"category","embeddable":true,"href":"https:\/\/www.bfv.cloud\/ajedrezeuropa\/wp-json\/wp\/v2\/categories?post=1267"},{"taxonomy":"post_tag","embeddable":true,"href":"https:\/\/www.bfv.cloud\/ajedrezeuropa\/wp-json\/wp\/v2\/tags?post=1267"}],"curies":[{"name":"wp","href":"https:\/\/api.w.org\/{rel}","templated":true}]}}