{"id":1272,"date":"2023-03-14T12:53:00","date_gmt":"2023-03-14T12:53:00","guid":{"rendered":"https:\/\/www.bfv.cloud\/ajedrezeuropa\/index.php\/2023\/03\/14\/nuestro-ajedrez-por-la-igualdad-obtiene-una-nueva-campeona-en-el-provincial-por-edades-de-ciudad-real\/"},"modified":"2025-11-20T10:29:06","modified_gmt":"2025-11-20T10:29:06","slug":"nuestro-ajedrez-por-la-igualdad-obtiene-una-nueva-campeona-en-el-provincial-por-edades-de-ciudad-real","status":"publish","type":"post","link":"https:\/\/www.bfv.cloud\/ajedrezeuropa\/nuestro-ajedrez-por-la-igualdad-obtiene-una-nueva-campeona-en-el-provincial-por-edades-de-ciudad-real\/","title":{"rendered":"NUESTRO AJEDREZ POR LA IGUALDAD OBTIENE UNA NUEVA CAMPEONA EN EL PROVINCIAL POR EDADES DE CIUDAD REAL"},"content":{"rendered":"<table cellpadding=\"0\" cellspacing=\"0\" class=\"tr-caption-container\" style=\"margin-left: auto;margin-right: auto;text-align: right\">\n<tbody>\n<tr>\n<td style=\"text-align: center\"><a href=\"https:\/\/www.bfv.cloud\/ajedrezeuropa\/wp-content\/uploads\/2023\/03\/ELVIRA20CAMPEONA20C20REAL20SUB12.jpeg\" style=\"margin-left: auto;margin-right: auto\"><img fetchpriority=\"high\" decoding=\"async\" border=\"0\" data-original-height=\"1217\" data-original-width=\"1102\" height=\"400\" src=\"https:\/\/blogger.googleusercontent.com\/img\/b\/R29vZ2xl\/AVvXsEhRMs6RbpyQhhcxVRFI9ZJp7BPwNr7P6Z3PkEM0FTCgNJpPNpgQ87LoW9-DRPvqn3QzjAM-jsZ9WQzsfkqeqUssQOjJmTSfn6gH-mP-DuYX6GCEQfqQkZVTIgcFKlCEJaT1X7_Gt4d-MNgq4ZI-RIDkULmDS9bvDr1LTNZ5xg1wuV_l-e0iylnlAXcg\/w363-h400\/ELVIRA%20CAMPEONA%20C%20REAL%20SUB12.jpeg\" width=\"363\" \/><\/a><\/td>\n<\/tr>\n<tr>\n<td class=\"tr-caption\" style=\"text-align: center\">Elvira con el trofeo de campeona sub12 de C. Real<\/td>\n<\/tr>\n<\/tbody>\n<\/table>\n<div style=\"text-align: right\">&nbsp;<\/div>\n<div style=\"text-align: left\"><span style=\"font-family: helvetica;font-size: large\">La escuela de ajedrez de Alc\u00e1zar de San Juan obtiene un nuevo t\u00edtulo provincial en el recientemente finalizado campeonato provincial por edades de Ciudad Real. <b>Elvira Cicuendez Quino<\/b>, del club Nuestro Ajedrez por la Igualdad, se alzaba con la primera posici\u00f3n en la categor\u00eda femenina del sub-12. Junto a ella, dentro del sub-12, han destacado: <b>Unai Ortega Hern\u00e1ndez<\/b> (4\u00ba), <b>Diego Katwala<\/b>&nbsp;<b>Mu\u00f1oz<\/b>(5\u00ba), <b>Carlos Morales Rodr\u00edguez<\/b> (10\u00ba), <b>Alejandro Katwala Mu\u00f1oz<\/b> (13\u00ba) y <b>Jorge Arias Riveira<\/b> (14\u00ba).<\/span><\/div>\n<div style=\"text-align: left\"><span style=\"font-family: helvetica;font-size: large\"><br \/><\/span><\/div>\n<div style=\"text-align: left\"><span style=\"font-family: helvetica;font-size: large\"><u><i>Destacados resultados en las categor\u00edas sub-14 y sub-10<\/i><\/u><\/span><\/div>\n<div style=\"text-align: left\"><span style=\"font-family: helvetica;font-size: large\"><u><br \/><\/u><\/span><\/div>\n<div style=\"text-align: left\"><span style=\"font-family: helvetica;font-size: large\">Los otros 2 torneos con representaci\u00f3n de alumnos de la escuela de Alc\u00e1zar, tambi\u00e9n han ofrecido resultados importantes:<\/span><\/div>\n<div style=\"text-align: left\"><span style=\"font-family: helvetica;font-size: large\"><u>Sub-14:<\/u>&nbsp;<b>Luis Arias Riveira<\/b> (6\u00ba) y&nbsp;<b>Santiago Linares N\u00fa\u00f1ez<\/b> (9\u00ba)<\/span><\/div>\n<div style=\"text-align: left\"><span style=\"font-family: helvetica;font-size: large\"><u>Sub-10:<\/u>&nbsp;<b>Pablo D\u00edaz-Oliver Rodr\u00edguez-Escalona <\/b>(4\u00ba), <b>Alonso Linares N\u00fa\u00f1ez <\/b>(10\u00ba) y <b>Jorge Rodr\u00edguez Mart\u00ednez<\/b> (12\u00ba)<\/span><\/div>\n<div style=\"text-align: left\"><span style=\"font-family: helvetica;font-size: large\"><br \/><\/span><\/div>\n<div style=\"text-align: left\"><span style=\"font-family: helvetica;font-size: large\"><u><i>El pr\u00f3ximo Campeonato Regional por Edades contar\u00e1 con 10 ajedrecistas de Nuestro Ajedrez en Europa<\/i><\/u><\/span><\/div>\n<div style=\"text-align: left\"><\/div>\n<div style=\"text-align: left\"><span style=\"font-family: helvetica;font-size: large\">Del 31 de marzo al 3 de abril el hotel Beatriz de Albacete acoger\u00e1 el campeonato de Castilla-La Mancha por edades. El proyecto Nuestro Ajedrez en Europa contar\u00e1 con la participaci\u00f3n de 10 ajedrecistas repartidos por las categor\u00edas sub-10, sub-12, sub-14, sub-16 y sub-18. De ellos, 2 son campeones de Toledo y una campeona de Ciudad Real.<\/span><\/div><\/p>\n","protected":false},"excerpt":{"rendered":"<p>Elvira con el trofeo de campeona sub12 de C. Real &nbsp; La escuela de ajedrez de Alc\u00e1zar de San Juan obtiene un nuevo t\u00edtulo provincial en el recientemente finalizado campeonato provincial por edades de Ciudad Real. Elvira Cicuendez Quino, del club Nuestro Ajedrez por la Igualdad, se alzaba con la primera posici\u00f3n en la categor\u00eda [&hellip;]<\/p>\n","protected":false},"author":1,"featured_media":1273,"comment_status":"open","ping_status":"closed","sticky":false,"template":"","format":"standard","meta":{"footnotes":""},"categories":[1],"tags":[],"class_list":["post-1272","post","type-post","status-publish","format-standard","has-post-thumbnail","hentry","category-noticias"],"_links":{"self":[{"href":"https:\/\/www.bfv.cloud\/ajedrezeuropa\/wp-json\/wp\/v2\/posts\/1272","targetHints":{"allow":["GET"]}}],"collection":[{"href":"https:\/\/www.bfv.cloud\/ajedrezeuropa\/wp-json\/wp\/v2\/posts"}],"about":[{"href":"https:\/\/www.bfv.cloud\/ajedrezeuropa\/wp-json\/wp\/v2\/types\/post"}],"author":[{"embeddable":true,"href":"https:\/\/www.bfv.cloud\/ajedrezeuropa\/wp-json\/wp\/v2\/users\/1"}],"replies":[{"embeddable":true,"href":"https:\/\/www.bfv.cloud\/ajedrezeuropa\/wp-json\/wp\/v2\/comments?post=1272"}],"version-history":[{"count":1,"href":"https:\/\/www.bfv.cloud\/ajedrezeuropa\/wp-json\/wp\/v2\/posts\/1272\/revisions"}],"predecessor-version":[{"id":1274,"href":"https:\/\/www.bfv.cloud\/ajedrezeuropa\/wp-json\/wp\/v2\/posts\/1272\/revisions\/1274"}],"wp:featuredmedia":[{"embeddable":true,"href":"https:\/\/www.bfv.cloud\/ajedrezeuropa\/wp-json\/wp\/v2\/media\/1273"}],"wp:attachment":[{"href":"https:\/\/www.bfv.cloud\/ajedrezeuropa\/wp-json\/wp\/v2\/media?parent=1272"}],"wp:term":[{"taxonomy":"category","embeddable":true,"href":"https:\/\/www.bfv.cloud\/ajedrezeuropa\/wp-json\/wp\/v2\/categories?post=1272"},{"taxonomy":"post_tag","embeddable":true,"href":"https:\/\/www.bfv.cloud\/ajedrezeuropa\/wp-json\/wp\/v2\/tags?post=1272"}],"curies":[{"name":"wp","href":"https:\/\/api.w.org\/{rel}","templated":true}]}}