{"id":1278,"date":"2013-04-07T23:22:00","date_gmt":"2013-04-07T23:22:00","guid":{"rendered":"https:\/\/www.bfv.cloud\/ajedrezeuropa\/index.php\/2013\/04\/07\/nuestro-ajedrez-en-europa-alcanza-su-mayor-exito-en-un-regional-por-edades\/"},"modified":"2025-11-20T10:29:16","modified_gmt":"2025-11-20T10:29:16","slug":"nuestro-ajedrez-en-europa-alcanza-su-mayor-exito-en-un-regional-por-edades","status":"publish","type":"post","link":"https:\/\/www.bfv.cloud\/ajedrezeuropa\/nuestro-ajedrez-en-europa-alcanza-su-mayor-exito-en-un-regional-por-edades\/","title":{"rendered":"NUESTRO AJEDREZ EN EUROPA ALCANZA SU MAYOR \u00c9XITO EN UN REGIONAL POR EDADES"},"content":{"rendered":"<table align=\"center\" cellpadding=\"0\" cellspacing=\"0\" class=\"tr-caption-container\" style=\"float: left;margin-right: 1em;text-align: left\">\n<tbody>\n<tr>\n<td style=\"text-align: center\"><a href=\"https:\/\/www.bfv.cloud\/ajedrezeuropa\/wp-content\/uploads\/2013\/04\/CAMPEONATOREGIONALEDADES2013058.jpg\" style=\"margin-left: auto;margin-right: auto\"><img fetchpriority=\"high\" decoding=\"async\" border=\"0\" height=\"203\" src=\"https:\/\/blogger.googleusercontent.com\/img\/b\/R29vZ2xl\/AVvXsEgDXUqYPr03Mrsnjhyl8kMTy3W42ugz-XblMjQMGuI-90FnrgMK6pXLzhHb6e2aRgqGYx1rGMXRU7WfbLKJ3bzXvyErU4aysRctl3RkNgQ_WN16W7srzIosttPYnOMY4He9v3SW4jNAUJ8\/s400\/CAMPEONATO+REGIONAL+EDADES+2013+058.jpg\" width=\"400\" \/><\/a><\/td>\n<\/tr>\n<tr>\n<td class=\"tr-caption\" style=\"text-align: center\">Los 20 ajedrecistas de Nuestro Ajedrez en Europa reunidos<br \/>\nal finalizar el acto de entrega de premios<\/td>\n<\/tr>\n<\/tbody>\n<\/table>\n<p><span style=\"font-family: Verdana, sans-serif\"><b><u>3 t\u00edtulos de campeones, 2 de subcampeones y un tercer puesto<\/u><\/b><\/span><br \/>\n<span style=\"font-family: Verdana, sans-serif\">Despu\u00e9s de 3 d\u00edas de competici\u00f3n ha finalizado el Campeonato de Castilla-La Mancha por Edades en la localidad manchega de Tomelloso. Los resultados deportivos para nuestros 20 ajedrecistas han sido los mejores de cuantos se han producido a lo largo del tiempo de participaci\u00f3n de las escuelas de Alc\u00e1zar y Villafranca en este regional. La obtenci\u00f3n de las medallas de oro en el sub-14 masculino y femenino, gracias al juego desarrollado por <b>Javier Valdepe\u00f1as <\/b>e <b>Irene Sim\u00f3n<\/b>, junto al otro t\u00edtulo de campeona regional logrado por <b>Isabel Marcos-Alberca<\/b> en el sub-12, as\u00ed como las medallas de plata de <b>Jorge Sim\u00f3n <\/b>&nbsp;y <b>Nuria Lozano<\/b> en las categor\u00edas de mayor y menor edad, sub-18 y sub-8 respectivamente, a\u00f1adidas al bronce en el sub-12 femenino de <b>Julia Meza<\/b>, permiten calificar este campeonato auton\u00f3mico de hist\u00f3rico para nuestro proyecto.<\/span><\/p>\n<table cellpadding=\"0\" cellspacing=\"0\" class=\"tr-caption-container\" style=\"float: left;margin-right: 1em;text-align: left\">\n<tbody>\n<tr>\n<td style=\"text-align: center\"><a href=\"https:\/\/www.bfv.cloud\/ajedrezeuropa\/wp-content\/uploads\/2013\/04\/CAMPEONATOREGIONALEDADES2013048.jpg\" style=\"clear: left;margin-bottom: 1em;margin-left: auto;margin-right: auto\"><img decoding=\"async\" border=\"0\" height=\"315\" src=\"https:\/\/blogger.googleusercontent.com\/img\/b\/R29vZ2xl\/AVvXsEg9XDxNW_5bHaIMx2RlqYKJYdbF2YzqC5QVeN5gbiKq-4SxMKJzRW6DV8EmZesKaf9dNWlH93ZbPF5Zb3GsgS9-eHRvuoRxUfWk078Mp9FXdJaSENsC5HsiuAfPFcAMD8ZAnFqvV2DHQSY\/s400\/CAMPEONATO+REGIONAL+EDADES+2013+048.jpg\" width=\"400\" \/><\/a><\/td>\n<\/tr>\n<tr>\n<td class=\"tr-caption\" style=\"text-align: center\">Isabel Marcos-Alberca, en el centro, nueva campeona regional <br \/>\nfemenina sub-12,&nbsp;junto a Julia Meza, a la derecha, 3\u00aa clasificada<\/td>\n<\/tr>\n<\/tbody>\n<\/table>\n<p><span style=\"font-family: Verdana, sans-serif\"><b><u>Los magn\u00edficos resultados de otros 14 chicos y chicas<\/u><\/b><\/span><br \/>\n<span style=\"font-family: Verdana, sans-serif\">El rendimiento del resto de nuestros jugadores tambi\u00e9n ha sido muy notable. Comenzando por el sub-18 estas han sido sus clasificaciones:<\/span><\/p>\n<div style=\"text-align: center\">\n&nbsp;<span style=\"font-family: Verdana, sans-serif\">&#8211; 5\u00ba. <b>Jos\u00e9 \u00c1ngel Vela<\/b><\/span><\/div>\n<div style=\"text-align: center\">\n<span style=\"font-family: Verdana, sans-serif\">&#8211; 6\u00ba. <b>Daniel P\u00edriz<\/b><\/span><\/div>\n<div style=\"text-align: center\">\n<span style=\"font-family: Verdana, sans-serif\">&#8211; 7\u00ba. <b>Carlos \u00c1lvarez<\/b><\/span><\/div>\n<div style=\"text-align: center\">\n<span style=\"font-family: Verdana, sans-serif\">&#8211; 14\u00ba. <b>Jes\u00fas M\u00aa Bricio<\/b><\/span><\/div>\n<div style=\"text-align: center\">\n<span style=\"font-family: Verdana, sans-serif\"><br \/><\/span><\/div>\n<div style=\"text-align: center\">\n<span style=\"font-family: Verdana, sans-serif\"><u>Sub-16<\/u><\/span><\/div>\n<div style=\"text-align: center\">\n<span style=\"font-family: Verdana, sans-serif\">6\u00ba. <b>Isaac Lozano<\/b><\/span><\/div>\n<div style=\"text-align: center\">\n<span style=\"font-family: Verdana, sans-serif\">7\u00ba. <b>Leo de Giorgi<\/b><\/span><\/div>\n<div style=\"text-align: center\">\n<span style=\"font-family: Verdana, sans-serif\">6\u00aa femenina. <b>Silvia Toribio<\/b><\/span><\/div>\n<div style=\"text-align: center\">\n<span style=\"font-family: Verdana, sans-serif\"><b><br \/><\/b><\/span><\/div>\n<div style=\"text-align: center\">\n<\/div>\n<table cellpadding=\"0\" cellspacing=\"0\" class=\"tr-caption-container\" style=\"float: right;margin-left: 1em;text-align: right\">\n<tbody>\n<tr>\n<td style=\"text-align: center\"><a href=\"https:\/\/www.bfv.cloud\/ajedrezeuropa\/wp-content\/uploads\/2013\/04\/CAMPEONATOREGIONALEDADES2013055.jpg\" style=\"clear: right;margin-bottom: 1em;margin-left: auto;margin-right: auto\"><img decoding=\"async\" border=\"0\" height=\"317\" src=\"https:\/\/blogger.googleusercontent.com\/img\/b\/R29vZ2xl\/AVvXsEjM3NOPNIN5cmfDF2fv9BPTUo5NisO1JPKObxf_EthHmGhaOvJY2f05oyTJMrT3V90DRzaD6Ff3Ny8HV9-7E9Mq60LK3w1S2_Mg_-gHWnwxhAY_h56L8yjoJDfnA1PWZ38B56LfBsoVcyI\/s400\/CAMPEONATO+REGIONAL+EDADES+2013+055.jpg\" width=\"400\" \/><\/a><\/td>\n<\/tr>\n<tr>\n<td class=\"tr-caption\" style=\"text-align: center\">El flamante campe\u00f3n sub-14, Javier Valdepe\u00f1as, compartiendo foto<br \/>\ncon el subcampe\u00f3n, Miguel Perales<\/td>\n<\/tr>\n<\/tbody>\n<\/table>\n<div style=\"text-align: center\">\n&nbsp;<span style=\"font-family: Verdana, sans-serif\"><u>Sub-14<\/u><\/span><\/div>\n<div style=\"text-align: center\">\n<span style=\"font-family: Verdana, sans-serif\">6\u00aa femenina. <b>Alba P\u00edriz<\/b><\/span><\/div>\n<div style=\"text-align: center\">\n<span style=\"font-family: Verdana, sans-serif\"><b><br \/><\/b><\/span><\/div>\n<div style=\"text-align: center\">\n<span style=\"font-family: Verdana, sans-serif\"><u>Sub-12<\/u><\/span><\/div>\n<div style=\"text-align: center\">\n<span style=\"font-family: Verdana, sans-serif\">18\u00ba. <b>Julio M\u00e9rida<\/b><\/span><\/div>\n<div style=\"text-align: center\">\n<span style=\"font-family: Verdana, sans-serif\">20\u00ba. <b>Enrique Velasco<\/b><\/span><\/div>\n<div style=\"text-align: center\">\n<span style=\"font-family: Verdana, sans-serif\">22\u00ba. <b>Arturo Mate<\/b><\/span><\/div>\n<div style=\"text-align: center\">\n<span style=\"font-family: Verdana, sans-serif\">25\u00ba. <b>Pablo Vela<\/b><\/span><\/div>\n<div style=\"text-align: center\">\n<span style=\"font-family: Verdana, sans-serif\"><b><br \/><\/b><\/span><\/div>\n<div style=\"text-align: center\">\n<span style=\"font-family: Verdana, sans-serif\"><u>Sub-10<\/u><\/span><\/div>\n<div style=\"text-align: center\">\n<span style=\"font-family: Verdana, sans-serif\">22\u00ba. <b>\u00d3scar Roncero<\/b><\/span><\/div>\n<div style=\"text-align: center\">\n<span style=\"font-family: Verdana, sans-serif\">5\u00aa femenina. <b>Mar\u00eda Oliver<\/b><\/span><\/div>\n<div style=\"text-align: center\">\n<span style=\"font-family: Verdana, sans-serif\"><b><br \/><\/b><\/span><\/div>\n<div style=\"text-align: left\">\n<span style=\"font-family: Verdana, sans-serif\">El pr\u00f3ximo mes de julio, al menos las 2 chicas y el chico campeones de Castilla-La Mancha, llevar\u00e1n el nombre de nuestro proyecto a la fase final de los campeonatos de Espa\u00f1a que se celebrar\u00e1n por segundo a\u00f1o consecutivo en la localidad granadina de Salobre\u00f1a.<\/span><\/div>\n<div style=\"text-align: left\">\n<span style=\"font-family: Verdana, sans-serif\">Ahora, es el momento de reconocer todo el trabajo de entrenamiento y ense\u00f1anza del monitor de nuestros equipos Luismi Monreal y de los jugadores de la categor\u00eda sub-18 que han apoyado en las labores de an\u00e1lisis y entrenamiento a sus compa\u00f1eros de menor edad.<\/span><\/div>\n<div style=\"text-align: left\">\n<span style=\"font-family: Verdana, sans-serif\"><br \/><\/span><\/div>\n<div style=\"text-align: center\">\n<span style=\"font-family: Verdana, sans-serif\"><b><u>Un esfuerzo organizativo<\/u><\/b><\/span><\/div>\n<div style=\"text-align: left\">\n<span style=\"font-family: Verdana, sans-serif\">Al margen de lo deportivo, una de las caracter\u00edsticas m\u00e1s interesantes de la organizaci\u00f3n de este campeonato celebrado en Tomelloso, ha sido el esfuerzo en ofrecer a los propios jugadores y sus acompa\u00f1antes otras actividades que han aportado un mayor valor a\u00f1adido a lo estrictamente competitivo.&nbsp;<\/span><\/div>\n<table cellpadding=\"0\" cellspacing=\"0\" class=\"tr-caption-container\" style=\"float: right;margin-left: 1em;text-align: right\">\n<tbody>\n<tr>\n<td style=\"text-align: center\"><a href=\"https:\/\/www.bfv.cloud\/ajedrezeuropa\/wp-content\/uploads\/2013\/04\/CAMPEONATOREGIONALEDADES2013050.jpg\" style=\"clear: right;margin-bottom: 1em;margin-left: auto;margin-right: auto\"><img loading=\"lazy\" decoding=\"async\" border=\"0\" height=\"276\" src=\"https:\/\/blogger.googleusercontent.com\/img\/b\/R29vZ2xl\/AVvXsEhpZGRE2S_YiplPuoUZsV_3rGcu8_yRIuRF6XfzSsVtzKdW5C16aTHnO1tD5HWU_fm06bKeeQ_dNp55a1fA9pXUS1BLZBr9sER6413f_HlTEwiy6ur8Pce30GXaruOnSwIHJ59N1pyAQSA\/s400\/CAMPEONATO+REGIONAL+EDADES+2013+050.jpg\" width=\"400\" \/><\/a><\/td>\n<\/tr>\n<tr>\n<td class=\"tr-caption\" style=\"text-align: center\">Irene Sim\u00f3n, en el centro de la imagen, vencedora de la categor\u00eda<br \/>\nsub-14 femenina de Castilla-La Mancha<\/td>\n<\/tr>\n<\/tbody>\n<\/table>\n<p>&nbsp;<span style=\"font-family: Verdana, sans-serif\">De esta forma, queremos agradecer a todos los miembros del Club de Ajedrez Tomelloso, y al equipo t\u00e9cnico y arbitral, todo el trabajo realizado para facilitar la estancia de nuestra delegaci\u00f3n durante estos 3 d\u00edas. Especialmente destacamos el empe\u00f1o puesto por Juan Jos\u00e9 Losa y \u00c1ngel Luis L\u00f3pez para que todo haya salido correctamente, adem\u00e1s de agradecer el trato recibido por el personal del hotel Altora, &nbsp;que ha servido de sede para todos nuestros jugadores, delegados, entrenadores y familiares.<\/span><\/p>\n<table cellpadding=\"0\" cellspacing=\"0\" class=\"tr-caption-container\" style=\"float: left;margin-right: 1em;text-align: left\">\n<tbody>\n<tr>\n<td style=\"text-align: center\"><a href=\"https:\/\/www.bfv.cloud\/ajedrezeuropa\/wp-content\/uploads\/2013\/04\/CAMPEONATOREGIONALEDADES2013046.jpg\" style=\"clear: left;margin-bottom: 1em;margin-left: auto;margin-right: auto\"><img loading=\"lazy\" decoding=\"async\" border=\"0\" height=\"361\" src=\"https:\/\/blogger.googleusercontent.com\/img\/b\/R29vZ2xl\/AVvXsEjLjSDeK9aPiznWlefR0QvDtmhymc6ywNdFqrRpuMBVmxkYFTziDuTgg8kjywzHvYprUSYJM8ShggI8gZ8Wp8VQjzoUQ3bOspr2m3X_EsWrkJGgwcqgzfTsYHMdBkSFwc3BglFHOIbKQw8\/s400\/CAMPEONATO+REGIONAL+EDADES+2013+046.jpg\" width=\"400\" \/><\/a><\/td>\n<\/tr>\n<tr>\n<td class=\"tr-caption\" style=\"text-align: center\">Nuria Lozano proclamada subcampeona castellano-manchega<br \/>\nfemenina del sub-8<\/td>\n<\/tr>\n<\/tbody>\n<\/table>\n<p><\/p>\n<div style=\"text-align: left\">\n<\/div>\n<p><\/p>\n<table cellpadding=\"0\" cellspacing=\"0\" class=\"tr-caption-container\" style=\"float: left;margin-right: 1em;text-align: left\">\n<tbody>\n<tr>\n<td style=\"text-align: center\"><a href=\"https:\/\/www.bfv.cloud\/ajedrezeuropa\/wp-content\/uploads\/2013\/04\/CAMPEONATOREGIONALEDADES2013061.jpg\" style=\"clear: left;margin-bottom: 1em;margin-left: auto;margin-right: auto\"><img loading=\"lazy\" decoding=\"async\" border=\"0\" height=\"333\" src=\"https:\/\/blogger.googleusercontent.com\/img\/b\/R29vZ2xl\/AVvXsEg8rZSLGs9Aaw5zww74L0XAWSKv_mswJo_wIZzdFUPAKvA6QmJksxHFd1JXSpA0u1zqrfaIaPzkIpQ1M_0Vo7xWl4Faz-PRkSEkq1MF9ZVMbDwKZI0I_NTaKPZngwzsBysWN15lR8R15XA\/s400\/CAMPEONATO+REGIONAL+EDADES+2013+061.jpg\" width=\"400\" \/><\/a><\/td>\n<\/tr>\n<tr>\n<td class=\"tr-caption\" style=\"text-align: center\">Jorge Sim\u00f3n, acompa\u00f1ado en la imagen por su hermana Irene,<br \/>\nconsigue revalidar el subcampeonato del regional sub-18<\/td>\n<\/tr>\n<\/tbody>\n<\/table>\n","protected":false},"excerpt":{"rendered":"<p>Los 20 ajedrecistas de Nuestro Ajedrez en Europa reunidos al finalizar el acto de entrega de premios 3 t\u00edtulos de campeones, 2 de subcampeones y un tercer puesto Despu\u00e9s de 3 d\u00edas de competici\u00f3n ha finalizado el Campeonato de Castilla-La Mancha por Edades en la localidad manchega de Tomelloso. Los resultados deportivos para nuestros 20 [&hellip;]<\/p>\n","protected":false},"author":1,"featured_media":1279,"comment_status":"open","ping_status":"closed","sticky":false,"template":"","format":"standard","meta":{"footnotes":""},"categories":[1],"tags":[],"class_list":["post-1278","post","type-post","status-publish","format-standard","has-post-thumbnail","hentry","category-noticias"],"_links":{"self":[{"href":"https:\/\/www.bfv.cloud\/ajedrezeuropa\/wp-json\/wp\/v2\/posts\/1278","targetHints":{"allow":["GET"]}}],"collection":[{"href":"https:\/\/www.bfv.cloud\/ajedrezeuropa\/wp-json\/wp\/v2\/posts"}],"about":[{"href":"https:\/\/www.bfv.cloud\/ajedrezeuropa\/wp-json\/wp\/v2\/types\/post"}],"author":[{"embeddable":true,"href":"https:\/\/www.bfv.cloud\/ajedrezeuropa\/wp-json\/wp\/v2\/users\/1"}],"replies":[{"embeddable":true,"href":"https:\/\/www.bfv.cloud\/ajedrezeuropa\/wp-json\/wp\/v2\/comments?post=1278"}],"version-history":[{"count":1,"href":"https:\/\/www.bfv.cloud\/ajedrezeuropa\/wp-json\/wp\/v2\/posts\/1278\/revisions"}],"predecessor-version":[{"id":1285,"href":"https:\/\/www.bfv.cloud\/ajedrezeuropa\/wp-json\/wp\/v2\/posts\/1278\/revisions\/1285"}],"wp:featuredmedia":[{"embeddable":true,"href":"https:\/\/www.bfv.cloud\/ajedrezeuropa\/wp-json\/wp\/v2\/media\/1279"}],"wp:attachment":[{"href":"https:\/\/www.bfv.cloud\/ajedrezeuropa\/wp-json\/wp\/v2\/media?parent=1278"}],"wp:term":[{"taxonomy":"category","embeddable":true,"href":"https:\/\/www.bfv.cloud\/ajedrezeuropa\/wp-json\/wp\/v2\/categories?post=1278"},{"taxonomy":"post_tag","embeddable":true,"href":"https:\/\/www.bfv.cloud\/ajedrezeuropa\/wp-json\/wp\/v2\/tags?post=1278"}],"curies":[{"name":"wp","href":"https:\/\/api.w.org\/{rel}","templated":true}]}}