{"id":1286,"date":"2010-02-08T17:31:00","date_gmt":"2010-02-08T17:31:00","guid":{"rendered":"https:\/\/www.bfv.cloud\/ajedrezeuropa\/index.php\/2010\/02\/08\/daniel-salas-lloret-y-el-equipo-de-la-escuela-de-ajedrez-de-alcazar-subcampeones-de-deporte-en-edad-escolar-de-ciudad-real-en-la-categoria-cadete\/"},"modified":"2025-11-20T10:29:17","modified_gmt":"2025-11-20T10:29:17","slug":"daniel-salas-lloret-y-el-equipo-de-la-escuela-de-ajedrez-de-alcazar-subcampeones-de-deporte-en-edad-escolar-de-ciudad-real-en-la-categoria-cadete","status":"publish","type":"post","link":"https:\/\/www.bfv.cloud\/ajedrezeuropa\/daniel-salas-lloret-y-el-equipo-de-la-escuela-de-ajedrez-de-alcazar-subcampeones-de-deporte-en-edad-escolar-de-ciudad-real-en-la-categoria-cadete\/","title":{"rendered":"DANIEL SALAS LLORET Y EL EQUIPO DE LA ESCUELA DE AJEDREZ DE ALC\u00c1ZAR, SUBCAMPEONES DE DEPORTE EN EDAD ESCOLAR DE CIUDAD REAL EN LA CATEGOR\u00cdA CADETE"},"content":{"rendered":"<div class=\"separator\" style=\"clear: both;text-align: center\"><a href=\"https:\/\/blogger.googleusercontent.com\/img\/b\/R29vZ2xl\/AVvXsEhB2Kd6wkQwHelL49aUItWf3m5g1gsIP4H7ZTVwPzwz9dSaDJqMRw6H9lD8xa29KWXpFL_tcUmUuwy-KUkSuesC8h4Thi3iMc0Hi7qhb9ZsCDO0uGMnDqN0s3_9iEryvw-Xt8nDUJq3cBk\/s1600-h\/DANIEL+SALAS+CAMP+DEP+EDAD+ESCOLAR.jpg\" style=\"margin-left: 1em;margin-right: 1em\"><img fetchpriority=\"high\" decoding=\"async\" border=\"0\" height=\"300\" src=\"https:\/\/blogger.googleusercontent.com\/img\/b\/R29vZ2xl\/AVvXsEhB2Kd6wkQwHelL49aUItWf3m5g1gsIP4H7ZTVwPzwz9dSaDJqMRw6H9lD8xa29KWXpFL_tcUmUuwy-KUkSuesC8h4Thi3iMc0Hi7qhb9ZsCDO0uGMnDqN0s3_9iEryvw-Xt8nDUJq3cBk\/s400\/DANIEL+SALAS+CAMP+DEP+EDAD+ESCOLAR.jpg\" width=\"400\" \/><\/a><\/div>\n<p><\/p>\n<div style=\"text-align: justify\">Ayer domingo, 7 de febrero, terminaba en Carri\u00f3n de Calatrava el Campeonato del Deporte en Edad Escolar de Ciudad Real 2010 con un balance muy positivo para la representaci\u00f3n de la EDM DE AJEDREZ DE ALC\u00c1ZAR DE SAN JUAN. Dentro de la categor\u00eda cadete, Daniel Salas, alcanzaba la segunda plaza y su clasificaci\u00f3n para la fase regional, ganando 5 de las 6 partidas disputadas. Por su parte, la general por equipos de esta categor\u00eda, situaba al equipo de la escuela de ajedrez de Alc\u00e1zar como subcampe\u00f3n provincial, revalidando el puesto logrado el a\u00f1o pasado, pero esta vez a tan solo medio punto del vencedor.<\/div>\n","protected":false},"excerpt":{"rendered":"<p>Ayer domingo, 7 de febrero, terminaba en Carri\u00f3n de Calatrava el Campeonato del Deporte en Edad Escolar de Ciudad Real 2010 con un balance muy positivo para la representaci\u00f3n de la EDM DE AJEDREZ DE ALC\u00c1ZAR DE SAN JUAN. Dentro de la categor\u00eda cadete, Daniel Salas, alcanzaba la segunda plaza y su clasificaci\u00f3n para la [&hellip;]<\/p>\n","protected":false},"author":1,"featured_media":0,"comment_status":"open","ping_status":"closed","sticky":false,"template":"","format":"standard","meta":{"footnotes":""},"categories":[1],"tags":[],"class_list":["post-1286","post","type-post","status-publish","format-standard","hentry","category-noticias"],"_links":{"self":[{"href":"https:\/\/www.bfv.cloud\/ajedrezeuropa\/wp-json\/wp\/v2\/posts\/1286","targetHints":{"allow":["GET"]}}],"collection":[{"href":"https:\/\/www.bfv.cloud\/ajedrezeuropa\/wp-json\/wp\/v2\/posts"}],"about":[{"href":"https:\/\/www.bfv.cloud\/ajedrezeuropa\/wp-json\/wp\/v2\/types\/post"}],"author":[{"embeddable":true,"href":"https:\/\/www.bfv.cloud\/ajedrezeuropa\/wp-json\/wp\/v2\/users\/1"}],"replies":[{"embeddable":true,"href":"https:\/\/www.bfv.cloud\/ajedrezeuropa\/wp-json\/wp\/v2\/comments?post=1286"}],"version-history":[{"count":1,"href":"https:\/\/www.bfv.cloud\/ajedrezeuropa\/wp-json\/wp\/v2\/posts\/1286\/revisions"}],"predecessor-version":[{"id":1287,"href":"https:\/\/www.bfv.cloud\/ajedrezeuropa\/wp-json\/wp\/v2\/posts\/1286\/revisions\/1287"}],"wp:attachment":[{"href":"https:\/\/www.bfv.cloud\/ajedrezeuropa\/wp-json\/wp\/v2\/media?parent=1286"}],"wp:term":[{"taxonomy":"category","embeddable":true,"href":"https:\/\/www.bfv.cloud\/ajedrezeuropa\/wp-json\/wp\/v2\/categories?post=1286"},{"taxonomy":"post_tag","embeddable":true,"href":"https:\/\/www.bfv.cloud\/ajedrezeuropa\/wp-json\/wp\/v2\/tags?post=1286"}],"curies":[{"name":"wp","href":"https:\/\/api.w.org\/{rel}","templated":true}]}}