{"id":1288,"date":"2013-03-07T22:28:00","date_gmt":"2013-03-07T22:28:00","guid":{"rendered":"https:\/\/www.bfv.cloud\/ajedrezeuropa\/index.php\/2013\/03\/07\/clausura-de-el-ajedrez-en-el-pensamiento-estrategico-en-el-centro-penitenciario-de-alcazar\/"},"modified":"2025-11-20T10:29:18","modified_gmt":"2025-11-20T10:29:18","slug":"clausura-de-el-ajedrez-en-el-pensamiento-estrategico-en-el-centro-penitenciario-de-alcazar","status":"publish","type":"post","link":"https:\/\/www.bfv.cloud\/ajedrezeuropa\/clausura-de-el-ajedrez-en-el-pensamiento-estrategico-en-el-centro-penitenciario-de-alcazar\/","title":{"rendered":"CLAUSURA DE \u00abEL AJEDREZ EN EL PENSAMIENTO ESTRAT\u00c9GICO\u00bb EN EL CENTRO PENITENCIARIO DE ALC\u00c1ZAR"},"content":{"rendered":"<div class=\"separator\" style=\"clear: both;text-align: center\">\n<a href=\"https:\/\/www.bfv.cloud\/ajedrezeuropa\/wp-content\/uploads\/2013\/03\/CARTELDELASJORNADASENELCENTROPENITENCIARIOALCC381ZAR2013.jpg\" style=\"clear: right;float: right;margin-bottom: 1em;margin-left: 1em\"><img fetchpriority=\"high\" decoding=\"async\" border=\"0\" height=\"400\" src=\"https:\/\/blogger.googleusercontent.com\/img\/b\/R29vZ2xl\/AVvXsEh0ooOBDt4KzMbwBY-9JLW7gXRRXjM0htpOWYtBz_0CNLdZeiuEnG2EeL6l2FNMkmsWynGWC1-jZhgZejf7asqWt19MnJ1kkA0yCRIJPY_Q-9_edoPp7EGtvW4p5o8XHgxP2eoPP8WAQfs\/s400\/CARTEL+DE+LAS+JORNADAS+EN+EL+CENTRO+PENITENCIARIO+ALC%C3%81ZAR+2013.JPG\" width=\"282\" \/><\/a><\/div>\n<p><span style=\"font-family: Verdana, sans-serif\"><b>El lunes 11 de marzo, a partir de las 5 y cuarto de la tarde, el Centro Penitenciario de Alc\u00e1zar acoger\u00e1 la clausura de las primeras jornadas de \u00abEl ajedrez en el pensamiento estrat\u00e9gico\u00bb.<\/b><\/span><br \/>\n<span style=\"font-family: Verdana, sans-serif\"><b>A todos los participantes en esta nueva actividad de car\u00e1cter social de \u00abNuestro Ajedrez en Europa\u00bb se les ha entregado un ejemplar del libro \u00abAjedrez a tu Alcance\u00bb escrito por el gm Manuel P\u00e9rez Candelario y el psic\u00f3logo Juan Antonio Montero Aleu. Adem\u00e1s se les ha facilitado una copia de las actuales Leyes del Ajedrez de la FIDE.<\/b><\/span><br \/>\n<span style=\"font-family: Verdana, sans-serif\"><b>En este \u00faltimo d\u00eda de las jornadas acudir\u00e1n como invitados el &nbsp;teniente de alcalde y concejal de deportes de Alc\u00e1zar de San Juan, Manuel de la Gu\u00eda, y el alcalde de Villafranca de los Caballeros, Andr\u00e9s Beldad.<\/b><\/span><\/p>\n","protected":false},"excerpt":{"rendered":"<p>El lunes 11 de marzo, a partir de las 5 y cuarto de la tarde, el Centro Penitenciario de Alc\u00e1zar acoger\u00e1 la clausura de las primeras jornadas de \u00abEl ajedrez en el pensamiento estrat\u00e9gico\u00bb. A todos los participantes en esta nueva actividad de car\u00e1cter social de \u00abNuestro Ajedrez en Europa\u00bb se les ha entregado un [&hellip;]<\/p>\n","protected":false},"author":1,"featured_media":1289,"comment_status":"open","ping_status":"closed","sticky":false,"template":"","format":"standard","meta":{"footnotes":""},"categories":[1],"tags":[],"class_list":["post-1288","post","type-post","status-publish","format-standard","has-post-thumbnail","hentry","category-noticias"],"_links":{"self":[{"href":"https:\/\/www.bfv.cloud\/ajedrezeuropa\/wp-json\/wp\/v2\/posts\/1288","targetHints":{"allow":["GET"]}}],"collection":[{"href":"https:\/\/www.bfv.cloud\/ajedrezeuropa\/wp-json\/wp\/v2\/posts"}],"about":[{"href":"https:\/\/www.bfv.cloud\/ajedrezeuropa\/wp-json\/wp\/v2\/types\/post"}],"author":[{"embeddable":true,"href":"https:\/\/www.bfv.cloud\/ajedrezeuropa\/wp-json\/wp\/v2\/users\/1"}],"replies":[{"embeddable":true,"href":"https:\/\/www.bfv.cloud\/ajedrezeuropa\/wp-json\/wp\/v2\/comments?post=1288"}],"version-history":[{"count":1,"href":"https:\/\/www.bfv.cloud\/ajedrezeuropa\/wp-json\/wp\/v2\/posts\/1288\/revisions"}],"predecessor-version":[{"id":1290,"href":"https:\/\/www.bfv.cloud\/ajedrezeuropa\/wp-json\/wp\/v2\/posts\/1288\/revisions\/1290"}],"wp:featuredmedia":[{"embeddable":true,"href":"https:\/\/www.bfv.cloud\/ajedrezeuropa\/wp-json\/wp\/v2\/media\/1289"}],"wp:attachment":[{"href":"https:\/\/www.bfv.cloud\/ajedrezeuropa\/wp-json\/wp\/v2\/media?parent=1288"}],"wp:term":[{"taxonomy":"category","embeddable":true,"href":"https:\/\/www.bfv.cloud\/ajedrezeuropa\/wp-json\/wp\/v2\/categories?post=1288"},{"taxonomy":"post_tag","embeddable":true,"href":"https:\/\/www.bfv.cloud\/ajedrezeuropa\/wp-json\/wp\/v2\/tags?post=1288"}],"curies":[{"name":"wp","href":"https:\/\/api.w.org\/{rel}","templated":true}]}}