{"id":1294,"date":"2015-11-06T23:18:00","date_gmt":"2015-11-06T23:18:00","guid":{"rendered":"https:\/\/www.bfv.cloud\/ajedrezeuropa\/index.php\/2015\/11\/06\/carlos-alvarez-25o-en-el-campeonato-iberoamericano-de-ajedrez\/"},"modified":"2025-11-20T10:29:21","modified_gmt":"2025-11-20T10:29:21","slug":"carlos-alvarez-25o-en-el-campeonato-iberoamericano-de-ajedrez","status":"publish","type":"post","link":"https:\/\/www.bfv.cloud\/ajedrezeuropa\/carlos-alvarez-25o-en-el-campeonato-iberoamericano-de-ajedrez\/","title":{"rendered":"CARLOS \u00c1LVAREZ, 25\u00ba EN EL CAMPEONATO IBEROAMERICANO DE AJEDREZ"},"content":{"rendered":"<table cellpadding=\"0\" cellspacing=\"0\" class=\"tr-caption-container\" style=\"float: right;margin-left: 1em;text-align: right\">\n<tbody>\n<tr>\n<td style=\"text-align: center\"><a href=\"https:\/\/www.bfv.cloud\/ajedrezeuropa\/wp-content\/uploads\/2015\/11\/FOTOCARLOSALVAREZENIBEROAMERICANO-BILBAO2015.jpg\" style=\"clear: right;margin-bottom: 1em;margin-left: auto;margin-right: auto\"><img fetchpriority=\"high\" decoding=\"async\" border=\"0\" height=\"358\" src=\"https:\/\/blogger.googleusercontent.com\/img\/b\/R29vZ2xl\/AVvXsEiO-PUrAGs28ODLRmQTa1KL_s5KXpMV57AqKxLTKY3ajoV2D547LWLhZ-5Gqz0K5MBSj0FoQHtlMxCc9Sl5fKf1r92ZlCBLcCXzbHIxLBqnfOmKwicEACvZImOhxu1LSop9q1pmy9NHSL4\/s400\/FOTO+CARLOS+ALVAREZ+EN+IBEROAMERICANO+-+BILBAO+2015.jpg\" width=\"400\" \/><\/a><\/td>\n<\/tr>\n<tr>\n<td class=\"tr-caption\" style=\"text-align: center\">Carlos \u00c1lvarez en la sala de juego de Bilbao<\/td>\n<\/tr>\n<\/tbody>\n<\/table>\n<p><span style=\"color: blue;, serif\"><b>Carlos \u00c1lvarez Serrano acaba de lograr su mejor resultado deportivo tras sumar 5,5 puntos sobre un total de 9 en el VI CAMPEONATO IBEROAMERICANO IDIVIDUAL ABSOLUTO. El joven ajedrecista ciudarreale\u00f1o del Club NUESTRO AJEDREZ EN EUROPA part\u00eda de la posici\u00f3n 44 del ranking inicial y ha finalizado 25\u00ba, mejorando en 22 puntos su ELO FIDE. Carlos tiene 19 a\u00f1os, y desde los 15 que comenz\u00f3 siendo alumno de las escuelas de ajedrez de Alc\u00e1zar y Villafranca, ha formado parte de los distintos equipos con los que cuenta el proyecto nacido en Castilla-La Mancha. Este excelente resultado lo ha alcanzado tras medirse con 3 maestros internacionales y un maestro FIDE, en una competici\u00f3n abierta donde han participado 93 ajedrecistas llegados a Bilbao de los distintos pa\u00edses de Iberoam\u00e9rica.<\/b><\/span><\/p>\n<h4>\n<span style=\"color: blue;font-family: georgia, times new roman, serif\"><u>LO PR\u00d3XIMO, EL CAMPEONATO POR EQUIPOS DE TOLEDO<\/u><\/span><\/h4>\n<div>\n<span style=\"color: blue;font-family: georgia, times new roman, serif\"><b>A partir de este domingo 8 de noviembre el propio Carlos, acompa\u00f1ado de Santiago Talavera, Ana Isabel Gonz\u00e1lez, Isaac Lozano, Daniel P\u00edriz, Luismi Monreal y Jorge Sim\u00f3n, defender\u00e1n el t\u00edtulo de campeones provinciales de Toledo por Clubes en la m\u00e1xima categor\u00eda de juego conseguido el a\u00f1o pasado. Ser\u00e1n 7 rondas, a lo largo de 4 fines de semana, los que enfrentar\u00e1n a los 11 equipos inscritos. Un total de 26 jugadores, con 9 j\u00f3venes ajedrecistas femeninas entre ellos, integran las 4 formaciones con las que concurren los clubes NUESTRO AJEDREZ EN EN EUROPA y NUESTRO AJEDREZ POR LA IGUALDAD. En unos d\u00edas informaremos con m\u00e1s detalle de esta primera jornada de competici\u00f3n.<\/b><\/span><\/div>\n","protected":false},"excerpt":{"rendered":"<p>Carlos \u00c1lvarez en la sala de juego de Bilbao Carlos \u00c1lvarez Serrano acaba de lograr su mejor resultado deportivo tras sumar 5,5 puntos sobre un total de 9 en el VI CAMPEONATO IBEROAMERICANO IDIVIDUAL ABSOLUTO. El joven ajedrecista ciudarreale\u00f1o del Club NUESTRO AJEDREZ EN EUROPA part\u00eda de la posici\u00f3n 44 del ranking inicial y ha [&hellip;]<\/p>\n","protected":false},"author":1,"featured_media":1295,"comment_status":"open","ping_status":"closed","sticky":false,"template":"","format":"standard","meta":{"footnotes":""},"categories":[1],"tags":[],"class_list":["post-1294","post","type-post","status-publish","format-standard","has-post-thumbnail","hentry","category-noticias"],"_links":{"self":[{"href":"https:\/\/www.bfv.cloud\/ajedrezeuropa\/wp-json\/wp\/v2\/posts\/1294","targetHints":{"allow":["GET"]}}],"collection":[{"href":"https:\/\/www.bfv.cloud\/ajedrezeuropa\/wp-json\/wp\/v2\/posts"}],"about":[{"href":"https:\/\/www.bfv.cloud\/ajedrezeuropa\/wp-json\/wp\/v2\/types\/post"}],"author":[{"embeddable":true,"href":"https:\/\/www.bfv.cloud\/ajedrezeuropa\/wp-json\/wp\/v2\/users\/1"}],"replies":[{"embeddable":true,"href":"https:\/\/www.bfv.cloud\/ajedrezeuropa\/wp-json\/wp\/v2\/comments?post=1294"}],"version-history":[{"count":1,"href":"https:\/\/www.bfv.cloud\/ajedrezeuropa\/wp-json\/wp\/v2\/posts\/1294\/revisions"}],"predecessor-version":[{"id":1296,"href":"https:\/\/www.bfv.cloud\/ajedrezeuropa\/wp-json\/wp\/v2\/posts\/1294\/revisions\/1296"}],"wp:featuredmedia":[{"embeddable":true,"href":"https:\/\/www.bfv.cloud\/ajedrezeuropa\/wp-json\/wp\/v2\/media\/1295"}],"wp:attachment":[{"href":"https:\/\/www.bfv.cloud\/ajedrezeuropa\/wp-json\/wp\/v2\/media?parent=1294"}],"wp:term":[{"taxonomy":"category","embeddable":true,"href":"https:\/\/www.bfv.cloud\/ajedrezeuropa\/wp-json\/wp\/v2\/categories?post=1294"},{"taxonomy":"post_tag","embeddable":true,"href":"https:\/\/www.bfv.cloud\/ajedrezeuropa\/wp-json\/wp\/v2\/tags?post=1294"}],"curies":[{"name":"wp","href":"https:\/\/api.w.org\/{rel}","templated":true}]}}