{"id":1297,"date":"2015-09-06T20:59:00","date_gmt":"2015-09-06T20:59:00","guid":{"rendered":"https:\/\/www.bfv.cloud\/ajedrezeuropa\/index.php\/2015\/09\/06\/el-equipo-sub-16-de-nuestro-ajedrez-en-europa-logra-el-5-o-lugar-en-el-regional\/"},"modified":"2025-11-20T10:29:24","modified_gmt":"2025-11-20T10:29:24","slug":"el-equipo-sub-16-de-nuestro-ajedrez-en-europa-logra-el-5-o-lugar-en-el-regional","status":"publish","type":"post","link":"https:\/\/www.bfv.cloud\/ajedrezeuropa\/el-equipo-sub-16-de-nuestro-ajedrez-en-europa-logra-el-5-o-lugar-en-el-regional\/","title":{"rendered":"EL EQUIPO SUB-16 DE NUESTRO AJEDREZ EN EUROPA LOGRA EL 5 \u00ba LUGAR EN EL REGIONAL"},"content":{"rendered":"<table cellpadding=\"0\" cellspacing=\"0\" class=\"tr-caption-container\" style=\"float: left;margin-right: 1em;text-align: left\">\n<tbody>\n<tr>\n<td style=\"text-align: center\"><a href=\"https:\/\/www.bfv.cloud\/ajedrezeuropa\/wp-content\/uploads\/2015\/09\/SAM_2139.jpg\" style=\"clear: left;margin-bottom: 1em;margin-left: auto;margin-right: auto\"><img fetchpriority=\"high\" decoding=\"async\" border=\"0\" height=\"392\" src=\"https:\/\/blogger.googleusercontent.com\/img\/b\/R29vZ2xl\/AVvXsEjudbY7pYcx4fc7xUFGNygSd0Fdxx-IkSAKeQLM6A53MIGAwyhyphenhyphenu7aSRfsCws-CrxXA2V6WygroQEQgfzg7gUwCV5vZ7E3pnhA-nLNXopX2Cpo3sofJftzI-CoFAKp2b4ShjA9lIQhoMck\/s400\/SAM_2139.JPG\" width=\"400\" \/><\/a><\/td>\n<\/tr>\n<tr>\n<td class=\"tr-caption\" style=\"text-align: center\">Los jugadores de nuestros 2 equipos y sus capitanes<\/td>\n<\/tr>\n<\/tbody>\n<\/table>\n<table cellpadding=\"0\" cellspacing=\"0\" class=\"tr-caption-container\" style=\"float: right;text-align: right\">\n<tbody>\n<tr>\n<td style=\"text-align: center\"><a href=\"https:\/\/www.bfv.cloud\/ajedrezeuropa\/wp-content\/uploads\/2015\/09\/SAM_2135.jpg\" style=\"clear: right;margin-bottom: 1em;margin-left: auto;margin-right: auto\"><img decoding=\"async\" border=\"0\" height=\"380\" src=\"https:\/\/blogger.googleusercontent.com\/img\/b\/R29vZ2xl\/AVvXsEgNu8zggl_2yp7j-jsRkmq4hEUyOQoNA3IrcBPkiASDkAPp5c6b9a-xPR4JdPvpiUg2kzLO2Xbn7S2hu-LFdN9hbtaT3tPNkQtc3Qua0ODudfa92JNmUJHhtht7SICRF9riJytd6cdRwCE\/s400\/SAM_2135.JPG\" width=\"400\" \/><\/a><\/td>\n<\/tr>\n<tr>\n<td class=\"tr-caption\" style=\"text-align: center\">Esta ma\u00f1ana en la Residencia Universitaria Benjam\u00edn Palencia de<br \/>Albacete se disputaba la 6\u00aa y \u00faltima ronda de este Regional<\/td>\n<\/tr>\n<\/tbody>\n<\/table>\n<p><span style=\"background-color: white;font-size: 14px;line-height: 19.32px\"><span style=\"font-family: Helvetica Neue, Arial, Helvetica, sans-serif\"><b><span style=\"color: #274e13\">Finalmente, NUESTRO AJEDREZ EN EUROPA ha ocupado la 5\u00aa posici\u00f3n y la IGUALDAD la 10\u00aa en un Regional por Equipos de m\u00e1xima competitividad. Con 7 puntos, a tan solo 1 del tercero y el cuarto clasificado, y a 2 del campe\u00f3n y el subcampe\u00f3n, el equipo de EUROPA ha respondido a los objetivos que les hab\u00edamos planteado. De la misma forma, los chicos y chicas de NUESTRO AJEDREZ POR LA IGUALDAD han estado a la altura del esfuerzo y juego que les hab\u00edamos pedido. \u00a1MUY BUENA EXPERIENCIA PARA LOS JUGADORES DE NUESTROS DOS EQUIPOS! La \u00faltima ronda signific\u00f3 la tercera victoria para Europa. En resumen, se empat\u00f3 con el campe\u00f3n regional, ALMANSA, perdimos con el subcampe\u00f3n, UNED GUADALAJARA, <\/span><\/b><span style=\"color: #274e13\"><b>y ganamos al tercer clasificado, BARGAS.&nbsp;<\/b><\/span><\/span><\/span><br \/>\n<span style=\"background-color: white;font-size: 14px;line-height: 19.32px\"><span style=\"font-family: Helvetica Neue, Arial, Helvetica, sans-serif\"><span style=\"color: #274e13\"><b>Los 5 jugadores de EUROPA han sido: JAVIER VALDEPE\u00d1AS (16 a\u00f1os), IRENE SIM\u00d3N (15 a\u00f1os), ROBERTO L\u00d3PEZ (13 a\u00f1os), MARTA ESPINOSA (14 a\u00f1os) y JULIO M\u00c9RIDA (14 a\u00f1os).<\/b><\/span><\/span><\/span><br \/>\n<span style=\"background-color: white;font-size: 14px;line-height: 19.32px\"><span style=\"font-family: Helvetica Neue, Arial, Helvetica, sans-serif\"><span style=\"color: #274e13\"><b>Los 5 jugadores de la IGUALDAD han sido: ALONSO L\u00d3PEZ (8 a\u00f1os), ENRIQUE VELASCO (12 a\u00f1os), ISABEL MARCOS-ALBERCA (13 a\u00f1os), NURIA LOZANO (10 a\u00f1os) y MAR\u00cdA OLIVER (12 a\u00f1os)<\/b><\/span><\/span><\/span><br \/>\n<span style=\"background-color: white;font-size: 14px;line-height: 19.32px\"><span style=\"font-family: Helvetica Neue, Arial, Helvetica, sans-serif\"><span style=\"color: #274e13\"><b>Desde mediados de octubre, los dos equipos al completo, deben aplicarse en los entrenamientos y preparaciones de cara al VIII CECLUB de Benidorm que se celebrar\u00e1 del 5 al 8 de diciembre de 2015.<\/b><\/span><\/span><\/span><br \/>\n<span style=\"background-color: white;font-family: 'Helvetica Neue', Arial, Helvetica, sans-serif;font-size: 14px;line-height: 19.32px\"><span style=\"color: #274e13\"><b>A partir de ahora comienza la nueva temporada en las escuelas de ajedrez de Alc\u00e1zar y Villafranca, y, ya en noviembre, el CAMPEONATO POR EQUIPOS ABSOLUTO DE TOLEDO.<\/b><\/span><\/span><\/p>\n","protected":false},"excerpt":{"rendered":"<p>Los jugadores de nuestros 2 equipos y sus capitanes Esta ma\u00f1ana en la Residencia Universitaria Benjam\u00edn Palencia deAlbacete se disputaba la 6\u00aa y \u00faltima ronda de este Regional Finalmente, NUESTRO AJEDREZ EN EUROPA ha ocupado la 5\u00aa posici\u00f3n y la IGUALDAD la 10\u00aa en un Regional por Equipos de m\u00e1xima competitividad. Con 7 puntos, a [&hellip;]<\/p>\n","protected":false},"author":1,"featured_media":1298,"comment_status":"open","ping_status":"closed","sticky":false,"template":"","format":"standard","meta":{"footnotes":""},"categories":[1],"tags":[],"class_list":["post-1297","post","type-post","status-publish","format-standard","has-post-thumbnail","hentry","category-noticias"],"_links":{"self":[{"href":"https:\/\/www.bfv.cloud\/ajedrezeuropa\/wp-json\/wp\/v2\/posts\/1297","targetHints":{"allow":["GET"]}}],"collection":[{"href":"https:\/\/www.bfv.cloud\/ajedrezeuropa\/wp-json\/wp\/v2\/posts"}],"about":[{"href":"https:\/\/www.bfv.cloud\/ajedrezeuropa\/wp-json\/wp\/v2\/types\/post"}],"author":[{"embeddable":true,"href":"https:\/\/www.bfv.cloud\/ajedrezeuropa\/wp-json\/wp\/v2\/users\/1"}],"replies":[{"embeddable":true,"href":"https:\/\/www.bfv.cloud\/ajedrezeuropa\/wp-json\/wp\/v2\/comments?post=1297"}],"version-history":[{"count":1,"href":"https:\/\/www.bfv.cloud\/ajedrezeuropa\/wp-json\/wp\/v2\/posts\/1297\/revisions"}],"predecessor-version":[{"id":1300,"href":"https:\/\/www.bfv.cloud\/ajedrezeuropa\/wp-json\/wp\/v2\/posts\/1297\/revisions\/1300"}],"wp:featuredmedia":[{"embeddable":true,"href":"https:\/\/www.bfv.cloud\/ajedrezeuropa\/wp-json\/wp\/v2\/media\/1298"}],"wp:attachment":[{"href":"https:\/\/www.bfv.cloud\/ajedrezeuropa\/wp-json\/wp\/v2\/media?parent=1297"}],"wp:term":[{"taxonomy":"category","embeddable":true,"href":"https:\/\/www.bfv.cloud\/ajedrezeuropa\/wp-json\/wp\/v2\/categories?post=1297"},{"taxonomy":"post_tag","embeddable":true,"href":"https:\/\/www.bfv.cloud\/ajedrezeuropa\/wp-json\/wp\/v2\/tags?post=1297"}],"curies":[{"name":"wp","href":"https:\/\/api.w.org\/{rel}","templated":true}]}}