{"id":130,"date":"2015-02-02T23:46:00","date_gmt":"2015-02-02T23:46:00","guid":{"rendered":"https:\/\/www.bfv.cloud\/ajedrezeuropa\/index.php\/2015\/02\/02\/la-escuela-de-alcazar-con-opciones-de-clasificar-a-5-jugadores-para-el-regional-escolar\/"},"modified":"2025-11-20T10:13:43","modified_gmt":"2025-11-20T10:13:43","slug":"la-escuela-de-alcazar-con-opciones-de-clasificar-a-5-jugadores-para-el-regional-escolar","status":"publish","type":"post","link":"https:\/\/www.bfv.cloud\/ajedrezeuropa\/la-escuela-de-alcazar-con-opciones-de-clasificar-a-5-jugadores-para-el-regional-escolar\/","title":{"rendered":"LA ESCUELA DE ALC\u00c1ZAR CON OPCIONES DE CLASIFICAR A 5 JUGADORES PARA EL REGIONAL ESCOLAR"},"content":{"rendered":"<table align=\"center\" cellpadding=\"0\" cellspacing=\"0\" class=\"tr-caption-container\" style=\"float: right;margin-left: 1em;text-align: right\">\n<tbody>\n<tr>\n<td style=\"text-align: center\"><a href=\"https:\/\/www.bfv.cloud\/ajedrezeuropa\/wp-content\/uploads\/2015\/02\/IMG_20150201_100151.jpg\" style=\"clear: right;margin-bottom: 1em;margin-left: auto;margin-right: auto\"><img fetchpriority=\"high\" decoding=\"async\" border=\"0\" src=\"https:\/\/www.bfv.cloud\/ajedrezeuropa\/wp-content\/uploads\/2015\/02\/IMG_20150201_100151.jpg\" height=\"222\" width=\"400\" \/><\/a><\/td>\n<\/tr>\n<tr>\n<td class=\"tr-caption\" style=\"text-align: center\">Los 15 ajedrecistas de Alc\u00e1zar junto a sus monitores<\/td>\n<\/tr>\n<\/tbody>\n<\/table>\n<div style=\"margin-bottom: .0001pt;margin: 0cm;text-align: justify\">\n<span style=\"font-family: Arial, sans-serif\"><b>El<br \/>\npasado domingo se celebraba la 3\u00aa jornada de la fase provincial de Ciudad Real<br \/>\ndel Deporte en Edad Escolar con una doble ronda en las dos categor\u00edas de juego.<br \/>\nLa escuela de ajedrez de Alc\u00e1zar volvi\u00f3 a desplazarse&nbsp; con los 15 jugadores participantes en esta<br \/>\ntemporada. Las 2 partidas disputadas en el Cadete han concretado las<br \/>\nposibilidades de clasificaci\u00f3n para el regional Escolar entre los chicos,<br \/>\ndejando para la \u00faltima ronda todas las opciones abiertas entre las chicas. En<br \/>\nel Infantil, por su parte, quedan 7 chicos y 6 chicas con posibilidades reales<br \/>\nde alcanzar las 3 plazas masculinas y las 3 femeninas que les permitir\u00e1n<br \/>\nasistir a la final auton\u00f3mica del Castillo de San Servando en Toledo.<\/b><\/span><\/div>\n<p><\/p>\n<div class=\"MsoBodyText\" style=\"text-align: justify\">\n<b><u><span style=\"color: navy;font-size: 12.0pt\"><span style=\"font-family: Arial, Helvetica, sans-serif\">Deporte en Edad Escolar \u2013<br \/>\ncategor\u00eda Infantil<\/span><\/span><\/u><\/b><\/div>\n<div class=\"MsoBodyText\" style=\"text-align: justify\">\n<\/div>\n<table cellpadding=\"0\" cellspacing=\"0\" class=\"tr-caption-container\" style=\"float: left;margin-right: 1em;text-align: left\">\n<tbody>\n<tr>\n<td style=\"text-align: center\"><a href=\"https:\/\/www.bfv.cloud\/ajedrezeuropa\/wp-content\/uploads\/2015\/02\/IMG_20150201_100108.jpg\" style=\"clear: left;margin-bottom: 1em;margin-left: auto;margin-right: auto\"><img decoding=\"async\" border=\"0\" src=\"https:\/\/www.bfv.cloud\/ajedrezeuropa\/wp-content\/uploads\/2015\/02\/IMG_20150201_100108.jpg\" height=\"258\" width=\"400\" \/><\/a><\/td>\n<\/tr>\n<tr>\n<td class=\"tr-caption\" style=\"text-align: center\">Los alumnos de la escuela de Alc\u00e1zar en la sala de juego<br \/>de Miguelturra<\/td>\n<\/tr>\n<\/tbody>\n<\/table>\n<div class=\"MsoBodyText\" style=\"text-align: justify\">\n<span style=\"font-size: 12.0pt\"><span style=\"font-family: Arial, Helvetica, sans-serif\"><b>Despu\u00e9s de 6 rondas ninguno de los 13 alumnos de la<br \/>\nescuela alcazare\u00f1a ha sumado menos de 2 puntos, a pesar de contar con 7<br \/>\ndebutantes. A falta de la \u00faltima jornada son 3 los ajedrecistas que tienen<br \/>\noportunidad de clasificarse entre los mejores de esta categor\u00eda gracias a sus<br \/>\nmagn\u00edficas actuaciones durante el torneo. De esta manera, Arturo Mate Mart\u00edn,<br \/>\ncon 5 puntos, logra la 5\u00aa posici\u00f3n provisional; Nuria Lozano Serrano, en su<br \/>\nprimera participaci\u00f3n en el Escolar, alcanza la 2\u00aa plaza femenina empatada a 4<br \/>\npuntos con la 1\u00aa; finalmente, Isabel Marcos-Alberca Lizcano, con 3 puntos, se<br \/>\nsit\u00faa en la 4\u00aa posici\u00f3n y luchar\u00e1 por alcanzar los puestos de honor del<br \/>\nfemenino. El resto de jugadores quedan as\u00ed: <\/b><\/span><\/span><\/div>\n<div class=\"MsoBodyText\" style=\"text-align: justify\">\n<span style=\"font-size: 12.0pt\"><span style=\"font-family: Arial, Helvetica, sans-serif\"><b>Con 4 puntos: Enrique Velasco (16\u00ba) y Julio M\u00e9rida<br \/>\n(18\u00ba).<\/b><\/span><\/span><\/div>\n<div class=\"MsoBodyText\" style=\"text-align: justify\">\n<span style=\"font-size: 12.0pt\"><span style=\"font-family: Arial, Helvetica, sans-serif\"><b>Con 3 puntos: Pablo Vela (35\u00ba)<\/b><\/span><\/span><\/div>\n<div class=\"MsoBodyText\" style=\"text-align: justify\">\n<span style=\"font-size: 12.0pt\"><span style=\"font-family: Arial, Helvetica, sans-serif\"><b>Con 2 puntos: Rub\u00e9n Monge (46\u00ba), Arsenio L\u00f3pez<br \/>\n(48\u00ba), Daniel Climent (50\u00ba), Clara Vela (7\u00aa femenina), Roc\u00edo Arias (8\u00aa<br \/>\nfemenina), Rafael Carrasco (54\u00ba) y Sergio Arias (61\u00ba).<\/b><\/span><\/span><\/div>\n<div class=\"MsoBodyText\" style=\"text-align: justify\">\n<\/div>\n<div class=\"MsoBodyText\" style=\"text-align: justify\">\n<b><u><span style=\"color: navy;font-size: 12.0pt\"><span style=\"font-family: Arial, Helvetica, sans-serif\">Deporte en Edad Escolar \u2013<br \/>\ncategor\u00eda Cadete<\/span><\/span><\/u><\/b><\/div>\n<div class=\"MsoBodyText\" style=\"text-align: justify\">\n<\/div>\n<table align=\"center\" cellpadding=\"0\" cellspacing=\"0\" class=\"tr-caption-container\" style=\"float: right;margin-left: 1em;text-align: right\">\n<tbody>\n<tr>\n<td style=\"text-align: center\"><a href=\"https:\/\/www.bfv.cloud\/ajedrezeuropa\/wp-content\/uploads\/2015\/02\/IMG_20150201_101136.jpg\" style=\"clear: left;margin-bottom: 1em;margin-left: auto;margin-right: auto\"><img decoding=\"async\" border=\"0\" src=\"https:\/\/www.bfv.cloud\/ajedrezeuropa\/wp-content\/uploads\/2015\/02\/IMG_20150201_101136.jpg\" height=\"225\" width=\"400\" \/><\/a><\/td>\n<\/tr>\n<tr>\n<td class=\"tr-caption\" style=\"text-align: center\">El ayto de Miguelturra y la Diputaci\u00f3n de Ciudad Real<br \/>organizan este Escolar<\/td>\n<\/tr>\n<\/tbody>\n<\/table>\n<div class=\"MsoBodyText\" style=\"text-align: justify\">\n<span style=\"font-size: 12.0pt\"><span style=\"font-family: Arial, Helvetica, sans-serif\"><b>En un torneo donde ha primado la igualdad y con una<br \/>\n\u00fanica ronda por delante, al menos 4 de los chicos cadetes tienen opciones de<br \/>\nestar en la fase regional. Tras las 5 rondas disputadas, Javier Valdepe\u00f1as<br \/>\nOctavio, suma 3,5 puntos y est\u00e1 en la 2\u00aa posici\u00f3n, asegurando su clasificaci\u00f3n<br \/>\npara el castellano-manchego con una victoria en la partida del pr\u00f3ximo domingo.<br \/>\nEntre las chicas la clasificaci\u00f3n est\u00e1 todav\u00eda m\u00e1s abierta, con Esther Ru\u00edz matem\u00e1ticamente<br \/>\nclasificada, todo queda pendiente de los resultados de las otras 3 jugadoras<br \/>\nempatadas con 2 puntos. En esta triple igualdad, la jugadora alcazare\u00f1a Marta<br \/>\nEspinosa Gil, cuenta con una leve desventaja en los criterios de desempates,<br \/>\naunque habr\u00e1 que esperar hasta el domingo para ver la resoluci\u00f3n definitiva.<\/b><\/span><\/span><\/div>\n<div class=\"MsoBodyText\" style=\"text-align: justify\">\n<\/div>\n<div class=\"MsoBodyText\" style=\"text-align: justify\">\n<b><u><span style=\"color: navy;font-size: 12.0pt\"><span style=\"font-family: Arial, Helvetica, sans-serif\">Las clasificaciones por equipos<\/span><\/span><\/u><\/b><\/div>\n<div class=\"MsoBodyText\" style=\"text-align: justify\">\n<\/div>\n<p><\/p>\n<table cellpadding=\"0\" cellspacing=\"0\" class=\"tr-caption-container\" style=\"float: right;text-align: right\">\n<tbody>\n<tr>\n<td style=\"text-align: center\"><a href=\"https:\/\/www.bfv.cloud\/ajedrezeuropa\/wp-content\/uploads\/2015\/02\/SAM_1387.jpg\" style=\"clear: right;margin-bottom: 1em;margin-left: auto;margin-right: auto\"><img loading=\"lazy\" decoding=\"async\" border=\"0\" src=\"https:\/\/www.bfv.cloud\/ajedrezeuropa\/wp-content\/uploads\/2015\/02\/SAM_1387.jpg\" height=\"252\" width=\"400\" \/><\/a><\/td>\n<\/tr>\n<tr>\n<td class=\"tr-caption\" style=\"text-align: center\">La sala de juego al comienzo de la 1\u00aa ronda del domingo<\/td>\n<\/tr>\n<\/tbody>\n<\/table>\n<div class=\"MsoBodyText\" style=\"text-align: justify\">\n<span style=\"color: windowtext;font-size: 12.0pt\"><span style=\"font-family: Arial, Helvetica, sans-serif\"><b>En la<br \/>\nclasificaci\u00f3n por equipos tambi\u00e9n se han ajustado mucho las posiciones de<br \/>\nhonor. El Cadete elige a sus 3 mejores equipos mediante la suma de los 2<br \/>\nprimeros resultados de cada escuela, as\u00ed Tomelloso con 8 puntos encabeza la<br \/>\nclasificaci\u00f3n provisional, seguida de Valdepe\u00f1as con 6,5 puntos y de Alc\u00e1zar de<br \/>\nSan Juan con 5,5 puntos. En el Infantil son 3 los resultados que suma cada<br \/>\nequipo para alcanzar su puntuaci\u00f3n total, quedando Tomelloso con 15,5 puntos en<br \/>\nla 1\u00aa plaza provisional, Valdepe\u00f1as con 13,5 puntos en la 2\u00aa y Alc\u00e1zar de San<br \/>\nJuan con 13 puntos en la 3\u00aa. La escuela de Alc\u00e1zar se ha aproximado mucho al 2\u00ba<br \/>\nclasificado despu\u00e9s de las rondas del domingo pasado y todo queda a expensas de<br \/>\nlo que suceda el pr\u00f3ximo fin de semana.<\/b><\/span><\/span><\/div>\n","protected":false},"excerpt":{"rendered":"<p>Los 15 ajedrecistas de Alc\u00e1zar junto a sus monitores El pasado domingo se celebraba la 3\u00aa jornada de la fase provincial de Ciudad Real del Deporte en Edad Escolar con una doble ronda en las dos categor\u00edas de juego. La escuela de ajedrez de Alc\u00e1zar volvi\u00f3 a desplazarse&nbsp; con los 15 jugadores participantes en esta [&hellip;]<\/p>\n","protected":false},"author":1,"featured_media":131,"comment_status":"open","ping_status":"closed","sticky":false,"template":"","format":"standard","meta":{"footnotes":""},"categories":[1],"tags":[],"class_list":["post-130","post","type-post","status-publish","format-standard","has-post-thumbnail","hentry","category-noticias"],"_links":{"self":[{"href":"https:\/\/www.bfv.cloud\/ajedrezeuropa\/wp-json\/wp\/v2\/posts\/130","targetHints":{"allow":["GET"]}}],"collection":[{"href":"https:\/\/www.bfv.cloud\/ajedrezeuropa\/wp-json\/wp\/v2\/posts"}],"about":[{"href":"https:\/\/www.bfv.cloud\/ajedrezeuropa\/wp-json\/wp\/v2\/types\/post"}],"author":[{"embeddable":true,"href":"https:\/\/www.bfv.cloud\/ajedrezeuropa\/wp-json\/wp\/v2\/users\/1"}],"replies":[{"embeddable":true,"href":"https:\/\/www.bfv.cloud\/ajedrezeuropa\/wp-json\/wp\/v2\/comments?post=130"}],"version-history":[{"count":1,"href":"https:\/\/www.bfv.cloud\/ajedrezeuropa\/wp-json\/wp\/v2\/posts\/130\/revisions"}],"predecessor-version":[{"id":135,"href":"https:\/\/www.bfv.cloud\/ajedrezeuropa\/wp-json\/wp\/v2\/posts\/130\/revisions\/135"}],"wp:featuredmedia":[{"embeddable":true,"href":"https:\/\/www.bfv.cloud\/ajedrezeuropa\/wp-json\/wp\/v2\/media\/131"}],"wp:attachment":[{"href":"https:\/\/www.bfv.cloud\/ajedrezeuropa\/wp-json\/wp\/v2\/media?parent=130"}],"wp:term":[{"taxonomy":"category","embeddable":true,"href":"https:\/\/www.bfv.cloud\/ajedrezeuropa\/wp-json\/wp\/v2\/categories?post=130"},{"taxonomy":"post_tag","embeddable":true,"href":"https:\/\/www.bfv.cloud\/ajedrezeuropa\/wp-json\/wp\/v2\/tags?post=130"}],"curies":[{"name":"wp","href":"https:\/\/api.w.org\/{rel}","templated":true}]}}