{"id":1301,"date":"2013-05-15T22:09:00","date_gmt":"2013-05-15T22:09:00","guid":{"rendered":"https:\/\/www.bfv.cloud\/ajedrezeuropa\/index.php\/2013\/05\/15\/proximos-campeonatos-de-espana\/"},"modified":"2025-11-20T10:29:26","modified_gmt":"2025-11-20T10:29:26","slug":"proximos-campeonatos-de-espana","status":"publish","type":"post","link":"https:\/\/www.bfv.cloud\/ajedrezeuropa\/proximos-campeonatos-de-espana\/","title":{"rendered":"PR\u00d3XIMOS CAMPEONATOS DE ESPA\u00d1A"},"content":{"rendered":"<table cellpadding=\"0\" cellspacing=\"0\" class=\"tr-caption-container\" style=\"float: left;margin-right: 1em;text-align: left\">\n<tbody>\n<tr>\n<td style=\"text-align: center\"><a href=\"https:\/\/www.bfv.cloud\/ajedrezeuropa\/wp-content\/uploads\/2013\/05\/CARTEL_Subs_2012_100.gif\" style=\"clear: left;margin-bottom: 1em;margin-left: auto;margin-right: auto\"><img fetchpriority=\"high\" decoding=\"async\" border=\"0\" height=\"320\" src=\"https:\/\/blogger.googleusercontent.com\/img\/b\/R29vZ2xl\/AVvXsEgYGaPK0YZgiZ9jx2a0gc4kb-JuEIq2gkBWMtnvQUoMUJ9CO8i5abdSKiDJ0W95iXR0u10S814EmgmmRd7eX_pwdUtYM3DDlmDjDnT7Yhr49hHImZ5Fhe4QBcUoFR9YY5WbG2UaNXEkgWk\/s320\/CARTEL_Subs_2012_100.gif\" width=\"247\" \/><\/a><\/td>\n<\/tr>\n<tr>\n<td class=\"tr-caption\" style=\"text-align: center\">Cartel de los campeonatos de Espa\u00f1a<br \/>\npor edades de 2012<\/td>\n<\/tr>\n<\/tbody>\n<\/table>\n<p><\/p>\n<h2>\n<u><span style=\"font-family: Verdana, sans-serif;font-size: small\">Campeonatos de Espa\u00f1a por Edades:<\/span><\/u><\/h2>\n<div class=\"MsoBodyText\">\n<span style=\"font-family: Verdana, sans-serif\">A<br \/>\npartir del 28 de junio y hasta el 4 de agosto se van a celebrar en Salobre\u00f1a<br \/>\n(Granada) las distintas categor\u00edas de los campeonatos nacionales por edades.<br \/>\nComo todos los a\u00f1os la competici\u00f3n comenzar\u00e1 por los m\u00e1s peque\u00f1os, que son los<br \/>\nni\u00f1os y ni\u00f1as de la categor\u00eda sub-8, en el \u00faltimo fin de semana de junio.<br \/>\nAunque en los \u00faltimos 4 a\u00f1os no hemos contado con ning\u00fan jugador en este sub-8,<br \/>\nen esta ocasi\u00f3n s\u00ed lo haremos. Ser\u00e1 Nuria Lozano Serrano, de la escuela de<br \/>\nAlc\u00e1zar y federada en el club \u201cNuestro Ajedrez por la Igualdad\u201d, la que<br \/>\niniciar\u00e1 su participaci\u00f3n en torneos oficiales de \u00e1mbito nacional. Nuria ha<br \/>\ndestacado en su temporada como debutante, obteniendo el campeonato provincial<br \/>\nsub-8 femenino de Ciudad Real y el subcampeonato regional de la misma<br \/>\ncategor\u00eda. Salobre\u00f1a le servir\u00e1 para vivir el ambiente ajedrec\u00edstico de un Campeonato<br \/>\nde Espa\u00f1a y para disfrutar de una experiencia de juego muy estimulante. <\/span><\/div>\n<div class=\"MsoBodyText\">\n<span style=\"font-family: Verdana, sans-serif\">A<br \/>\ncontinuaci\u00f3n se jugar\u00e1 el sub-10 que, probablemente, ser\u00e1 el \u00fanico que no<br \/>\ncontar\u00e1 con representaci\u00f3n de nuestro proyecto. Siguiendo el orden de edades y<br \/>\nfechas, para la semana del 8 al 13 de julio est\u00e1 previsto el sub-12, que<br \/>\ndisputar\u00e1 Isabel Marcos-Alberca Lizcano como vigente campeona de Castilla-La<br \/>\nMancha. Tambi\u00e9n para Isabel supondr\u00e1 su primer encuentro con la competici\u00f3n<br \/>\nnacional, siendo un buen momento para profundizar en el estudio de las<br \/>\naperturas y las t\u00e9cnicas de finales. Isabel es otra de las jovenc\u00edsimas y<br \/>\nprometedoras jugadoras formadas en la escuela de ajedrez alcazare\u00f1a.<\/span><\/div>\n<div class=\"MsoBodyText\">\n<span style=\"font-family: Verdana, sans-serif\">Del 15<br \/>\nal 20 de julio tendr\u00e1 lugar el Campeonato de Espa\u00f1a Sub-14, d\u00f3nde encontraremos<br \/>\na 2 de los integrantes del actual equipo de menores de 16 a\u00f1os del club<br \/>\n\u201cNuestro Ajedrez en Europa\u201d: Javier Valdepe\u00f1as Octavio e Irene Sim\u00f3n Escalona.<br \/>\nEllos son los actuales campeones regionales de la categor\u00eda sub-14 y son<br \/>\nalumnos respectivos de las escuelas de Alc\u00e1zar y Villafranca. Para Irene ser\u00e1<br \/>\nsu sexta participaci\u00f3n en una competici\u00f3n nacional, sumando individuales y por<br \/>\nequipos, mientras que Javier se enfrentar\u00e1 a su primera ocasi\u00f3n. Ambos est\u00e1n en<br \/>\nproceso de evoluci\u00f3n y mejora, teniendo una caracter\u00edstica com\u00fan muy importante<br \/>\nya que su af\u00e1n de superaci\u00f3n les hace crecer en el tablero y elaborar un juego<br \/>\nde mayor calidad durante la competici\u00f3n.<\/span><\/div>\n<div class=\"MsoBodyText\">\n<span style=\"font-family: Verdana, sans-serif\">La<br \/>\ncategor\u00eda sub-16 queda para la semana del 22 al 27 de julio. A m\u00e1s de 2 meses<br \/>\nde su comienzo la \u00fanica presencia que parece clara es la de Isaac Lozano<br \/>\nOsorio. Este jugador con origen en la escuela de ajedrez de Quintanar de la<br \/>\nOrden, su pueblo natal, est\u00e1 consiguiendo, a base de trabajo y competici\u00f3n,<br \/>\nelevar su juego y resultados de una forma muy notable. Hace 2 a\u00f1os que Isaac forma parte de la escuela de Villafranca, siendo actualmente primer tablero del equipo sub-16 de<br \/>\n\u201cNuestro Ajedrez en Europa\u201d, ahora, acaba de realizar una brillante actuaci\u00f3n en el<br \/>\nregional absoluto de partidas r\u00e1pidas celebrado en El Bonillo el pasado fin de<br \/>\nsemana al alcanzar la 11\u00aa plaza. <\/span><\/div>\n<div class=\"MsoBodyText\">\n<span style=\"font-family: Verdana, sans-serif\">A<br \/>\nestas alturas no tenemos confirmaci\u00f3n de otros participantes de nuestras<br \/>\nescuelas y clubes tanto en el sub-16 como en el sub-18, aunque es probable que alg\u00fan otro jugador se anime a jugar en Salobre\u00f1a.<\/span><\/div>\n<div class=\"MsoBodyText\">\n<span style=\"font-family: Verdana, sans-serif\"><br \/><\/span><\/div>\n<div class=\"MsoBodyText\">\n<span style=\"font-family: Verdana, sans-serif\"><br \/><\/span><\/div>\n<div class=\"separator\" style=\"clear: both;text-align: center\">\n<a href=\"https:\/\/www.bfv.cloud\/ajedrezeuropa\/wp-content\/uploads\/2013\/05\/cartelCECLUB2C2AAdiv2013.jpg\" style=\"clear: right;float: right;margin-bottom: 1em;margin-left: 1em\"><img decoding=\"async\" border=\"0\" height=\"400\" src=\"https:\/\/blogger.googleusercontent.com\/img\/b\/R29vZ2xl\/AVvXsEhdpbFNUIGP3wixHP5tCVADN0ioNe1oz8Zhq_4UvCE0y6QSUWthyphenhyphenk9bfgQEZn_upDKIWEqwagRlixQMLTSVVeCDeTAgCFB88TTCS_VafDhZtVtSEL4vXR2lwutNq1_iebmwCVciF0guxHE\/s400\/cartel+CECLUB+2%C2%AA+div+2013.jpg\" width=\"282\" \/><\/a><\/div>\n<div class=\"MsoBodyText\">\n<span style=\"font-size: 12pt\"><span style=\"font-family: Trebuchet MS, sans-serif\"><b><u>Campeonato de Espa\u00f1a por Equipos 2013 de&nbsp;<\/u><\/b><\/span><\/span><b style=\"font-family: 'Trebuchet MS', sans-serif;font-size: 12pt\"><u>2\u00aa Divisi\u00f3n (categor\u00eda absoluta)<\/u><\/b><\/div>\n<div class=\"MsoBodyText\">\n<span style=\"font-size: 12.0pt\"><br \/><\/span><\/div>\n<div class=\"MsoBodyText\">\n<span style=\"font-size: 12pt\"><span style=\"font-family: Trebuchet MS, sans-serif\">Los compa\u00f1eros de varios clubes de ajedrez han tenido la iniciativa de promover la organizaci\u00f3n del Campeonato de Espa\u00f1a por Equipos de Segunda Divisi\u00f3n, que se va a<br \/>\ncelebar en Ciudad Real de 7 al 11 de Agosto de 2013. Los organizadores del evento son el Club Ajedrez Almagro y los Hoteles Guadiana y Cumbria de Ciudad<br \/>\nReal, con el patrocinio de La Junta de Comunidades de Castilla La Mancha, el<br \/>\nAyuntamiento de Ciudad Real , la Diputaci\u00f3n Provincial de Ciudad Real y la<br \/>\ncolaboraci\u00f3n del Club Ajedrez Ciudad Real.&nbsp;<\/span><\/span><\/div>\n<div class=\"MsoBodyText\">\n<span style=\"font-size: 12pt\"><span style=\"font-family: Trebuchet MS, sans-serif\">Desde aqu\u00ed queremos desearles el mayor de los \u00e9xitos.<\/span><\/span><\/div>\n","protected":false},"excerpt":{"rendered":"<p>Cartel de los campeonatos de Espa\u00f1a por edades de 2012 Campeonatos de Espa\u00f1a por Edades: A partir del 28 de junio y hasta el 4 de agosto se van a celebrar en Salobre\u00f1a (Granada) las distintas categor\u00edas de los campeonatos nacionales por edades. Como todos los a\u00f1os la competici\u00f3n comenzar\u00e1 por los m\u00e1s peque\u00f1os, que [&hellip;]<\/p>\n","protected":false},"author":1,"featured_media":1302,"comment_status":"open","ping_status":"closed","sticky":false,"template":"","format":"standard","meta":{"footnotes":""},"categories":[1],"tags":[],"class_list":["post-1301","post","type-post","status-publish","format-standard","has-post-thumbnail","hentry","category-noticias"],"_links":{"self":[{"href":"https:\/\/www.bfv.cloud\/ajedrezeuropa\/wp-json\/wp\/v2\/posts\/1301","targetHints":{"allow":["GET"]}}],"collection":[{"href":"https:\/\/www.bfv.cloud\/ajedrezeuropa\/wp-json\/wp\/v2\/posts"}],"about":[{"href":"https:\/\/www.bfv.cloud\/ajedrezeuropa\/wp-json\/wp\/v2\/types\/post"}],"author":[{"embeddable":true,"href":"https:\/\/www.bfv.cloud\/ajedrezeuropa\/wp-json\/wp\/v2\/users\/1"}],"replies":[{"embeddable":true,"href":"https:\/\/www.bfv.cloud\/ajedrezeuropa\/wp-json\/wp\/v2\/comments?post=1301"}],"version-history":[{"count":1,"href":"https:\/\/www.bfv.cloud\/ajedrezeuropa\/wp-json\/wp\/v2\/posts\/1301\/revisions"}],"predecessor-version":[{"id":1304,"href":"https:\/\/www.bfv.cloud\/ajedrezeuropa\/wp-json\/wp\/v2\/posts\/1301\/revisions\/1304"}],"wp:featuredmedia":[{"embeddable":true,"href":"https:\/\/www.bfv.cloud\/ajedrezeuropa\/wp-json\/wp\/v2\/media\/1302"}],"wp:attachment":[{"href":"https:\/\/www.bfv.cloud\/ajedrezeuropa\/wp-json\/wp\/v2\/media?parent=1301"}],"wp:term":[{"taxonomy":"category","embeddable":true,"href":"https:\/\/www.bfv.cloud\/ajedrezeuropa\/wp-json\/wp\/v2\/categories?post=1301"},{"taxonomy":"post_tag","embeddable":true,"href":"https:\/\/www.bfv.cloud\/ajedrezeuropa\/wp-json\/wp\/v2\/tags?post=1301"}],"curies":[{"name":"wp","href":"https:\/\/api.w.org\/{rel}","templated":true}]}}