{"id":1305,"date":"2016-03-08T23:47:00","date_gmt":"2016-03-08T23:47:00","guid":{"rendered":"https:\/\/www.bfv.cloud\/ajedrezeuropa\/index.php\/2016\/03\/08\/tres-titulos-de-campeones-y-dos-subcampeonatos-en-el-federado-de-ciudad-real\/"},"modified":"2025-11-20T10:29:34","modified_gmt":"2025-11-20T10:29:34","slug":"tres-titulos-de-campeones-y-dos-subcampeonatos-en-el-federado-de-ciudad-real","status":"publish","type":"post","link":"https:\/\/www.bfv.cloud\/ajedrezeuropa\/tres-titulos-de-campeones-y-dos-subcampeonatos-en-el-federado-de-ciudad-real\/","title":{"rendered":"TRES T\u00cdTULOS DE CAMPEONES Y DOS SUBCAMPEONATOS EN EL FEDERADO DE CIUDAD REAL"},"content":{"rendered":"<table cellpadding=\"0\" cellspacing=\"0\" class=\"tr-caption-container\" style=\"float: right;margin-left: 1em;text-align: right\">\n<tbody>\n<tr>\n<td style=\"text-align: center\"><a href=\"https:\/\/www.bfv.cloud\/ajedrezeuropa\/wp-content\/uploads\/2016\/03\/SAM_2758.jpg\" style=\"clear: right;margin-bottom: 1em;margin-left: auto;margin-right: auto\"><img fetchpriority=\"high\" decoding=\"async\" border=\"0\" height=\"282\" src=\"https:\/\/blogger.googleusercontent.com\/img\/b\/R29vZ2xl\/AVvXsEje0xYTBvnDp1mk76V05Nx1IPmwk0_X9KTgvZfvp1jXka9vcyqc1RpQx6n85lyri7wU6bjFPf_08fw70FsIvPHqmpv_IrnPwzV6SU5QtQ1ayJHofP-nkDYk8UuRNDkShCUoBsdOx_Z8er8\/s400\/SAM_2758.JPG\" width=\"400\" \/><\/a><\/td>\n<\/tr>\n<tr>\n<td class=\"tr-caption\" style=\"text-align: center\">El grupo de jugadores de Alc\u00e1zar<\/td>\n<\/tr>\n<\/tbody>\n<\/table>\n<div style=\"margin-bottom: .0001pt;margin: 0cm;text-align: justify\">\n<div style=\"margin: 0cm 0cm 0.0001pt\">\n<b><span style=\", sans-serif;font-size: 14pt\">Termina el Campeonato Provincial por Edades de Ciudad Real con 3<br \/>\noros y 2 platas para los ajedrecistas de la escuela de Alc\u00e1zar de San Juan. La<br \/>\nrepresentaci\u00f3n de&nbsp; los dos clubes&nbsp; del proyecto, <\/span><\/b><b><span style=\"color: blue;font-size: 14.0pt\">NUESTRO AJEDREZ EN EUROPA<\/span><\/b><b><span style=\", sans-serif;font-size: 14pt\"> y <\/span><\/b><b><span style=\"color: blue;font-size: 14.0pt\">NUESTRO AJEDREZ POR LA IGUALDAD<\/span><\/b><b><span style=\", sans-serif;font-size: 14pt\">, ha alcanzado su m\u00e1ximo hist\u00f3rico con 21 jugadores entre todos<br \/>\nlos grupos de edad.<\/span><\/b><\/div>\n<div style=\"margin: 0cm 0cm 0.0001pt\">\n<\/div>\n<div style=\"margin: 0cm 0cm 0.0001pt\">\n<u><span style=\", sans-serif;font-size: 14pt\">En lo m\u00e1s alto de las m\u00e1ximas categor\u00edas<\/p>\n<table cellpadding=\"0\" cellspacing=\"0\" class=\"tr-caption-container\" style=\"float: left;margin-right: 1em;text-align: left\">\n<tbody>\n<tr>\n<td style=\"text-align: center\"><a href=\"https:\/\/www.bfv.cloud\/ajedrezeuropa\/wp-content\/uploads\/2016\/03\/SAM_2739.jpg\" style=\"clear: left;margin-bottom: 1em;margin-left: auto;margin-right: auto\"><img decoding=\"async\" border=\"0\" height=\"240\" src=\"https:\/\/blogger.googleusercontent.com\/img\/b\/R29vZ2xl\/AVvXsEg3QLmcKwtbZdbBdUYMnI6TyvwPeajssf1HYeLpMVVQX7aevrVgkr5OILPqHHOCTCBL7Oj6PT_uqBno2jKuJcECme4R4Yk6lzJxd2xx4IqnurgPRzlQVkbXcJSDKlEoEiB8f1ceNBKfdKI\/s320\/SAM_2739.JPG\" width=\"320\" \/><\/a><\/td>\n<\/tr>\n<tr>\n<td class=\"tr-caption\" style=\"text-align: center\">Javier Valdepe\u00f1as y Marta Espinosa en la<br \/>\n\u00faltima ronda<\/td>\n<\/tr>\n<\/tbody>\n<\/table>\n<p><\/span><\/u><\/div>\n<table cellpadding=\"0\" cellspacing=\"0\" class=\"tr-caption-container\" style=\"float: right;margin-left: 1em;text-align: right\">\n<tbody>\n<tr>\n<td style=\"text-align: center\"><a href=\"https:\/\/www.bfv.cloud\/ajedrezeuropa\/wp-content\/uploads\/2016\/03\/SAM_2729.jpg\" style=\"clear: right;margin-bottom: 1em;margin-left: auto;margin-right: auto\"><img decoding=\"async\" border=\"0\" height=\"196\" src=\"https:\/\/blogger.googleusercontent.com\/img\/b\/R29vZ2xl\/AVvXsEg1gzp-_oByZL-kafLGFoM-MGRhFOa5jlWSrY1tau9NHqF_K48vFrF1zxwuTCRhWdJNfqsaLA1z-yDhoPQVzdMCKJ96RdJprbRc7D3wGu2lALKlZ24JQqng8rfnAYCW-d-3WsBItVabvJA\/s320\/SAM_2729.JPG\" width=\"320\" \/><\/a><\/td>\n<\/tr>\n<tr>\n<td class=\"tr-caption\" style=\"text-align: center\">Isabel Marcos-Alberca y Arturo Mate han<br \/>\ndestacado en el sub-14<\/td>\n<\/tr>\n<\/tbody>\n<\/table>\n<div style=\"margin: 0cm 0cm 0.0001pt\">\n<b><span style=\", sans-serif;font-size: 14pt\">Las campeonas son: <\/span><\/b><b><span style=\"color: blue;font-size: 14.0pt\">Marta<br \/>\nEspinosa Gil<\/span><\/b><b><span style=\", sans-serif;font-size: 14pt\"> en sub-16 e <\/span><\/b><b><span style=\"color: blue;font-size: 14.0pt\">Isabel Marcos-Alberca Lizcano <\/span><\/b><b><span style=\", sans-serif;font-size: 14pt\">en<br \/>\nsub-14. Mientras que <\/span><\/b><b><span style=\"color: blue;font-size: 14.0pt\">Javier Valdepe\u00f1as Octavio<\/span><\/b><b><span style=\", sans-serif;font-size: 14pt\"> revalida el oro en la categor\u00eda sub-18. Con la medalla de plata,<br \/>\npero muy cerca de alcanzar el t\u00edtulo, han quedado: <\/span><\/b><b><span style=\"color: blue;font-size: 14.0pt\">Arturo Mate Mart\u00edn<\/span><\/b><b><span style=\", sans-serif;font-size: 14pt\"> en el<br \/>\nsub-14 y <\/span><\/b><b><span style=\"color: blue;font-size: 14.0pt\">Nuria Lozano Serrano<\/span><\/b><b><span style=\", sans-serif;font-size: 14pt\"> en el sub-12. Teniendo en cuenta la enorme<br \/>\ndificultad de obtener un gran resultado en las categor\u00edas de mayor edad, estos<br \/>\nresultados mantienen la progresi\u00f3n de los j\u00f3venes jugadores de la escuela<br \/>\nalcazare\u00f1a.<\/span><\/b><\/div>\n<div style=\"margin: 0cm 0cm 0.0001pt\">\n<\/div>\n<div style=\"margin: 0cm 0cm 0.0001pt\">\n<u><span style=\", sans-serif;font-size: 14pt\">El trabajo de los 16 jugadores restantes<\/p>\n<table cellpadding=\"0\" cellspacing=\"0\" class=\"tr-caption-container\" style=\"float: left;margin-right: 1em;text-align: left\">\n<tbody>\n<tr>\n<td style=\"text-align: center\"><a href=\"https:\/\/www.bfv.cloud\/ajedrezeuropa\/wp-content\/uploads\/2016\/03\/SAM_2734.jpg\" style=\"clear: left;margin-bottom: 1em;margin-left: auto;margin-right: auto\"><img loading=\"lazy\" decoding=\"async\" border=\"0\" height=\"192\" src=\"https:\/\/blogger.googleusercontent.com\/img\/b\/R29vZ2xl\/AVvXsEgRak_lb5W7ZnnPiEaJFQLVR1PMPA9mM63dztALyjGCwdItaeQWV5orjVZ8lEA0q7IFG2HyjgXEMDraJKYz7blQjkXhjFV1JHWmCt9LF5wTcldLUluPFdJsyAX-GQ_6NV0V9-l5g2JXwIU\/s320\/SAM_2734.JPG\" width=\"320\" \/><\/a><\/td>\n<\/tr>\n<tr>\n<td class=\"tr-caption\" style=\"text-align: center\">En el sub-12 tanto Nuria Lozano como Daniel Climent<br \/>\nhan estado en las primeras posiciones<\/td>\n<\/tr>\n<\/tbody>\n<\/table>\n<p><\/span><\/u><\/div>\n<div style=\"margin: 0cm 0cm 0.0001pt\">\n<b><span style=\", sans-serif;font-size: 14pt\">Los otros 16 ajedrecistas tambi\u00e9n han realizado un buen trabajo.<br \/>\nPor orden de edad estos son sus resultados:<\/span><\/b><\/div>\n<div style=\"margin: 0cm 0cm 0.0001pt\">\n<u><span style=\", sans-serif;font-size: 14pt\">Sub-16:<\/span><\/u><span style=\", sans-serif;font-size: 14pt\"> <\/span><b><span style=\"color: blue;font-size: 14.0pt\">Julio M\u00e9rida Ortiz, <\/span><\/b><b><span style=\"font-size: 14.0pt\">5\u00ba clasificado.<\/span><\/b><\/div>\n<div style=\"margin: 0cm 0cm 0.0001pt\">\n<u><span style=\"font-size: 14.0pt\">Sub-14:<\/span><\/u><span style=\"font-size: 14.0pt\"><br \/>\n<b><span style=\"color: blue\">Enrique Velasco Aragon\u00e9s, <\/span>6\u00ba clasificado; <span style=\"color: blue\">Clara Vela Adri\u00e1n, <\/span>4\u00aa femenina; <span style=\"color: blue\">Pablo Vela Adri\u00e1n, <\/span>11\u00ba y <span style=\"color: blue\">Arsenio<br \/>\nL\u00f3pez Ochoa, <\/span>13\u00ba.<\/b><\/span><\/div>\n<div style=\"margin: 0cm 0cm 0.0001pt\">\n<a href=\"https:\/\/www.bfv.cloud\/ajedrezeuropa\/wp-content\/uploads\/2016\/03\/SAM_2753.jpg\" style=\"clear: right;float: right;margin-bottom: 1em;margin-left: 1em\"><img loading=\"lazy\" decoding=\"async\" border=\"0\" height=\"240\" src=\"https:\/\/blogger.googleusercontent.com\/img\/b\/R29vZ2xl\/AVvXsEiRncrOKbP1JnnByshS3GJTSCV1ilU0TxCKb5rkJAXzijH1cvldAKWTTySBMLXw2NhP_1MCftYTh1hqSZ5LigJy9BnJXcpo-qvbGz_3LK1IjhMf1D1QbeAVKgg4kGAv7hX9gbAVnPYICds\/s320\/SAM_2753.JPG\" width=\"320\" \/><\/a><u><span style=\"font-size: 14.0pt\">Sub-12:<\/span><\/u><span style=\"font-size: 14.0pt\"><br \/>\n<b><span style=\"color: blue\">Daniel Climent Castillo, <\/span>5\u00ba, <span style=\"color: blue\">Rafael Carrasco Bl\u00e1zquez, <\/span>11\u00ba, <span style=\"color: blue\">Adri\u00e1n Alhambra Rubio, <\/span>14\u00ba, <span style=\"color: blue\">Roberto<br \/>\nYeghiazaryan Petrosyan, <\/span>15\u00ba,&nbsp; <span style=\"color: blue\">Sergio Arias L\u00f3pez, <\/span>17\u00ba, <span style=\"color: blue\">Mateo<br \/>\nEspa\u00f1\u00f3n Romero, <\/span>18\u00ba, <span style=\"color: blue\">Adri\u00e1n Cruz Garc\u00eda, <\/span>19\u00ba,<br \/>\n<span style=\"color: blue\">Roc\u00edo Arias L\u00f3pez, <\/span>6\u00aa femenina; <span style=\"color: blue\">Marta Vela Adri\u00e1n, <\/span>7\u00aa femenina.<\/b><\/span><\/div>\n<div style=\"margin: 0cm 0cm 0.0001pt\">\n<u><span style=\"font-size: 14.0pt\">Sub-10:<\/span><\/u><span style=\"font-size: 14.0pt\"><br \/>\n<b><span style=\"color: blue\">\u00c1ngel Carrasco Bl\u00e1zquez, <\/span>16\u00ba.<\/b><\/span><\/div>\n<div style=\"margin: 0cm 0cm 0.0001pt\">\n<u><span style=\"font-size: 14.0pt\">Sub-8:<\/span><\/u><span style=\"font-size: 14.0pt\"><br \/>\n<b><span style=\"color: blue\">Pablo Mart\u00edn-Fontecha, <\/span>4\u00ba clasificado.<\/b><\/span>&nbsp;<\/div>\n<div style=\"margin: 0cm 0cm 0.0001pt\">\n<b style=\"font-family: Arial, sans-serif;font-size: 14pt\"><\/b><span style=\"font-size: 14.0pt\"><b><\/b><\/span><\/div>\n<div class=\"separator\" style=\"clear: both;text-align: center\">\n<\/div>\n<p><b><b style=\"font-family: Arial, sans-serif;font-size: 14pt\"><\/b><\/b><br \/>\n<span style=\"font-size: 14pt\"><\/span><\/p>\n<div style=\"margin: 0cm 0cm 0.0001pt\">\n<u><span style=\", sans-serif;font-size: 14pt\">El<br \/>\nproyecto suma un total de 8 oros y 4 platas entre Toledo y Ciudad Real<\/span><\/u><\/div>\n<div style=\"margin: 0cm 0cm 0.0001pt\">\n<b><span style=\", sans-serif;font-size: 14pt\">Los<br \/>\nresultados obtenidos en las competiciones federadas de Toledo y Ciudad Real<br \/>\nsuman 8 campeones provinciales y 4 subcampeones, un registro dif\u00edcilmente<br \/>\nigualable cuando hablamos de las 5 categor\u00edas principales desde sub-10 a<br \/>\nsub-18. De 20 t\u00edtulos provinciales de estas categor\u00edas 8 han ido a parar a<br \/>\njugadores de las escuelas de Villafranca y Alc\u00e1zar. Estos datos hablan por s\u00ed<br \/>\nsolos de la evoluci\u00f3n positiva que a\u00f1o&nbsp;<\/span><\/b><b><span style=\", sans-serif;font-size: 14pt\">tras a\u00f1o<br \/>\nse produce en el juego de los alumnos del proyecto Nuestro Ajedrez en Europa.<\/span><\/b><\/div>\n<div style=\"margin: 0cm 0cm 0.0001pt\">\n<a href=\"https:\/\/www.bfv.cloud\/ajedrezeuropa\/wp-content\/uploads\/2016\/03\/SAM_2752.jpg\" style=\"clear: right;float: right;margin-bottom: 1em;margin-left: 1em\"><img loading=\"lazy\" decoding=\"async\" border=\"0\" height=\"300\" src=\"https:\/\/blogger.googleusercontent.com\/img\/b\/R29vZ2xl\/AVvXsEiOmbpWT2fuiylOg73wUgFWpPk4O30g5nRsk-gKfgcKmorNhicFBjXNiLccPgXMUwVr3Ujkn9yw3Jz3RyGh2B4E6mHeVr95pwCkkVxwvEMGGXA_sIK79CDcE8h55n-udjwUFambJmDc_FY\/s400\/SAM_2752.JPG\" width=\"400\" \/><\/a><b><span style=\", sans-serif;font-size: 14pt\">&nbsp;<\/span><\/b><\/div>\n<div style=\"margin: 0cm 0cm 0.0001pt\">\n<u><span style=\", sans-serif;font-size: 14pt\">20<br \/>\njugadores en el Regional por Edades de Albacete<\/span><\/u><\/div>\n<div style=\"margin: 0cm 0cm 0.0001pt\">\n<b><span style=\", sans-serif;font-size: 14pt\">El<br \/>\nCampeonato Regional por Edades, que este a\u00f1o se celebrar\u00e1 en el hotel Beatriz<br \/>\nde Albacete del 18 al 21 de marzo, recibir\u00e1 a 20 jugadores de \u201cEuropa\u201d y de la<br \/>\n\u201cIgualdad\u201d, con participantes desde el sub-10 al sub-18 en categor\u00eda masculina<br \/>\ny femenina.<\/span><\/b><\/div>\n<p><\/p>\n<div style=\"margin: 0cm 0cm 0.0001pt\">\n<b><span style=\", sans-serif;font-size: 14pt\">\u00a1\u00a1Deseamos<br \/>\na todos una buena competici\u00f3n!!&nbsp;<\/span><\/b><\/div>\n<\/div>\n","protected":false},"excerpt":{"rendered":"<p>El grupo de jugadores de Alc\u00e1zar Termina el Campeonato Provincial por Edades de Ciudad Real con 3 oros y 2 platas para los ajedrecistas de la escuela de Alc\u00e1zar de San Juan. La representaci\u00f3n de&nbsp; los dos clubes&nbsp; del proyecto, NUESTRO AJEDREZ EN EUROPA y NUESTRO AJEDREZ POR LA IGUALDAD, ha alcanzado su m\u00e1ximo hist\u00f3rico [&hellip;]<\/p>\n","protected":false},"author":1,"featured_media":1306,"comment_status":"open","ping_status":"closed","sticky":false,"template":"","format":"standard","meta":{"footnotes":""},"categories":[1],"tags":[],"class_list":["post-1305","post","type-post","status-publish","format-standard","has-post-thumbnail","hentry","category-noticias"],"_links":{"self":[{"href":"https:\/\/www.bfv.cloud\/ajedrezeuropa\/wp-json\/wp\/v2\/posts\/1305","targetHints":{"allow":["GET"]}}],"collection":[{"href":"https:\/\/www.bfv.cloud\/ajedrezeuropa\/wp-json\/wp\/v2\/posts"}],"about":[{"href":"https:\/\/www.bfv.cloud\/ajedrezeuropa\/wp-json\/wp\/v2\/types\/post"}],"author":[{"embeddable":true,"href":"https:\/\/www.bfv.cloud\/ajedrezeuropa\/wp-json\/wp\/v2\/users\/1"}],"replies":[{"embeddable":true,"href":"https:\/\/www.bfv.cloud\/ajedrezeuropa\/wp-json\/wp\/v2\/comments?post=1305"}],"version-history":[{"count":1,"href":"https:\/\/www.bfv.cloud\/ajedrezeuropa\/wp-json\/wp\/v2\/posts\/1305\/revisions"}],"predecessor-version":[{"id":1312,"href":"https:\/\/www.bfv.cloud\/ajedrezeuropa\/wp-json\/wp\/v2\/posts\/1305\/revisions\/1312"}],"wp:featuredmedia":[{"embeddable":true,"href":"https:\/\/www.bfv.cloud\/ajedrezeuropa\/wp-json\/wp\/v2\/media\/1306"}],"wp:attachment":[{"href":"https:\/\/www.bfv.cloud\/ajedrezeuropa\/wp-json\/wp\/v2\/media?parent=1305"}],"wp:term":[{"taxonomy":"category","embeddable":true,"href":"https:\/\/www.bfv.cloud\/ajedrezeuropa\/wp-json\/wp\/v2\/categories?post=1305"},{"taxonomy":"post_tag","embeddable":true,"href":"https:\/\/www.bfv.cloud\/ajedrezeuropa\/wp-json\/wp\/v2\/tags?post=1305"}],"curies":[{"name":"wp","href":"https:\/\/api.w.org\/{rel}","templated":true}]}}