{"id":1313,"date":"2017-06-19T10:31:00","date_gmt":"2017-06-19T10:31:00","guid":{"rendered":"https:\/\/www.bfv.cloud\/ajedrezeuropa\/index.php\/2017\/06\/19\/nuestro-equipo-queda-10o-en-el-regional-absoluto\/"},"modified":"2025-11-20T10:29:38","modified_gmt":"2025-11-20T10:29:38","slug":"nuestro-equipo-queda-10o-en-el-regional-absoluto","status":"publish","type":"post","link":"https:\/\/www.bfv.cloud\/ajedrezeuropa\/nuestro-equipo-queda-10o-en-el-regional-absoluto\/","title":{"rendered":"NUESTRO EQUIPO QUEDA 10\u00ba EN EL REGIONAL ABSOLUTO"},"content":{"rendered":"<table cellpadding=\"0\" cellspacing=\"0\" class=\"tr-caption-container\" style=\"float: left;margin-right: 1em;text-align: left\">\n<tbody>\n<tr>\n<td style=\"text-align: center\"><a href=\"https:\/\/www.bfv.cloud\/ajedrezeuropa\/wp-content\/uploads\/2017\/06\/IMG-20170618-WA010.jpg\" style=\"clear: left;margin-bottom: 1em;margin-left: auto;margin-right: auto\"><img fetchpriority=\"high\" decoding=\"async\" border=\"0\" data-original-height=\"1036\" data-original-width=\"1230\" height=\"336\" src=\"https:\/\/blogger.googleusercontent.com\/img\/b\/R29vZ2xl\/AVvXsEgT0hWOm6eqVov4HBk_9GanlaP-D3MJ3JbqoDZv5Ay_6QVHIBkRs6BwD6zcg0u5SQas9nAlfAh0N6hh6Y8PNJnH4KeyrOOzDw4KXOJWVtPAHNkoQHyArZxM2r-n5Vrsn13jS0_I5ydv-TA\/s400\/IMG-20170618-WA010.jpg\" width=\"400\" \/><\/a><\/td>\n<\/tr>\n<tr>\n<td class=\"tr-caption\" style=\"text-align: center\">Los 6 componentes del equipo de Nuestro Ajedrez en Europa en<br \/>en este Regional<\/td>\n<\/tr>\n<\/tbody>\n<\/table>\n<p><span style=\"font-family: Arial, Helvetica, sans-serif;font-size: large\">Al mediod\u00eda de ayer finaliz\u00f3 en Albacete el Campeonato de Castilla-La Mancha por Equipos de la categor\u00eda absoluta. Tras una emocionante \u00faltima ronda, con unos resultados muy apretados en todos los enfrentamientos, el CD Excalibur de Albacete y el Club de Ajedrez Tomelloso empataban a 11 de los 12 puntos posibles, decidiendo un punto del desempate la clasificaci\u00f3n definitiva. Finalmente, Excalibur, se proclamaba campe\u00f3n y Tomelloso, subcampe\u00f3n, aventajando ambos en m\u00e1s de 3 puntos al resto de clubes.<\/span><br \/>\n<span style=\"font-family: Arial, Helvetica, sans-serif;font-size: large\">El equipo con el que Nuestro Ajedrez en Europa particip\u00f3 en este regional &nbsp;estuvo compuesto por 4 chicos y 2 chicas, mayoritariamente pertenecientes a la formaci\u00f3n sub-18 del club. Los resultados obtenidos dejaron a nuestro equipo en la 10\u00aa posici\u00f3n, tras sumar 4 puntos, igualando con ello el ranking inicial. Gracias por todo el esfuerzo a: <span style=\"color: blue\">Ana Isabel Gonz\u00e1lez, Javier Valdepe\u00f1as, Roberto L\u00f3pez, Alfredo Amador e Irene Sim\u00f3n.<\/span><\/span><br \/>\n<span style=\"font-family: Arial, Helvetica, sans-serif;font-size: large\"><span style=\"color: blue\"><\/p>\n<table align=\"center\" cellpadding=\"0\" cellspacing=\"0\" class=\"tr-caption-container\" style=\"margin-left: auto;margin-right: auto;text-align: center\">\n<tbody>\n<tr>\n<td style=\"text-align: center\"><a href=\"https:\/\/www.bfv.cloud\/ajedrezeuropa\/wp-content\/uploads\/2017\/06\/IMG-20170618-WA008.jpg\" style=\"margin-left: auto;margin-right: auto\"><img decoding=\"async\" border=\"0\" data-original-height=\"965\" data-original-width=\"1557\" height=\"396\" src=\"https:\/\/blogger.googleusercontent.com\/img\/b\/R29vZ2xl\/AVvXsEgaq-F9l3SS3UU6XNv7AuQNArRbeuWbQcARwkvfwPaZiEmEwRqQnoSD_dc0kZpDm7y5FYIPKV7x8ykzJ3EEs2ag0L6SJTgCnmtaF9hUdWLRUyr4eaqLiqAqrzD1TIwz54JPU9WHmYFFgiA\/s640\/IMG-20170618-WA008.jpg\" width=\"640\" \/><\/a><\/td>\n<\/tr>\n<tr>\n<td class=\"tr-caption\" style=\"text-align: center\">Imagen del comienzo de nuestro equipo al comienzo de la ronda 6<\/td>\n<\/tr>\n<\/tbody>\n<\/table>\n<p><\/span><\/span><br \/>\n<span style=\"font-family: Arial, Helvetica, sans-serif;font-size: large\">Este campeonato ha sido, tradicionalmente, una de las piedras de toque en la preparaci\u00f3n de nuestros equipos de j\u00f3venes y, as\u00ed lo ser\u00e1, hasta que podamos contar con los jugadores de mayor nivel de Nuestro Ajedrez en Europa para competir por los puestos de honor de Castilla-La Mancha.<\/span><br \/>\n<span style=\"font-family: Arial, Helvetica, sans-serif;font-size: large\"><br \/><\/span><\/p>\n<div class=\"separator\" style=\"clear: both;text-align: center\">\n<a href=\"https:\/\/www.bfv.cloud\/ajedrezeuropa\/wp-content\/uploads\/2017\/06\/IMG-20170618-WA017.jpg\" style=\"margin-left: 1em;margin-right: 1em\"><img decoding=\"async\" border=\"0\" data-original-height=\"983\" data-original-width=\"942\" height=\"640\" src=\"https:\/\/blogger.googleusercontent.com\/img\/b\/R29vZ2xl\/AVvXsEg3xHtgQxPzxJaS1lNB9IhdzZp5In0rIpy4N-vgdjAB6WxcVk3ptV7YTlGGiU4CxuyNasDES2nL00kBZh0Zyd6vGj8BlXUa53WFED5iu6_um5zP9cpLonT9RXDxqsiV56d-wqBaGH-UB44\/s640\/IMG-20170618-WA017.jpg\" width=\"612\" \/><\/a><\/div>\n<p><span style=\"font-family: Arial, Helvetica, sans-serif;font-size: large\"><br \/><\/span><\/p>\n","protected":false},"excerpt":{"rendered":"<p>Los 6 componentes del equipo de Nuestro Ajedrez en Europa enen este Regional Al mediod\u00eda de ayer finaliz\u00f3 en Albacete el Campeonato de Castilla-La Mancha por Equipos de la categor\u00eda absoluta. Tras una emocionante \u00faltima ronda, con unos resultados muy apretados en todos los enfrentamientos, el CD Excalibur de Albacete y el Club de Ajedrez [&hellip;]<\/p>\n","protected":false},"author":1,"featured_media":1314,"comment_status":"open","ping_status":"closed","sticky":false,"template":"","format":"standard","meta":{"footnotes":""},"categories":[1],"tags":[],"class_list":["post-1313","post","type-post","status-publish","format-standard","has-post-thumbnail","hentry","category-noticias"],"_links":{"self":[{"href":"https:\/\/www.bfv.cloud\/ajedrezeuropa\/wp-json\/wp\/v2\/posts\/1313","targetHints":{"allow":["GET"]}}],"collection":[{"href":"https:\/\/www.bfv.cloud\/ajedrezeuropa\/wp-json\/wp\/v2\/posts"}],"about":[{"href":"https:\/\/www.bfv.cloud\/ajedrezeuropa\/wp-json\/wp\/v2\/types\/post"}],"author":[{"embeddable":true,"href":"https:\/\/www.bfv.cloud\/ajedrezeuropa\/wp-json\/wp\/v2\/users\/1"}],"replies":[{"embeddable":true,"href":"https:\/\/www.bfv.cloud\/ajedrezeuropa\/wp-json\/wp\/v2\/comments?post=1313"}],"version-history":[{"count":1,"href":"https:\/\/www.bfv.cloud\/ajedrezeuropa\/wp-json\/wp\/v2\/posts\/1313\/revisions"}],"predecessor-version":[{"id":1317,"href":"https:\/\/www.bfv.cloud\/ajedrezeuropa\/wp-json\/wp\/v2\/posts\/1313\/revisions\/1317"}],"wp:featuredmedia":[{"embeddable":true,"href":"https:\/\/www.bfv.cloud\/ajedrezeuropa\/wp-json\/wp\/v2\/media\/1314"}],"wp:attachment":[{"href":"https:\/\/www.bfv.cloud\/ajedrezeuropa\/wp-json\/wp\/v2\/media?parent=1313"}],"wp:term":[{"taxonomy":"category","embeddable":true,"href":"https:\/\/www.bfv.cloud\/ajedrezeuropa\/wp-json\/wp\/v2\/categories?post=1313"},{"taxonomy":"post_tag","embeddable":true,"href":"https:\/\/www.bfv.cloud\/ajedrezeuropa\/wp-json\/wp\/v2\/tags?post=1313"}],"curies":[{"name":"wp","href":"https:\/\/api.w.org\/{rel}","templated":true}]}}