{"id":1325,"date":"2014-01-22T21:37:00","date_gmt":"2014-01-22T21:37:00","guid":{"rendered":"https:\/\/www.bfv.cloud\/ajedrezeuropa\/index.php\/2014\/01\/22\/escolar-de-ciudad-real\/"},"modified":"2025-11-20T10:30:47","modified_gmt":"2025-11-20T10:30:47","slug":"escolar-de-ciudad-real","status":"publish","type":"post","link":"https:\/\/www.bfv.cloud\/ajedrezeuropa\/escolar-de-ciudad-real\/","title":{"rendered":"ESCOLAR DE CIUDAD REAL"},"content":{"rendered":"<div class=\"separator\" style=\"clear: both;text-align: center\">\n<a href=\"https:\/\/www.bfv.cloud\/ajedrezeuropa\/wp-content\/uploads\/2014\/01\/100_3005.jpg\" style=\"margin-left: 1em;margin-right: 1em\"><img fetchpriority=\"high\" decoding=\"async\" border=\"0\" src=\"https:\/\/www.bfv.cloud\/ajedrezeuropa\/wp-content\/uploads\/2014\/01\/100_3005.jpg\" height=\"166\" width=\"640\" \/><\/a><\/div>\n<p><span style=\"font-family: Trebuchet MS, sans-serif\"><span style=\"font-weight: normal\"><u>Campeonato del Deporte en Edad Escolar de Ciudad<br \/>\nReal<\/u><\/span>&nbsp;<\/span><\/p>\n<div class=\"separator\" style=\"clear: both;text-align: center\">\n<a href=\"https:\/\/www.bfv.cloud\/ajedrezeuropa\/wp-content\/uploads\/2014\/01\/FreshPaint-15-2014.01.20-03.28.56.png\" style=\"clear: right;float: right;margin-bottom: 1em;margin-left: 1em\"><img decoding=\"async\" border=\"0\" src=\"https:\/\/www.bfv.cloud\/ajedrezeuropa\/wp-content\/uploads\/2014\/01\/FreshPaint-15-2014.01.20-03.28.56.png\" height=\"222\" width=\"400\" \/><\/a><\/div>\n<div class=\"MsoNormal\" style=\"text-indent: 35.4pt\">\n<b><span style=\"font-family: Trebuchet MS, sans-serif\">El<br \/>\npasado domingo tambi\u00e9n comenz\u00f3 el Deporte en Edad Escolar en la provincia de<br \/>\nCiudad Real. Este a\u00f1o tan solo 8 escuelas han comenzado el campeonato, lo que<br \/>\nha incidido negativamente en el n\u00famero de participantes que ha bajado hasta 73<br \/>\nen esta jornada inaugural, 11 en la categor\u00eda cadete y 62 en la infantil. Las<br \/>\nescuelas de ajedrez que mayor n\u00famero de jugadores aportan son, por este orden:<br \/>\nTomelloso, Valdepe\u00f1as, Alc\u00e1zar de San Juan, Campo de Criptana y Ciudad Real,<br \/>\nsumando entre las cinco el 85% del total. Por parte de la escuela de ajedrez de<br \/>\nAlc\u00e1zar, fueron 7 chicos y 3 chicas los que acudieron a Miguelturra, disputando<br \/>\n9 de ellos la competici\u00f3n para menores de 14 a\u00f1os y uno la destinada a los<br \/>\njugadores que se encuentran entre 15 y 16 a\u00f1os de edad. Para la 2\u00aa jornada<br \/>\nesperamos contar con los 12 alumnos de nuestra escuela inscritos inicialmente.<br \/>\nEn lo que se refiere a los resultados, estos han sido:<\/span><\/b><\/div>\n<div class=\"MsoNormal\" style=\"text-indent: 35.4pt\">\n<b><span style=\"font-family: Trebuchet MS, sans-serif\"><br \/><\/span><\/b><\/div>\n<div class=\"MsoNormal\" style=\"text-indent: 35.4pt\">\n<u style=\"text-indent: 35.4pt\"><span style=\"font-family: Trebuchet MS, sans-serif\">Categor\u00eda<br \/>\nCadete:<\/span><\/u><\/div>\n<div class=\"separator\" style=\"clear: both;text-align: center\">\n<u style=\"text-indent: 35.4pt\"><span style=\"font-family: Trebuchet MS, sans-serif\"><a href=\"https:\/\/www.bfv.cloud\/ajedrezeuropa\/wp-content\/uploads\/2014\/01\/100_3006vm.jpg\" style=\"margin-left: 1em;margin-right: 1em\"><img decoding=\"async\" border=\"0\" src=\"https:\/\/www.bfv.cloud\/ajedrezeuropa\/wp-content\/uploads\/2014\/01\/100_3006vm.jpg\" height=\"162\" width=\"640\" \/><\/a><\/span><\/u><\/div>\n<p><\/p>\n<div class=\"MsoBodyTextIndent2\">\n<span style=\"font-family: Trebuchet MS, sans-serif\"><b>Javier Valdepe\u00f1as es nuestro representante en el<br \/>\ncadete y parte como n\u00ba 1 del ranking. En 1\u00aa ronda venci\u00f3, con piezas negras, al<br \/>\ntomellosero Jos\u00e9 M\u00aa Quiralte. El pr\u00f3ximo domingo se disputar\u00e1 doble ronda en<br \/>\nesta categor\u00eda, adelant\u00e1ndose interesantes enfrentamientos en cualquiera de las<br \/>\npartidas.<\/b><\/span><\/div>\n<div class=\"MsoNormal\" style=\"text-indent: 35.4pt\">\n<\/div>\n<div class=\"MsoNormal\" style=\"text-indent: 35.4pt\">\n<u><span style=\"font-family: Trebuchet MS, sans-serif\">Categor\u00eda<br \/>\nInfantil:<\/span><\/u><\/div>\n<div class=\"MsoNormal\" style=\"text-indent: 35.4pt\">\n<a href=\"https:\/\/www.bfv.cloud\/ajedrezeuropa\/wp-content\/uploads\/2014\/01\/100_3007.jpg\" style=\"clear: left;float: left;margin-bottom: 1em;margin-right: 1em\"><img loading=\"lazy\" decoding=\"async\" border=\"0\" src=\"https:\/\/www.bfv.cloud\/ajedrezeuropa\/wp-content\/uploads\/2014\/01\/100_3007.jpg\" height=\"145\" width=\"640\" \/><\/a><span style=\"text-indent: 35.4pt\"><span style=\"font-family: Trebuchet MS, sans-serif\"><b>Las 2 rondas disputadas en esta categor\u00eda, han<br \/>\ndejado a los 9 alumnos y alumnas de la escuela alcazare\u00f1a presentes este primer<br \/>\ndomingo, con las siguientes puntuaciones.<\/b><\/span><\/span><\/div>\n<div style=\"text-align: center\">\n<span style=\"font-weight: normal\"><span style=\"font-family: Trebuchet MS, sans-serif\"><u><i>Con 2 puntos:<\/i><\/u><\/span><\/span><\/div>\n<div style=\"text-align: center\">\n<span style=\"font-family: Trebuchet MS, sans-serif\"><b>Julio M\u00e9rida e Isabel Marcos-Alberca<\/b><\/span><\/div>\n<div style=\"text-align: center\">\n<span style=\"font-family: Trebuchet MS, sans-serif\"><u>Con 1 \u00bd puntos:<\/u><\/span><\/div>\n<div style=\"text-align: center\">\n<b><span style=\"font-family: Trebuchet MS, sans-serif\">Marta<br \/>\nEspinosa y Arturo Mate<\/span><\/b><\/div>\n<div style=\"text-align: center\">\n<span style=\"font-family: Trebuchet MS, sans-serif\"><u>Con 1 punto:<\/u><\/span><\/div>\n<div style=\"text-align: center\">\n<b><span style=\"font-family: Trebuchet MS, sans-serif\">Samuel<br \/>\nOrtiz, Pablo Vela, Enrique Velasco y Julia Meza<\/span><\/b><\/div>\n<div style=\"text-align: center\">\n<span style=\"font-family: Trebuchet MS, sans-serif\"><u>Con \u00bd punto:<\/u><\/span><\/div>\n<div style=\"text-align: center\">\n<b><span style=\"font-family: Trebuchet MS, sans-serif\">Rub\u00e9n<br \/>\nMonge<\/span><\/b><\/div>\n<p><b>&nbsp;<\/b><b>&nbsp; &nbsp; &nbsp; &nbsp; <span style=\"font-family: Trebuchet MS, sans-serif\">&nbsp;De<br \/>\nesta forma, todos los ajedrecistas alcazare\u00f1os que iniciaron el escolar&nbsp; de Ciudad Real han puntuado, quedando en la<br \/>\n3\u00aa plaza de la clasificaci\u00f3n provisional por equipos en la que se toman los 3<br \/>\nmejores resultados de cada escuela. De nuevo, la pr\u00f3xima jornada, doble ronda<br \/>\npara estos jovenc\u00edsimos aficionados. El domingo 25 de enero viajaremos a<br \/>\nMiguelturra con salida de la m\u00e1quina del tren a las 8 y media de la ma\u00f1ana.<\/span><\/b><\/p>\n","protected":false},"excerpt":{"rendered":"<p>Campeonato del Deporte en Edad Escolar de Ciudad Real&nbsp; El pasado domingo tambi\u00e9n comenz\u00f3 el Deporte en Edad Escolar en la provincia de Ciudad Real. Este a\u00f1o tan solo 8 escuelas han comenzado el campeonato, lo que ha incidido negativamente en el n\u00famero de participantes que ha bajado hasta 73 en esta jornada inaugural, 11 [&hellip;]<\/p>\n","protected":false},"author":1,"featured_media":1326,"comment_status":"open","ping_status":"closed","sticky":false,"template":"","format":"standard","meta":{"footnotes":""},"categories":[1],"tags":[],"class_list":["post-1325","post","type-post","status-publish","format-standard","has-post-thumbnail","hentry","category-noticias"],"_links":{"self":[{"href":"https:\/\/www.bfv.cloud\/ajedrezeuropa\/wp-json\/wp\/v2\/posts\/1325","targetHints":{"allow":["GET"]}}],"collection":[{"href":"https:\/\/www.bfv.cloud\/ajedrezeuropa\/wp-json\/wp\/v2\/posts"}],"about":[{"href":"https:\/\/www.bfv.cloud\/ajedrezeuropa\/wp-json\/wp\/v2\/types\/post"}],"author":[{"embeddable":true,"href":"https:\/\/www.bfv.cloud\/ajedrezeuropa\/wp-json\/wp\/v2\/users\/1"}],"replies":[{"embeddable":true,"href":"https:\/\/www.bfv.cloud\/ajedrezeuropa\/wp-json\/wp\/v2\/comments?post=1325"}],"version-history":[{"count":1,"href":"https:\/\/www.bfv.cloud\/ajedrezeuropa\/wp-json\/wp\/v2\/posts\/1325\/revisions"}],"predecessor-version":[{"id":1330,"href":"https:\/\/www.bfv.cloud\/ajedrezeuropa\/wp-json\/wp\/v2\/posts\/1325\/revisions\/1330"}],"wp:featuredmedia":[{"embeddable":true,"href":"https:\/\/www.bfv.cloud\/ajedrezeuropa\/wp-json\/wp\/v2\/media\/1326"}],"wp:attachment":[{"href":"https:\/\/www.bfv.cloud\/ajedrezeuropa\/wp-json\/wp\/v2\/media?parent=1325"}],"wp:term":[{"taxonomy":"category","embeddable":true,"href":"https:\/\/www.bfv.cloud\/ajedrezeuropa\/wp-json\/wp\/v2\/categories?post=1325"},{"taxonomy":"post_tag","embeddable":true,"href":"https:\/\/www.bfv.cloud\/ajedrezeuropa\/wp-json\/wp\/v2\/tags?post=1325"}],"curies":[{"name":"wp","href":"https:\/\/api.w.org\/{rel}","templated":true}]}}