{"id":1331,"date":"2011-03-28T22:46:00","date_gmt":"2011-03-28T22:46:00","guid":{"rendered":"https:\/\/www.bfv.cloud\/ajedrezeuropa\/index.php\/2011\/03\/28\/primer-dia-del-campeonato-por-edades-de-ciudad-real\/"},"modified":"2025-11-20T10:30:58","modified_gmt":"2025-11-20T10:30:58","slug":"primer-dia-del-campeonato-por-edades-de-ciudad-real","status":"publish","type":"post","link":"https:\/\/www.bfv.cloud\/ajedrezeuropa\/primer-dia-del-campeonato-por-edades-de-ciudad-real\/","title":{"rendered":"PRIMER D\u00cdA DEL CAMPEONATO POR EDADES DE CIUDAD REAL"},"content":{"rendered":"<p>\ufeff\ufeff <\/p>\n<table cellpadding=\"0\" cellspacing=\"0\" class=\"tr-caption-container\" style=\"float: right;margin-left: 1em;text-align: right\">\n<tbody>\n<tr>\n<td style=\"text-align: center\"><a href=\"https:\/\/www.bfv.cloud\/ajedrezeuropa\/wp-content\/uploads\/2011\/03\/federadoporedadesciudadreal2011Kodak006.jpg\" style=\"clear: right;margin-bottom: 1em;margin-left: auto;margin-right: auto\"><img fetchpriority=\"high\" decoding=\"async\" border=\"0\" height=\"300\" src=\"https:\/\/blogger.googleusercontent.com\/img\/b\/R29vZ2xl\/AVvXsEiyfCSDW0wsC0Of8CqoF5QJy5FHfVLJN2oSggVS1tQdNH2HO3QBTyInqbDtcf3DDNySkd_9RZh6_AJ4Q9adadlOM4u9AbGQMFsuO3-FibYeZVC-V7aZGEwYRNo7v0FeuZFmizhq4RnQuMw\/s400\/federado+por+edades+ciudad+real+2011+Kodak+006.jpg\" width=\"400\" \/><\/a><\/td>\n<\/tr>\n<tr>\n<td class=\"tr-caption\" style=\"text-align: center\">Cosimo Leonardo de Giorgi encabeza el ranking del sub-14, <br \/>\ngracias a su reciente valoraci\u00f3n elo FIDE de 1646.<\/td>\n<\/tr>\n<\/tbody>\n<\/table>\n<p>\ufeff\ufeff <\/p>\n<div style=\"border-bottom: medium none;border-left: medium none;border-right: medium none;border-top: medium none\">\n<div style=\"border-bottom: medium none;border-left: medium none;border-right: medium none;border-top: medium none\"><strong><span style=\", sans-serif\">Ha empezado en Tomelloso el provincial federado por edades de Ciudad Real con la participaci\u00f3n de 13 chicos y 2 chicas de la escuela de Alc\u00e1zar, pertenecientes 9 de ellos al club \u00abNuestro Ajedrez por la Igualdad\u00bb y los otros 6 a \u00abNuestro Ajedrez en Europa\u00bb. De momento, tras las 2 primeras rondas, tanto Cosimo Leonardo De Giorgi en el sub-14 como Jos\u00e9 \u00c1ngel Vela en&nbsp;el sub-16 han conseguido los 2 puntos en juego, figurando entre los 3 primeros clasificados de sus respectivas categor\u00edas. En este campeonato se clasifican los primeros&nbsp;en cada grupo de edad, tanto femenino como masculino, para disputar el Campeonato Regional por Edades que se celebrar\u00e1 en Horche (Guadalajara) del 15 al 18 de abril.<\/span><\/strong><\/div>\n<div style=\"border-bottom: medium none;border-left: medium none;border-right: medium none;border-top: medium none\">\n<\/div>\n<div style=\"border-bottom: medium none;border-left: medium none;border-right: medium none;border-top: medium none\"><\/div>\n<table align=\"center\" cellpadding=\"0\" cellspacing=\"0\" class=\"tr-caption-container\" style=\"float: left;margin-right: 1em;text-align: left\">\n<tbody>\n<tr>\n<td style=\"text-align: center\"><a href=\"https:\/\/www.bfv.cloud\/ajedrezeuropa\/wp-content\/uploads\/2011\/03\/federadoporedadesciudadreal2011Kodak007.jpg\" style=\"clear: left;margin-bottom: 1em;margin-left: auto;margin-right: auto\"><img decoding=\"async\" border=\"0\" height=\"300\" src=\"https:\/\/blogger.googleusercontent.com\/img\/b\/R29vZ2xl\/AVvXsEhHRUfccXYdKeKp979xVlZcdSeKmyIJjwyVv45M8a9eVYZBH14X044C5paXmJMJY3J9HQMrCfFbSLrayHzUYWL71-9IpfdFsDWnjfEf_Nl-J34OEqBTeh5ehQfpNqLpCOAgJykjyZsXWTY\/s400\/federado+por+edades+ciudad+real+2011+Kodak+007.jpg\" width=\"400\" \/><\/a><\/td>\n<\/tr>\n<tr>\n<td class=\"tr-caption\" style=\"text-align: center\">1\u00aa ronda del cub-16, Jos\u00e9 \u00c1ngel Vela se enfrenta a<br \/>\nM\u00aa Jos\u00e9 Ru\u00edz de Le\u00f3n. En el tablero de al lado juega <br \/>\nMario Rubio<\/td>\n<\/tr>\n<\/tbody>\n<\/table>\n<p><\/p>\n<div style=\"border-bottom: medium none;border-left: medium none;border-right: medium none;border-top: medium none\">\n<\/div>\n<div style=\"border-bottom: medium none;border-left: medium none;border-right: medium none;border-top: medium none\"><strong><span style=\", sans-serif\">Desde sub-10 a sub-18 todas las categor\u00edas tienen representaci\u00f3n de nuestra escuela de Alc\u00e1zar. A continuaci\u00f3n, vamos a presentar algunos de&nbsp;nuestros jugadores y jugadoras a trav\u00e9s de unas im\u00e1genes tomadas el domingo durante el transcurso de la 1\u00aa jornada. En las pr\u00f3ximas rondas completaremos la galer\u00eda de fotos con el resto de jugadores.<\/span><\/strong><\/div>\n<div style=\"border-bottom: medium none;border-left: medium none;border-right: medium none;border-top: medium none\"><\/div>\n<div style=\"border-bottom: medium none;border-left: medium none;border-right: medium none;border-top: medium none\">\ufeff\ufeff <\/div>\n<table align=\"center\" cellpadding=\"0\" cellspacing=\"0\" class=\"tr-caption-container\" style=\"float: left;margin-right: 1em;text-align: left\">\n<tbody>\n<tr>\n<td style=\"text-align: center\"><a href=\"https:\/\/www.bfv.cloud\/ajedrezeuropa\/wp-content\/uploads\/2011\/03\/federadoporedadesciudadreal2011003.jpg\" style=\"clear: left;margin-bottom: 1em;margin-left: auto;margin-right: auto\"><img decoding=\"async\" border=\"0\" height=\"200\" src=\"https:\/\/blogger.googleusercontent.com\/img\/b\/R29vZ2xl\/AVvXsEi9c9s9NWhG-brfskfGU3wco7wmTRuQJL-RuVljiVTfwgge-tL-l7X_PifUItGxPUsx2Woke_cGa3D6A64lPfxNb4pc4NSiCxgayiq6-7LiBERQk-oA6bz2PSj_K1M4OYQ4Xmr2Xk1c1fA\/s200\/federado+por+edades+ciudad+real+2011+003.jpg\" width=\"150\" \/><\/a><\/td>\n<\/tr>\n<tr>\n<td class=\"tr-caption\" style=\"text-align: center\">Luis Molina en el sub-12<\/td>\n<\/tr>\n<\/tbody>\n<\/table>\n<table align=\"center\" cellpadding=\"0\" cellspacing=\"0\" class=\"tr-caption-container\" style=\"margin-left: auto;margin-right: auto;text-align: right\">\n<tbody>\n<tr>\n<td style=\"text-align: center\"><a href=\"https:\/\/www.bfv.cloud\/ajedrezeuropa\/wp-content\/uploads\/2011\/03\/federadoporedadesciudadreal2011001.jpg\" style=\"clear: right;margin-bottom: 1em;margin-left: auto;margin-right: auto\"><img loading=\"lazy\" decoding=\"async\" border=\"0\" height=\"150\" src=\"https:\/\/blogger.googleusercontent.com\/img\/b\/R29vZ2xl\/AVvXsEjtHcuisLLTC-ENuRKK-Jr_Y8cWBAuHYFjUgDVgfFact7lIosDev4igWDzmdRmYIa5BSWz35bvbf9jtx72XOkfngy-r-92m66-u1HfXYAnwIkoIA6QpbWxodVNjXf7eNFLEDqpWWFi0ryk\/s200\/federado+por+edades+ciudad+real+2011+001.jpg\" width=\"200\" \/><\/a><\/td>\n<\/tr>\n<tr>\n<td class=\"tr-caption\" style=\"text-align: center\">Sub 10: Isabel Marcos-Alberca<\/td>\n<\/tr>\n<\/tbody>\n<\/table>\n<div style=\"border-bottom: medium none;border-left: medium none;border-right: medium none;border-top: medium none\">\ufeff\ufeff \ufeff\ufeff&nbsp; \ufeff\ufeff <\/div>\n<table cellpadding=\"0\" cellspacing=\"0\" class=\"tr-caption-container\" style=\"float: left;margin-right: 1em;text-align: left\">\n<tbody>\n<tr>\n<td style=\"text-align: center\"><a href=\"https:\/\/www.bfv.cloud\/ajedrezeuropa\/wp-content\/uploads\/2011\/03\/federadoporedadesciudadreal2011Kodak002.jpg\" style=\"clear: left;margin-bottom: 1em;margin-left: auto;margin-right: auto\"><img loading=\"lazy\" decoding=\"async\" border=\"0\" height=\"150\" src=\"https:\/\/blogger.googleusercontent.com\/img\/b\/R29vZ2xl\/AVvXsEhXM2J_u9zL9nw4Nv6KDc-aCbHSIIe4mN3CA8_geF4iCS1BXzHARgdhCUy_hKAHmidyfyuVLeHzcUQPkI_eaMoups-Ig5o1o4NUTp5JnDXxtrAM_Efksm6iPBcDyAZ8p8tfdVUs70tbOn8\/s200\/federado+por+edades+ciudad+real+2011+Kodak+002.jpg\" width=\"200\" \/><\/a><\/td>\n<\/tr>\n<tr>\n<td class=\"tr-caption\" style=\"border-bottom: medium none;border-left: medium none;border-right: medium none;border-top: medium none;text-align: center\">Guillermo Molina comienza su participaci\u00f3n en el sub-10<\/td>\n<\/tr>\n<\/tbody>\n<\/table>\n<p>\ufeff\ufeff \ufeff\ufeff\ufeff\ufeff\ufeff\ufeff\ufeff\ufeff\ufeff\ufeff\ufeff\ufeff\ufeff\ufeff\ufeff\ufeff <\/p>\n<div style=\"border-bottom: medium none;border-left: medium none;border-right: medium none;border-top: medium none\"><\/div>\n<\/div>\n<p>\ufeff\ufeff\ufeff\ufeff&nbsp; <\/p>\n<div style=\"border-bottom: medium none;border-left: medium none;border-right: medium none;border-top: medium none\">\ufeff\ufeff\ufeff <\/div>\n<div style=\"border-bottom: medium none;border-left: medium none;border-right: medium none;border-top: medium none\">\ufeff\ufeff\ufeff <\/div>\n<div style=\"text-align: right\"><\/div>\n<div style=\"border-bottom: medium none;border-left: medium none;border-right: medium none;border-top: medium none\">\ufeff\ufeff\ufeff \ufeff\ufeff<\/div>\n<div class=\"separator\" style=\"border-bottom: medium none;border-left: medium none;border-right: medium none;border-top: medium none;clear: both;text-align: center\"><\/div>\n<div class=\"separator\" style=\"border-bottom: medium none;border-left: medium none;border-right: medium none;border-top: medium none;clear: both;text-align: center\"><\/div>\n<div class=\"separator\" style=\"border-bottom: medium none;border-left: medium none;border-right: medium none;border-top: medium none;clear: both;text-align: center\"><\/div>\n<div class=\"separator\" style=\"border-bottom: medium none;border-left: medium none;border-right: medium none;border-top: medium none;clear: both;text-align: center\"><\/div>\n<div class=\"separator\" style=\"border-bottom: medium none;border-left: medium none;border-right: medium none;border-top: medium none;clear: both;text-align: center\">\ufeff \ufeff <\/p>\n<table align=\"center\" cellpadding=\"0\" cellspacing=\"0\" class=\"tr-caption-container\" style=\"clear: left;float: left;margin-bottom: 1em;margin-right: 1em;text-align: left\">\n<tbody>\n<tr>\n<td style=\"border-bottom: medium none;border-left: medium none;border-right: medium none;border-top: medium none;text-align: center\">\n<div style=\"border-bottom: medium none;border-left: medium none;border-right: medium none;border-top: medium none\"><a href=\"https:\/\/www.bfv.cloud\/ajedrezeuropa\/wp-content\/uploads\/2011\/03\/federadoporedadesciudadreal2011008.jpg\" style=\"clear: right;margin-bottom: 1em;margin-left: auto;margin-right: auto\"><img loading=\"lazy\" decoding=\"async\" border=\"0\" height=\"400\" src=\"https:\/\/blogger.googleusercontent.com\/img\/b\/R29vZ2xl\/AVvXsEh13T2agAN7N5kVbOqXNta9cWcMqiNTHGg4BfidnJ2zwpfnLcgfwTS5yk7dWY2-c66JVXDaqvVp3GDhIwWBXBIZx79w3cVAMFnPWZwrRFoOVPbMqFpPvWSXCUnRktmPN1KKJ-brhx4lIwY\/s400\/federado+por+edades+ciudad+real+2011+008.jpg\" width=\"300\" \/><\/a><\/div>\n<\/td>\n<\/tr>\n<tr>\n<td class=\"tr-caption\" style=\"border-bottom: medium none;border-left: medium none;border-right: medium none;border-top: medium none;text-align: center\">Sub-16: Manuel Marcos-Alberca<\/td>\n<\/tr>\n<\/tbody>\n<\/table>\n<p>\ufeff\ufeff<\/p><\/div>\n<div class=\"\" style=\"border-bottom: medium none;border-left: medium none;border-right: medium none;border-top: medium none;clear: both;text-align: center\">\ufeff\ufeff\ufeff\ufeff\ufeff\ufeff\ufeff\ufeff\ufeff\ufeff\ufeff\ufeff\ufeff\ufeff\ufeff\ufeff <\/p>\n<table cellpadding=\"0\" cellspacing=\"0\" class=\"tr-caption-container\" style=\"margin-left: 1em;margin-right: 1em;text-align: right\">\n<tbody>\n<tr>\n<td style=\"border-bottom: medium none;border-left: medium none;border-right: medium none;border-top: medium none;text-align: center\"><a href=\"https:\/\/www.bfv.cloud\/ajedrezeuropa\/wp-content\/uploads\/2011\/03\/federadoporedadesciudadreal2011Kodak001.jpg\" style=\"clear: left;margin-bottom: 1em;margin-left: auto;margin-right: auto\"><img loading=\"lazy\" decoding=\"async\" border=\"0\" height=\"240\" src=\"https:\/\/blogger.googleusercontent.com\/img\/b\/R29vZ2xl\/AVvXsEhdeU_dEhkEUdQN9Eajr3zHwV6dFqxZZzzOmpStgsfWaUzAcUuIzCBiOZdEBrSTr3U1sJsaaOrvccGLkK7DeziWvVJUE-2o_g-x4EgOOjAmGLfvQ-yZC6jm3tUTHQtk1f4KbQRZlVdVHso\/s320\/federado+por+edades+ciudad+real+2011+Kodak+001.jpg\" width=\"320\" \/><\/a><\/td>\n<\/tr>\n<tr>\n<td class=\"tr-caption\" style=\"text-align: center\">Sub-10: Enrique Velasco y Julia Meza<\/td>\n<\/tr>\n<\/tbody>\n<\/table>\n<p>\ufeff\ufeff\ufeff\ufeff\ufeff\ufeff\ufeff\ufeff\ufeff\ufeff\ufeff\ufeff\ufeff\ufeff\ufeff\ufeff\ufeff<\/p><\/div>\n","protected":false},"excerpt":{"rendered":"<p>\ufeff\ufeff Cosimo Leonardo de Giorgi encabeza el ranking del sub-14, gracias a su reciente valoraci\u00f3n elo FIDE de 1646. \ufeff\ufeff Ha empezado en Tomelloso el provincial federado por edades de Ciudad Real con la participaci\u00f3n de 13 chicos y 2 chicas de la escuela de Alc\u00e1zar, pertenecientes 9 de ellos al club \u00abNuestro Ajedrez por [&hellip;]<\/p>\n","protected":false},"author":1,"featured_media":1332,"comment_status":"open","ping_status":"closed","sticky":false,"template":"","format":"standard","meta":{"footnotes":""},"categories":[1],"tags":[],"class_list":["post-1331","post","type-post","status-publish","format-standard","has-post-thumbnail","hentry","category-noticias"],"_links":{"self":[{"href":"https:\/\/www.bfv.cloud\/ajedrezeuropa\/wp-json\/wp\/v2\/posts\/1331","targetHints":{"allow":["GET"]}}],"collection":[{"href":"https:\/\/www.bfv.cloud\/ajedrezeuropa\/wp-json\/wp\/v2\/posts"}],"about":[{"href":"https:\/\/www.bfv.cloud\/ajedrezeuropa\/wp-json\/wp\/v2\/types\/post"}],"author":[{"embeddable":true,"href":"https:\/\/www.bfv.cloud\/ajedrezeuropa\/wp-json\/wp\/v2\/users\/1"}],"replies":[{"embeddable":true,"href":"https:\/\/www.bfv.cloud\/ajedrezeuropa\/wp-json\/wp\/v2\/comments?post=1331"}],"version-history":[{"count":1,"href":"https:\/\/www.bfv.cloud\/ajedrezeuropa\/wp-json\/wp\/v2\/posts\/1331\/revisions"}],"predecessor-version":[{"id":1339,"href":"https:\/\/www.bfv.cloud\/ajedrezeuropa\/wp-json\/wp\/v2\/posts\/1331\/revisions\/1339"}],"wp:featuredmedia":[{"embeddable":true,"href":"https:\/\/www.bfv.cloud\/ajedrezeuropa\/wp-json\/wp\/v2\/media\/1332"}],"wp:attachment":[{"href":"https:\/\/www.bfv.cloud\/ajedrezeuropa\/wp-json\/wp\/v2\/media?parent=1331"}],"wp:term":[{"taxonomy":"category","embeddable":true,"href":"https:\/\/www.bfv.cloud\/ajedrezeuropa\/wp-json\/wp\/v2\/categories?post=1331"},{"taxonomy":"post_tag","embeddable":true,"href":"https:\/\/www.bfv.cloud\/ajedrezeuropa\/wp-json\/wp\/v2\/tags?post=1331"}],"curies":[{"name":"wp","href":"https:\/\/api.w.org\/{rel}","templated":true}]}}