{"id":1340,"date":"2022-12-14T19:36:00","date_gmt":"2022-12-14T19:36:00","guid":{"rendered":"https:\/\/www.bfv.cloud\/ajedrezeuropa\/index.php\/2022\/12\/14\/nuestro-ajedrez-por-la-igualdad-8o-en-el-sub12-de-la-copa-del-hotel-bali-de-benidorm\/"},"modified":"2025-11-20T10:31:04","modified_gmt":"2025-11-20T10:31:04","slug":"nuestro-ajedrez-por-la-igualdad-8o-en-el-sub12-de-la-copa-del-hotel-bali-de-benidorm","status":"publish","type":"post","link":"https:\/\/www.bfv.cloud\/ajedrezeuropa\/nuestro-ajedrez-por-la-igualdad-8o-en-el-sub12-de-la-copa-del-hotel-bali-de-benidorm\/","title":{"rendered":"NUESTRO AJEDREZ POR LA IGUALDAD, 8\u00ba EN EL SUB12 DE LA COPA DEL HOTEL BALI DE BENIDORM"},"content":{"rendered":"<p>&nbsp;<\/p>\n<table align=\"center\" cellpadding=\"0\" cellspacing=\"0\" class=\"tr-caption-container\" style=\"margin-left: auto;margin-right: auto\">\n<tbody>\n<tr>\n<td style=\"text-align: center\"><a href=\"https:\/\/www.bfv.cloud\/ajedrezeuropa\/wp-content\/uploads\/2022\/12\/320al20comenzar20la20ronda.jpg\" style=\"margin-left: auto;margin-right: auto\"><img fetchpriority=\"high\" decoding=\"async\" border=\"0\" data-original-height=\"1434\" data-original-width=\"1978\" height=\"464\" src=\"https:\/\/blogger.googleusercontent.com\/img\/b\/R29vZ2xl\/AVvXsEgmiwm3re60UAJTHRWU7kTSKkc_4jWsvcVHIzMkWf6SLEht5Q30zUD7b3RTQavVAL8QEf9u4tMsGaO26Otwr2GbiNe2x2w-tOfgGOzOBrvzWlhP-zukXyx4PrCvSSQLqWwaTz9wgOr2-DWMF0rNnImSfwIB9z4RWcDVhd53pDNgkaDfiXhyK-lasy92\/w640-h464\/3%20al%20comenzar%20la%20ronda.jpg\" width=\"640\" \/><\/a><\/td>\n<\/tr>\n<tr>\n<td class=\"tr-caption\" style=\"text-align: center\">El equipo sub-12 de Nuestro Ajedrez por la Igualdad en la ronda que le enfrent\u00f3<br \/>al equipo del Asssa Enric Valor, que finaliz\u00f3 como subcampe\u00f3n del torneo<\/td>\n<\/tr>\n<\/tbody>\n<\/table>\n<div><span style=\"font-family: Montserrat;font-size: large\"><br \/><\/span><\/div>\n<div><span style=\"font-family: Montserrat;font-size: large\">El Gran Hotel Bali de la ciudad alicantina de Benidorm ha retomado la organizaci\u00f3n de la Copa por Equipos de ajedrez tras la \u00faltima celebrada en 2019. La reanudaci\u00f3n de este torneo, disputado del 8 al 11 de diciembre, ha permitido que 81 equipos de toda Espa\u00f1a, con m\u00e1s de 400 ajedrecistas de 8 a 18 a\u00f1os de edad, se den cita en esta XIII edici\u00f3n. En la categor\u00eda juvenil (sub18) ha habido una participaci\u00f3n r\u00e9cord con 52 equipos, mientras que en la infantil (sub12) han sido 29 las formaciones que lo han disputado.<\/span><\/p>\n<\/div>\n<div>\n<table align=\"center\" cellpadding=\"0\" cellspacing=\"0\" class=\"tr-caption-container\" style=\"margin-left: auto;margin-right: auto\">\n<tbody>\n<tr>\n<td style=\"text-align: center\"><a href=\"https:\/\/www.bfv.cloud\/ajedrezeuropa\/wp-content\/uploads\/2022\/12\/120entrenadores20y20jugadores.jpg\" style=\"margin-left: auto;margin-right: auto\"><img decoding=\"async\" border=\"0\" data-original-height=\"1174\" data-original-width=\"2024\" height=\"372\" src=\"https:\/\/blogger.googleusercontent.com\/img\/b\/R29vZ2xl\/AVvXsEhQ5PPnaXY3tQo0AhYWntb8dMg7f3ljr3sDhl_3T9gU2cPH8GxdzX335kiCwN27DytmIoYnLFfOntC-ZT1zODlSXh6EXPeV9R0For4VUXt6DcOm1msrWLwxSY0WyfeJHurVcKxxe52BQQ1ywwaWoF2FqwkoY4J-SK6g0bWyZnIW4H-dyanuv8lgq8b3\/w640-h372\/1%20entrenadores%20y%20jugadores.jpg\" width=\"640\" \/><\/a><\/td>\n<\/tr>\n<tr>\n<td class=\"tr-caption\" style=\"text-align: center\">Los dos equipos con sus entrenadores<\/td>\n<\/tr>\n<\/tbody>\n<\/table>\n<p><i style=\"font-family: Montserrat;font-size: x-large\"><u><br \/><\/u><\/i><\/div>\n<div><i style=\"font-family: Montserrat;font-size: x-large\"><u>El gran papel del equipo infantil de la Igualdad<\/u><\/i><\/div>\n<div><span style=\"font-family: Montserrat;font-size: large\">El club Nuestro Ajedrez por la Igualdad present\u00f3 un equipo formado por: Marta Elena Jim\u00e9nez Carrazoni, Jaime Vila Castillo, Carlos Edmundo Morales Rodr\u00edguez, Santiago Linares N\u00fa\u00f1ez y Pablo D\u00edaz-Oliver Rodr\u00edguez-Escalona. Despu\u00e9s de las 6 rondas disputadas, obtuvo un total de 7 puntos en la clasificaci\u00f3n final y otros 14 puntos en el total de partidas. Con 2 victorias, 3 empates y una sola derrota, ha mejorado en 4 posiciones su ranking inicial, alcanzando la 8\u00aa plaza entre los 29 equipos participantes. Esta 8\u00aa posici\u00f3n es el mejor resultado de todos los clubes de Castilla-La Mancha que han competido en 2022 entre ambas categor\u00edas, sub18 y sub12. Tambi\u00e9n es la mejor clasificaci\u00f3n hist\u00f3rica del Club de la Igualdad en las 5 ediciones del infantil celebradas hasta ahora. Los 5 componentes del equipo consiguieron puntuar, destacando los resultados obtenidos por Marta Elena Jim\u00e9nez en el tablero 1, con 4,5 puntos; Jaime Vila en el tablero 2, con 4 puntos; y Santiago Linares el tablero 3, con 3,5 puntos.&nbsp; Para los m\u00e1s peque\u00f1os del equipo, Carlos Morales y Pablo D\u00edaz-Oliver, con 1 punto cada uno, ha sido la primera oportunidad de disputar un torneo de \u00e1mbito nacional y de mejorar en su preparaci\u00f3n ajedrec\u00edstica.&nbsp;<\/span><\/div>\n<div><span style=\"font-family: Montserrat;font-size: large\">En la parte t\u00e9cnica, Silvia Toribio, ha sido la preparadora, compartiendo responsabilidades con el gran maestro, Herminio Herr\u00e1iz.<\/span><\/div>\n<div>\n<table align=\"center\" cellpadding=\"0\" cellspacing=\"0\" class=\"tr-caption-container\" style=\"margin-left: auto;margin-right: auto\">\n<tbody>\n<tr>\n<td style=\"text-align: center\"><a href=\"https:\/\/www.bfv.cloud\/ajedrezeuropa\/wp-content\/uploads\/2022\/12\/820EL20SUB1220CON20SILVIA.jpg\" style=\"margin-left: auto;margin-right: auto\"><img decoding=\"async\" border=\"0\" data-original-height=\"1690\" data-original-width=\"1812\" height=\"596\" src=\"https:\/\/blogger.googleusercontent.com\/img\/b\/R29vZ2xl\/AVvXsEggtJNWepuBIfnLdIEftzxvAIQDIJ9L09tyxgVvZkUKE167Y71X4Z1DhNCM-6B4md80O3bf6uGPCVDx-amf9nap1zJq0JJH_ccDoG4MJ4B-3Sz7Hig0BI0Xt4KcmMG3dmK5Sto6St40j7thI18kFN8AfN7M8ylMuy3XF66uNoXxwaMzBFizDdGnsZ9N\/w640-h596\/8%20EL%20SUB12%20CON%20SILVIA.jpg\" width=\"640\" \/><\/a><\/td>\n<\/tr>\n<tr>\n<td class=\"tr-caption\" style=\"text-align: center\">El equipo sub12 junto a su entrenadora, Silvia<\/td>\n<\/tr>\n<\/tbody>\n<\/table>\n<\/div>\n<div><\/div>\n<div><span style=\"font-family: Montserrat;font-size: large\"><i><u>El juvenil de Nuestro Ajedrez en Europa<\/u><\/i><\/span><\/div>\n<div><span style=\"font-family: Montserrat;font-size: large\">En la competici\u00f3n sub18, el equipo formado por: David Crespo D\u00edaz, Alonso L\u00f3pez N\u00fa\u00f1ez, \u00c1ngel Collado Alcolado, Javier Jim\u00e9nez Carrazoni y \u00d3scar Ortega Olivares, han representado a Nuestro Ajedrez en Europa. Con 3 victorias y 3 derrotas han sumado 6 puntos que les ha servido para ocupar la 26\u00aa plaza de la clasificaci\u00f3n final, lejos de la 14\u00aa posici\u00f3n que ocupaban en el ranking inicial. Para la fuerza y capacidad de este equipo ha sido un campeonato muy por debajo de sus posibilidades. Aunque hayan competido a buen nivel durante todo el torneo, ha sido una l\u00e1stima que en un par de enfrentamientos no se llegara a consolidar en el final de la partida la ventaja conseguida en la apertura y el medio juego. Esta formaci\u00f3n de j\u00f3venes ajedrecistas tiene por delante una nueva temporada en 2023 donde se mantendr\u00e1 \u00edntegra. Con un a\u00f1o por delante, todav\u00eda queda tiempo para alcanzar a corregir algunos errores y mejorar notablemente los resultados de esta temporada que ya finaliza.<\/span><\/div>\n<div>\n<table align=\"center\" cellpadding=\"0\" cellspacing=\"0\" class=\"tr-caption-container\" style=\"margin-left: auto;margin-right: auto\">\n<tbody>\n<tr>\n<td style=\"text-align: center\"><a href=\"https:\/\/www.bfv.cloud\/ajedrezeuropa\/wp-content\/uploads\/2022\/12\/920EL20SUB1820CON20HERMINIO.jpg\" style=\"margin-left: auto;margin-right: auto\"><img loading=\"lazy\" decoding=\"async\" border=\"0\" data-original-height=\"2048\" data-original-width=\"2048\" height=\"640\" src=\"https:\/\/blogger.googleusercontent.com\/img\/b\/R29vZ2xl\/AVvXsEhzgPEQSFobhpZRUhtNugG5IPujQorCC69kbsQBLWWQhdCyZtyCJSuzzYZFH393z36ten-fbTqGzA8NY8_bW5u4_sD7qANwPaCV1XXvChLisP8FMHoXmeDRgNi5qDe4JF5-BPYnfBqh5-V0bF4GiTbgZfiXDfn85fU6Q-X8qwLtKC1LVHQeLY1CSeHw\/w640-h640\/9%20EL%20SUB18%20CON%20HERMINIO.jpg\" width=\"640\" \/><\/a><\/td>\n<\/tr>\n<tr>\n<td class=\"tr-caption\" style=\"text-align: center\">El equipo sub18 junto a su entrenador, Herminio<\/td>\n<\/tr>\n<\/tbody>\n<\/table>\n<p><span style=\"font-family: Montserrat;font-size: large\"><br \/><\/span><\/div>\n","protected":false},"excerpt":{"rendered":"<p>&nbsp; El equipo sub-12 de Nuestro Ajedrez por la Igualdad en la ronda que le enfrent\u00f3al equipo del Asssa Enric Valor, que finaliz\u00f3 como subcampe\u00f3n del torneo El Gran Hotel Bali de la ciudad alicantina de Benidorm ha retomado la organizaci\u00f3n de la Copa por Equipos de ajedrez tras la \u00faltima celebrada en 2019. La [&hellip;]<\/p>\n","protected":false},"author":1,"featured_media":1341,"comment_status":"open","ping_status":"closed","sticky":false,"template":"","format":"standard","meta":{"footnotes":""},"categories":[1],"tags":[],"class_list":["post-1340","post","type-post","status-publish","format-standard","has-post-thumbnail","hentry","category-noticias"],"_links":{"self":[{"href":"https:\/\/www.bfv.cloud\/ajedrezeuropa\/wp-json\/wp\/v2\/posts\/1340","targetHints":{"allow":["GET"]}}],"collection":[{"href":"https:\/\/www.bfv.cloud\/ajedrezeuropa\/wp-json\/wp\/v2\/posts"}],"about":[{"href":"https:\/\/www.bfv.cloud\/ajedrezeuropa\/wp-json\/wp\/v2\/types\/post"}],"author":[{"embeddable":true,"href":"https:\/\/www.bfv.cloud\/ajedrezeuropa\/wp-json\/wp\/v2\/users\/1"}],"replies":[{"embeddable":true,"href":"https:\/\/www.bfv.cloud\/ajedrezeuropa\/wp-json\/wp\/v2\/comments?post=1340"}],"version-history":[{"count":1,"href":"https:\/\/www.bfv.cloud\/ajedrezeuropa\/wp-json\/wp\/v2\/posts\/1340\/revisions"}],"predecessor-version":[{"id":1345,"href":"https:\/\/www.bfv.cloud\/ajedrezeuropa\/wp-json\/wp\/v2\/posts\/1340\/revisions\/1345"}],"wp:featuredmedia":[{"embeddable":true,"href":"https:\/\/www.bfv.cloud\/ajedrezeuropa\/wp-json\/wp\/v2\/media\/1341"}],"wp:attachment":[{"href":"https:\/\/www.bfv.cloud\/ajedrezeuropa\/wp-json\/wp\/v2\/media?parent=1340"}],"wp:term":[{"taxonomy":"category","embeddable":true,"href":"https:\/\/www.bfv.cloud\/ajedrezeuropa\/wp-json\/wp\/v2\/categories?post=1340"},{"taxonomy":"post_tag","embeddable":true,"href":"https:\/\/www.bfv.cloud\/ajedrezeuropa\/wp-json\/wp\/v2\/tags?post=1340"}],"curies":[{"name":"wp","href":"https:\/\/api.w.org\/{rel}","templated":true}]}}