{"id":1346,"date":"2025-06-16T18:15:00","date_gmt":"2025-06-16T18:15:00","guid":{"rendered":"https:\/\/www.bfv.cloud\/ajedrezeuropa\/index.php\/2025\/06\/16\/xviii-campus-de-verano-del-28-de-julio-al-2-de-agosto\/"},"modified":"2025-11-20T10:31:06","modified_gmt":"2025-11-20T10:31:06","slug":"xviii-campus-de-verano-del-28-de-julio-al-2-de-agosto","status":"publish","type":"post","link":"https:\/\/www.bfv.cloud\/ajedrezeuropa\/xviii-campus-de-verano-del-28-de-julio-al-2-de-agosto\/","title":{"rendered":"XVIII CAMPUS DE VERANO DEL 28 DE JULIO AL 2 DE AGOSTO"},"content":{"rendered":"<p>&nbsp;<\/p>\n<div class=\"separator\" style=\"clear: both;text-align: center\"><a href=\"https:\/\/www.bfv.cloud\/ajedrezeuropa\/wp-content\/uploads\/2025\/06\/TRIPTICO20XVIII20CAMPUS20202520MODIFICADO_001-1.jpg\" style=\"margin-left: 1em;margin-right: 1em\"><img fetchpriority=\"high\" decoding=\"async\" border=\"0\" data-original-height=\"595\" data-original-width=\"842\" height=\"452\" src=\"https:\/\/blogger.googleusercontent.com\/img\/b\/R29vZ2xl\/AVvXsEhUhSLEN62P4EyuxCREJhHltHxkQHKaHl6RX5M12uh1iVnE52fCEz4nxeev_4wCZ_k9FS5ezF19Q96K2nczJt0GJnZ-vloswItngiaycLxEe_RZq_p_NIbZd9YIBA6dyQoyWh3hWln_oMrcanR5KuvEGxPWNJrmIKq1-ofREzurpEDyoDGlalJ2APscf9E\/w640-h452\/TRIPTICO%20XVIII%20CAMPUS%202025%20MODIFICADO_001.jpg\" width=\"640\" \/><\/a><\/div>\n<p><\/p>\n<p><span style=\"font-family: georgia;font-size: large\">Del 28 de julio al 2 de agosto se celebrar\u00e1 la 18\u00aa edici\u00f3n del campus de verano \u00abNuestro Ajedrez en Europa\u00bb. Toda la informaci\u00f3n est\u00e1 contenida en el tr\u00edptico que publicamos. El periodo de preinscripci\u00f3n ha quedado abierto hoy y finaliza el pr\u00f3ximo viernes 20 de junio. El campus est\u00e1 abierto a la participaci\u00f3n de chicos y chicas con edades comprendidas entre los 5 y los 18 a\u00f1os.<\/span><\/p>\n<\/p>\n<div class=\"separator\" style=\"clear: both;text-align: center\"><a href=\"https:\/\/www.bfv.cloud\/ajedrezeuropa\/wp-content\/uploads\/2025\/06\/TRIPTICO20XVIII20CAMPUS20202520MODIFICADO_002.jpg\" style=\"margin-left: 1em;margin-right: 1em\"><img decoding=\"async\" border=\"0\" data-original-height=\"595\" data-original-width=\"842\" height=\"452\" src=\"https:\/\/blogger.googleusercontent.com\/img\/b\/R29vZ2xl\/AVvXsEjTv2N1WQGqs0HZFV2mlczO8vYAEcWKhZK8YPFXo6aOY3NzqLmOwhp9fhGW_AxB0mcDjY6ffpj86TfEOaYD0sGQ6kpVli0EfdiXEZFlyYZVRIOqyTkWK6sbHGksr7Khm7wHDS3ARV_02UlsgD33kL94ZI_Wul8BXfZgNcQ1393kNQUAojwPxsE8mKj5mv0\/w640-h452\/TRIPTICO%20XVIII%20CAMPUS%202025%20MODIFICADO_002.jpg\" width=\"640\" \/><\/a><\/div>\n<p><span style=\"font-family: georgia;font-size: large\">Para realizar la preinscripci\u00f3n es imprescindible rellenar y enviar la siguiente ficha de inscripci\u00f3n<\/span><\/p>\n<\/p>\n<div class=\"separator\" style=\"clear: both;text-align: center\"><a href=\"https:\/\/www.bfv.cloud\/ajedrezeuropa\/wp-content\/uploads\/2025\/06\/DATOS20PARA20CAMPUS202025_001.jpg\" style=\"margin-left: 1em;margin-right: 1em\"><img decoding=\"async\" border=\"0\" data-original-height=\"842\" data-original-width=\"595\" height=\"640\" src=\"https:\/\/blogger.googleusercontent.com\/img\/b\/R29vZ2xl\/AVvXsEi39hKTuRv-wygrTW3dFe7aKjr3_k2V-0Z9gXGigBfKACZv2FZY_CjWnRKzXJ1jwVH7X9_STDXsw6hQDVM57v-VnZqpXGVoBZrjLdmkgMJ5NMBLqeVg2AGMLeDkSxR06rjqiVgGMrRzMuGmF3j3miAKoZcn5Jp-D2owxOSIcTKDglte1Nw7fDzoFEOL5Vw\/w452-h640\/DATOS%20PARA%20CAMPUS%202025_001.jpg\" width=\"452\" \/><\/a><\/div>\n<p><span style=\"font-family: georgia;font-size: large\">Hay plazas limitadas, incluyendo las reservadas para chicos y chicas que no pertenecen a las escuelas de ajedrez de Alc\u00e1zar de San Juan y Villafranca de los Caballeros.<\/span><\/p>\n","protected":false},"excerpt":{"rendered":"<p>&nbsp; Del 28 de julio al 2 de agosto se celebrar\u00e1 la 18\u00aa edici\u00f3n del campus de verano \u00abNuestro Ajedrez en Europa\u00bb. Toda la informaci\u00f3n est\u00e1 contenida en el tr\u00edptico que publicamos. El periodo de preinscripci\u00f3n ha quedado abierto hoy y finaliza el pr\u00f3ximo viernes 20 de junio. El campus est\u00e1 abierto a la participaci\u00f3n [&hellip;]<\/p>\n","protected":false},"author":1,"featured_media":1347,"comment_status":"open","ping_status":"closed","sticky":false,"template":"","format":"standard","meta":{"footnotes":""},"categories":[1],"tags":[],"class_list":["post-1346","post","type-post","status-publish","format-standard","has-post-thumbnail","hentry","category-noticias"],"_links":{"self":[{"href":"https:\/\/www.bfv.cloud\/ajedrezeuropa\/wp-json\/wp\/v2\/posts\/1346","targetHints":{"allow":["GET"]}}],"collection":[{"href":"https:\/\/www.bfv.cloud\/ajedrezeuropa\/wp-json\/wp\/v2\/posts"}],"about":[{"href":"https:\/\/www.bfv.cloud\/ajedrezeuropa\/wp-json\/wp\/v2\/types\/post"}],"author":[{"embeddable":true,"href":"https:\/\/www.bfv.cloud\/ajedrezeuropa\/wp-json\/wp\/v2\/users\/1"}],"replies":[{"embeddable":true,"href":"https:\/\/www.bfv.cloud\/ajedrezeuropa\/wp-json\/wp\/v2\/comments?post=1346"}],"version-history":[{"count":1,"href":"https:\/\/www.bfv.cloud\/ajedrezeuropa\/wp-json\/wp\/v2\/posts\/1346\/revisions"}],"predecessor-version":[{"id":1350,"href":"https:\/\/www.bfv.cloud\/ajedrezeuropa\/wp-json\/wp\/v2\/posts\/1346\/revisions\/1350"}],"wp:featuredmedia":[{"embeddable":true,"href":"https:\/\/www.bfv.cloud\/ajedrezeuropa\/wp-json\/wp\/v2\/media\/1347"}],"wp:attachment":[{"href":"https:\/\/www.bfv.cloud\/ajedrezeuropa\/wp-json\/wp\/v2\/media?parent=1346"}],"wp:term":[{"taxonomy":"category","embeddable":true,"href":"https:\/\/www.bfv.cloud\/ajedrezeuropa\/wp-json\/wp\/v2\/categories?post=1346"},{"taxonomy":"post_tag","embeddable":true,"href":"https:\/\/www.bfv.cloud\/ajedrezeuropa\/wp-json\/wp\/v2\/tags?post=1346"}],"curies":[{"name":"wp","href":"https:\/\/api.w.org\/{rel}","templated":true}]}}