{"id":1351,"date":"2017-09-13T12:04:00","date_gmt":"2017-09-13T12:04:00","guid":{"rendered":"https:\/\/www.bfv.cloud\/ajedrezeuropa\/index.php\/2017\/09\/13\/los-torneos-de-illescas-y-mora-reunen-a-un-centenar-de-ajedrecistas\/"},"modified":"2025-11-20T10:31:11","modified_gmt":"2025-11-20T10:31:11","slug":"los-torneos-de-illescas-y-mora-reunen-a-un-centenar-de-ajedrecistas","status":"publish","type":"post","link":"https:\/\/www.bfv.cloud\/ajedrezeuropa\/los-torneos-de-illescas-y-mora-reunen-a-un-centenar-de-ajedrecistas\/","title":{"rendered":"LOS TORNEOS DE ILLESCAS Y MORA RE\u00daNEN A UN CENTENAR DE AJEDRECISTAS"},"content":{"rendered":"<div class=\"separator\" style=\"clear: both;text-align: center\">\n<iframe width=\"320\" height=\"266\" class=\"YOUTUBE-iframe-video\" src=\"https:\/\/www.youtube.com\/embed\/RaV2LVmVoSk?feature=player_embedded\" frameborder=\"0\" allowfullscreen><\/iframe><\/div>\n<p><\/p>\n<table align=\"center\" cellpadding=\"0\" cellspacing=\"0\" class=\"tr-caption-container\" style=\"margin-left: auto;margin-right: auto;text-align: center\">\n<tbody>\n<tr>\n<td style=\"text-align: center\"><span style=\"font-family: Helvetica Neue, Arial, Helvetica, sans-serif;font-size: large\"><b>El fin de semana pasado se celebraron los torneos de ferias en la localidades toledanas de Illescas y Mora con una participaci\u00f3n muy pr\u00f3xima al centenar de jugadores. El s\u00e1bado por la tarde en el Espacio de Creaci\u00f3n Joven de Illescas se daban cita 54 ajedrecistas, m\u00e1s de la mitad de ellos menores de 16 a\u00f1os, para disputar la segunda edici\u00f3n de su torneo de ferias. El \u00fanico jugador que finaliz\u00f3 con los 5 puntos posibles fue Javier Hern\u00e1ndez Mateo de Esquivias seguido de Karim Javier Rodr\u00edguez y de Daniel P\u00edriz.&nbsp;<\/b><\/span><br \/><a href=\"https:\/\/www.bfv.cloud\/ajedrezeuropa\/wp-content\/uploads\/2017\/09\/IMG-20170909-WA003.jpg\" style=\"margin-left: auto;margin-right: auto\"><img fetchpriority=\"high\" decoding=\"async\" border=\"0\" data-original-height=\"828\" data-original-width=\"1576\" height=\"336\" src=\"https:\/\/blogger.googleusercontent.com\/img\/b\/R29vZ2xl\/AVvXsEhY9LVj1-elp9dvO1mNomLLyEwQLgj4714iAu9649mxF44f3jp8FwuU2F-duKsdK3NpTrpJysYlevfzoxg-csn5onWJENl7zNWDBG_PqsseTdqIMH7lVMvfy2BYzycW9o-6_N10E0r_w4U\/s640\/IMG-20170909-WA003.jpg\" width=\"640\" \/><\/a><\/td>\n<\/tr>\n<tr>\n<td class=\"tr-caption\" style=\"text-align: center\">Todos los premiados junto a los 3 concejales del ayuntamiento de Illescas que se encargaron del reparto de trofeos<\/td>\n<\/tr>\n<\/tbody>\n<\/table>\n<p>&nbsp;<span style=\"font-family: Helvetica Neue, Arial, Helvetica, sans-serif;font-size: large\"><b>La representaci\u00f3n municipal en la entrega de premios estuvo compuesta por: Bel\u00e9n Beamud, concejala de Educaci\u00f3n y Deporte, Jes\u00fas Garc\u00eda, concejal de Servicios Sociales, y Germ\u00e1n Pelayo, concejal de Econom\u00eda y Hacienda. En el acto de clausura se destac\u00f3 la apuesta que el ayuntamiento de Illescas ha realizado por el proyecto \u00abEL AJEDREZ EN LA ESCUELA\u00bb. Un proyecto que durante el curso 2017\/2018 se ampl\u00eda a m\u00e1s cursos y m\u00e1s colegios.<\/b><\/span><\/p>\n<table cellpadding=\"0\" cellspacing=\"0\" class=\"tr-caption-container\" style=\"float: right;margin-left: 1em;text-align: right\">\n<tbody>\n<tr>\n<td style=\"text-align: center\"><a href=\"https:\/\/www.bfv.cloud\/ajedrezeuropa\/wp-content\/uploads\/2017\/09\/IMG_20170909_173443.jpg\" style=\"clear: right;margin-bottom: 1em;margin-left: auto;margin-right: auto\"><img decoding=\"async\" border=\"0\" data-original-height=\"608\" data-original-width=\"1600\" height=\"240\" src=\"https:\/\/blogger.googleusercontent.com\/img\/b\/R29vZ2xl\/AVvXsEi70vFoRvm_TlZaeSn4FEYTWJM96w4BCrp7XVbbrqLbBMKb-087u2qeBuW5oVV7YyzVJkQaWKQQeTmIjsQOyWeN9fzRPGLZisoIrPytJc7bhbF7SuM0UCZF0nGBWkSZyPwp4HJ3MkUVsAM\/s640\/IMG_20170909_173443.jpg\" width=\"640\" \/><\/a><\/td>\n<\/tr>\n<tr>\n<td class=\"tr-caption\" style=\"text-align: center\">Una imagen de la sala de juego en el Espacio de Creaci\u00f3n Joven de<br \/>Illescas<\/td>\n<\/tr>\n<\/tbody>\n<\/table>\n<p><span style=\"font-family: Helvetica Neue, Arial, Helvetica, sans-serif;font-size: large\"><b>Para el domingo por la ma\u00f1ana quedaba el torneo de Mora, con 41 participantes y con Luis Miguel Monreal como vencedor de la categor\u00eda absoluta. Este a\u00f1o el torneo presentaba varias novedades, una de ellas el ritmo de juego que pasaba a ser rel\u00e1mpago, al que se a\u00f1ad\u00eda el n\u00famero de rondas que llegaba hasta 7. Los j\u00f3venes ajedrecistas tambi\u00e9n en Mora fueron mayor\u00eda, sumando un total de 14 poblaciones diferentes de las provincias de Toledo, Ciudad Real y de la Comunidad de Madrid. El concejal de Deportes, Sergio Moreno, fue el encargado de realizar la entrega de trofeos.<\/b><\/span><\/p>\n<table align=\"center\" cellpadding=\"0\" cellspacing=\"0\" class=\"tr-caption-container\" style=\"margin-left: auto;margin-right: auto;text-align: center\">\n<tbody>\n<tr>\n<td style=\"text-align: center\"><a href=\"https:\/\/www.bfv.cloud\/ajedrezeuropa\/wp-content\/uploads\/2017\/09\/IMG-20170910-WA000.jpg\" style=\"margin-left: auto;margin-right: auto\"><img decoding=\"async\" border=\"0\" data-original-height=\"777\" data-original-width=\"1600\" height=\"310\" src=\"https:\/\/blogger.googleusercontent.com\/img\/b\/R29vZ2xl\/AVvXsEhD4QZO_L-ZX-BJ7PTTrwXCQ1yA4g2Tb6DlE_t4CkSfTyLdsfasz1H-igGT7Cz0watv1WPrIwxDLKQKp6XMA98L74s1GN_1fgFwf58ijhtgr01C-hqw2SyojB2TS1_rWijyJxUMaB1QKtw\/s640\/IMG-20170910-WA000.jpg\" width=\"640\" \/><\/a><\/td>\n<\/tr>\n<tr>\n<td class=\"tr-caption\" style=\"text-align: center\">Premiados y jugadores en el escenario del sal\u00f3n de actos de la casa de la cultura de Mora<br \/>junto a Sergio Moreno, concejal de deportes<\/td>\n<\/tr>\n<\/tbody>\n<\/table>\n<p><span style=\"font-family: Helvetica Neue, Arial, Helvetica, sans-serif;font-size: large\"><b><br \/><\/b><\/span><\/p>\n","protected":false},"excerpt":{"rendered":"<p>El fin de semana pasado se celebraron los torneos de ferias en la localidades toledanas de Illescas y Mora con una participaci\u00f3n muy pr\u00f3xima al centenar de jugadores. El s\u00e1bado por la tarde en el Espacio de Creaci\u00f3n Joven de Illescas se daban cita 54 ajedrecistas, m\u00e1s de la mitad de ellos menores de 16 [&hellip;]<\/p>\n","protected":false},"author":1,"featured_media":1352,"comment_status":"open","ping_status":"closed","sticky":false,"template":"","format":"standard","meta":{"footnotes":""},"categories":[1],"tags":[],"class_list":["post-1351","post","type-post","status-publish","format-standard","has-post-thumbnail","hentry","category-noticias"],"_links":{"self":[{"href":"https:\/\/www.bfv.cloud\/ajedrezeuropa\/wp-json\/wp\/v2\/posts\/1351","targetHints":{"allow":["GET"]}}],"collection":[{"href":"https:\/\/www.bfv.cloud\/ajedrezeuropa\/wp-json\/wp\/v2\/posts"}],"about":[{"href":"https:\/\/www.bfv.cloud\/ajedrezeuropa\/wp-json\/wp\/v2\/types\/post"}],"author":[{"embeddable":true,"href":"https:\/\/www.bfv.cloud\/ajedrezeuropa\/wp-json\/wp\/v2\/users\/1"}],"replies":[{"embeddable":true,"href":"https:\/\/www.bfv.cloud\/ajedrezeuropa\/wp-json\/wp\/v2\/comments?post=1351"}],"version-history":[{"count":1,"href":"https:\/\/www.bfv.cloud\/ajedrezeuropa\/wp-json\/wp\/v2\/posts\/1351\/revisions"}],"predecessor-version":[{"id":1355,"href":"https:\/\/www.bfv.cloud\/ajedrezeuropa\/wp-json\/wp\/v2\/posts\/1351\/revisions\/1355"}],"wp:featuredmedia":[{"embeddable":true,"href":"https:\/\/www.bfv.cloud\/ajedrezeuropa\/wp-json\/wp\/v2\/media\/1352"}],"wp:attachment":[{"href":"https:\/\/www.bfv.cloud\/ajedrezeuropa\/wp-json\/wp\/v2\/media?parent=1351"}],"wp:term":[{"taxonomy":"category","embeddable":true,"href":"https:\/\/www.bfv.cloud\/ajedrezeuropa\/wp-json\/wp\/v2\/categories?post=1351"},{"taxonomy":"post_tag","embeddable":true,"href":"https:\/\/www.bfv.cloud\/ajedrezeuropa\/wp-json\/wp\/v2\/tags?post=1351"}],"curies":[{"name":"wp","href":"https:\/\/api.w.org\/{rel}","templated":true}]}}