{"id":1356,"date":"2013-06-17T22:56:00","date_gmt":"2013-06-17T22:56:00","guid":{"rendered":"https:\/\/www.bfv.cloud\/ajedrezeuropa\/index.php\/2013\/06\/17\/celebradas-las-reuniones-previas-al-vi-campus-de-verano\/"},"modified":"2025-11-20T10:31:16","modified_gmt":"2025-11-20T10:31:16","slug":"celebradas-las-reuniones-previas-al-vi-campus-de-verano","status":"publish","type":"post","link":"https:\/\/www.bfv.cloud\/ajedrezeuropa\/celebradas-las-reuniones-previas-al-vi-campus-de-verano\/","title":{"rendered":"CELEBRADAS LAS REUNIONES PREVIAS AL VI CAMPUS DE VERANO"},"content":{"rendered":"<div class=\"separator\" style=\"clear: both;text-align: center\">\n<a href=\"https:\/\/www.bfv.cloud\/ajedrezeuropa\/wp-content\/uploads\/2013\/06\/tripticodelVIcampuspartedefuera-1.jpg\" style=\"clear: left;float: left;margin-bottom: 1em;margin-right: 1em\"><img fetchpriority=\"high\" decoding=\"async\" border=\"0\" height=\"282\" src=\"https:\/\/blogger.googleusercontent.com\/img\/b\/R29vZ2xl\/AVvXsEiBp5NLcSkyJ7_9NgM-kMLJe84iRBqTqw4ShBnOFkoJXLlW2zgskz-K9fEQeiaxctGMAQnIfrysuogjiAIw2EBnPGnY-PcII2ZYF_7e3lqDQnVcvrWu9oX-B3J6_ef-KveDOS7_PUCkLhw\/s400\/triptico+del+VI+campus+parte++de+fuera.JPG\" width=\"400\" \/><\/a><\/div>\n<p><a href=\"https:\/\/www.bfv.cloud\/ajedrezeuropa\/wp-content\/uploads\/2013\/06\/tripticodelVIcampuspartecentral-1.jpg\" style=\"clear: left;float: left;margin-bottom: 1em;margin-right: 1em\"><img decoding=\"async\" border=\"0\" height=\"282\" src=\"https:\/\/blogger.googleusercontent.com\/img\/b\/R29vZ2xl\/AVvXsEiO97mFtlTaLLF0VHwQCdZRSqF3Pkc-zVgU1xtEtm29oPEtCDiZyy4-N_xSuSnzjidlEs0_Xku7LRepoNOdVu6RE6F0fLsNA9iEsO1lm4vStW_QaXGyNcv2avQ74BdyVWdtEXTp9mE-rpE\/s400\/triptico+del+VI+campus+parte+central.JPG\" width=\"400\" \/><\/a>&nbsp;<span style=\"font-family: Verdana, sans-serif\"><span style=\"font-size: 12pt;text-align: justify\">Los locales de las escuelas<br \/>\nmunicipales de ajedrez de Villafranca de los Caballeros y Alc\u00e1zar de San Juan<br \/>\nalbergaron las reuniones con los padres y madres previas al VI CAMPUS DE VERANO<br \/>\ndurante el pasado fin de semana. Se confirmaron las fechas de celebraci\u00f3n, del<br \/>\n29 de julio al 3 de agosto, as\u00ed como las condiciones de inscripci\u00f3n. Volver\u00e1 a<br \/>\nrepetirse la presencia de contrastados entrenadores como el gm Herminio<br \/>\nHerr\u00e1iz, la preparadora Ana Isabel Gonz\u00e1lez<\/span><span style=\"font-size: 12pt;text-align: justify\">&nbsp;<br \/>\n<\/span><span style=\"font-size: 12pt;text-align: justify\">y los monitores Antonio Albo, Luis Miguel Monreal y Sergio Y\u00e9benes,<br \/>\ncontando como novedad con la colaboraci\u00f3n del que fuera campe\u00f3n de Espa\u00f1a,<br \/>\nFernando Visier Segovia. En esta ocasi\u00f3n, el gm georgiano Elizbar Ubilava no<br \/>\npuede asistir por razones de incompatibilidad con el calendario de<br \/>\nentrenamiento comprometido con 2 importantes jugadores a los que prepara<br \/>\nhabitualmente. Esto ha motivado la sustituci\u00f3n de Ubilava por Fernando Visier,<br \/>\nque tambi\u00e9n es un gran conocedor en el entrenamiento espec\u00edfico de finales y de<br \/>\nposiciones t\u00e1cticas, adem\u00e1s de un reconocido colaborador de la secci\u00f3n de<br \/>\najedrez del diario ABC y de varias revistas especializadas.<\/span><span style=\"font-size: 12pt;text-align: justify\">&nbsp; <\/span><span style=\"font-size: 12pt;text-align: justify\">De esta forma, la sexta edici\u00f3n del campus<br \/>\n\u201cNUESTRO AJEDREZ EN EUROPA\u201d, ratifica su condici\u00f3n de referente nacional en el<br \/>\n\u00e1mbito de los cursos de tecnificaci\u00f3n, perfeccionamiento e iniciaci\u00f3n,<br \/>\nconstituyendo una oferta formativa de primer nivel en el mundo del ajedrez para<br \/>\nesa semana estival.<\/span><\/span><\/p>\n<div class=\"MsoTitle\" style=\"text-align: justify\">\n<\/div>\n<div class=\"MsoTitle\" style=\"text-align: justify\">\n<span style=\"font-size: 12pt\"><span style=\"font-family: Verdana, sans-serif\">En lo que se refiere a las<br \/>\ncondiciones de inscripci\u00f3n, se mantienen las del a\u00f1o anterior, permitiendo la<br \/>\nparticipaci\u00f3n de chicos y chicas con edades comprendidas entre los 5 y los 18<br \/>\na\u00f1os, seg\u00fan las siguientes tasas:<\/span><\/span><\/div>\n<div class=\"MsoTitle\" style=\"text-align: center\">\n<b><span style=\"font-size: 12pt\"><span style=\"font-family: Verdana, sans-serif\">1\u00ba.- Alumnos y alumnas de las escuelas de ajedrez de<br \/>\nAlc\u00e1zar y Villafranca: <\/span><\/span><\/b><\/div>\n<div class=\"MsoTitle\" style=\"text-align: center\">\n<b><span style=\"font-size: 12.0pt\"><span style=\"font-family: Verdana, sans-serif\"><u>75 \u20ac.<\/u><\/span><\/span><\/b><\/div>\n<div class=\"MsoTitle\" style=\"text-align: center\">\n<b><span style=\"font-size: 12pt\"><span style=\"font-family: Verdana, sans-serif\">2\u00ba.- Reserva de un m\u00e1ximo de 8 plazas para chicos y chicas<br \/>\nno pertenecientes a ninguna de las 2 escuelas:<\/span><\/span><\/b><\/div>\n<div class=\"MsoTitle\" style=\"text-align: center\">\n<b><span style=\"font-size: 12.0pt\"><span style=\"font-family: Verdana, sans-serif\"><u>120 \u20ac<\/u><\/span><\/span><\/b><\/div>\n<div class=\"MsoBodyText\">\n<span style=\"font-family: Verdana, sans-serif\">En ambos casos est\u00e1n incluidas las clases (en horario de<br \/>\nma\u00f1ana y tarde), el almuerzo y el desplazamiento en autob\u00fas de Villafranca a<br \/>\nAlc\u00e1zar durante los d\u00edas 29, 30 y 31 de julio, y de Alc\u00e1zar a Villafranca los<br \/>\nd\u00edas 1, 2 y 3 de agosto. El resto de caracter\u00edsticas se detallan en el tr\u00edptico<br \/>\nde este a\u00f1o, que se puede solicitar a la siguiente direcci\u00f3n de correo:<\/span><\/div>\n<div align=\"center\" class=\"MsoBodyText\" style=\"text-align: center\">\n<a href=\"mailto:felixtoribio@terra.com\"><span style=\"font-family: Verdana, sans-serif\">felixtoribio@terra.com<\/span><\/a><\/div>\n<p><\/p>\n<table align=\"center\" cellpadding=\"0\" cellspacing=\"0\" class=\"tr-caption-container\" style=\"margin-left: auto;margin-right: auto;text-align: center\">\n<tbody>\n<tr>\n<td style=\"text-align: center\"><a href=\"https:\/\/www.bfv.cloud\/ajedrezeuropa\/wp-content\/uploads\/2013\/06\/FotosreunionpreparatoriaVIcampus004.jpg\" style=\"margin-left: auto;margin-right: auto\"><img decoding=\"async\" border=\"0\" height=\"190\" src=\"https:\/\/blogger.googleusercontent.com\/img\/b\/R29vZ2xl\/AVvXsEia4yfrc4ie0HfqLMp9m__mxMbl4z6Jb8gkZqFSnn7ZHCp0J66sCHLhKMDoi22ithbB4iFOKR8nFQ38IbnZVDRqfZRFv7VHlrpIrKRvMBBwry4Esc8l38xsPIk0fbezGnZb2UNwPWVvILs\/s400\/Fotos+reunion+preparatoria+VI+campus+004.jpg\" width=\"400\" \/><\/a><\/td>\n<\/tr>\n<tr>\n<td class=\"tr-caption\" style=\"text-align: center\">Imagen de la sala de conferencias de la casa de la cultura de<br \/>\nVillafranca durante la reuni\u00f3n del s\u00e1bado por la tarde<\/td>\n<\/tr>\n<\/tbody>\n<\/table>\n<p><\/p>\n<table align=\"center\" cellpadding=\"0\" cellspacing=\"0\" class=\"tr-caption-container\" style=\"margin-left: auto;margin-right: auto;text-align: center\">\n<tbody>\n<tr>\n<td style=\"text-align: center\"><a href=\"https:\/\/www.bfv.cloud\/ajedrezeuropa\/wp-content\/uploads\/2013\/06\/FotosreunionpreparatoriaVIcampus007.jpg\" style=\"margin-left: auto;margin-right: auto\"><img loading=\"lazy\" decoding=\"async\" border=\"0\" height=\"300\" src=\"https:\/\/blogger.googleusercontent.com\/img\/b\/R29vZ2xl\/AVvXsEjKAFKGLC45PNCm0l48VBVOQdo10PlYXCqCV3JBOSUGLT4HgLWcDK3Tc8iA6VF_eoZE8du2UZbqiH1QvtFwEIbX15hqhzQGIEcOSDOTjCN3pApG7cqMBrf-JfiTrUfzbpUF0kIrmgWozAM\/s400\/Fotos+reunion+preparatoria+VI+campus+007.jpg\" width=\"400\" \/><\/a><\/td>\n<\/tr>\n<tr>\n<td class=\"tr-caption\" style=\"text-align: center\">Imagen de algunos de los asistentes del <br \/>\ndomingo por la ma\u00f1ana en el local de la escuela de ajedrez de Alc\u00e1zar\n<\/td>\n<\/tr>\n<\/tbody>\n<\/table>\n<p><\/p>\n","protected":false},"excerpt":{"rendered":"<p>&nbsp;Los locales de las escuelas municipales de ajedrez de Villafranca de los Caballeros y Alc\u00e1zar de San Juan albergaron las reuniones con los padres y madres previas al VI CAMPUS DE VERANO durante el pasado fin de semana. Se confirmaron las fechas de celebraci\u00f3n, del 29 de julio al 3 de agosto, as\u00ed como las [&hellip;]<\/p>\n","protected":false},"author":1,"featured_media":1357,"comment_status":"open","ping_status":"closed","sticky":false,"template":"","format":"standard","meta":{"footnotes":""},"categories":[1],"tags":[],"class_list":["post-1356","post","type-post","status-publish","format-standard","has-post-thumbnail","hentry","category-noticias"],"_links":{"self":[{"href":"https:\/\/www.bfv.cloud\/ajedrezeuropa\/wp-json\/wp\/v2\/posts\/1356","targetHints":{"allow":["GET"]}}],"collection":[{"href":"https:\/\/www.bfv.cloud\/ajedrezeuropa\/wp-json\/wp\/v2\/posts"}],"about":[{"href":"https:\/\/www.bfv.cloud\/ajedrezeuropa\/wp-json\/wp\/v2\/types\/post"}],"author":[{"embeddable":true,"href":"https:\/\/www.bfv.cloud\/ajedrezeuropa\/wp-json\/wp\/v2\/users\/1"}],"replies":[{"embeddable":true,"href":"https:\/\/www.bfv.cloud\/ajedrezeuropa\/wp-json\/wp\/v2\/comments?post=1356"}],"version-history":[{"count":1,"href":"https:\/\/www.bfv.cloud\/ajedrezeuropa\/wp-json\/wp\/v2\/posts\/1356\/revisions"}],"predecessor-version":[{"id":1361,"href":"https:\/\/www.bfv.cloud\/ajedrezeuropa\/wp-json\/wp\/v2\/posts\/1356\/revisions\/1361"}],"wp:featuredmedia":[{"embeddable":true,"href":"https:\/\/www.bfv.cloud\/ajedrezeuropa\/wp-json\/wp\/v2\/media\/1357"}],"wp:attachment":[{"href":"https:\/\/www.bfv.cloud\/ajedrezeuropa\/wp-json\/wp\/v2\/media?parent=1356"}],"wp:term":[{"taxonomy":"category","embeddable":true,"href":"https:\/\/www.bfv.cloud\/ajedrezeuropa\/wp-json\/wp\/v2\/categories?post=1356"},{"taxonomy":"post_tag","embeddable":true,"href":"https:\/\/www.bfv.cloud\/ajedrezeuropa\/wp-json\/wp\/v2\/tags?post=1356"}],"curies":[{"name":"wp","href":"https:\/\/api.w.org\/{rel}","templated":true}]}}