{"id":136,"date":"2016-09-05T20:24:00","date_gmt":"2016-09-05T20:24:00","guid":{"rendered":"https:\/\/www.bfv.cloud\/ajedrezeuropa\/index.php\/2016\/09\/05\/el-proximo-fin-de-semana-se-celebraran-los-torneos-de-illescas-y-mora\/"},"modified":"2025-11-20T10:13:49","modified_gmt":"2025-11-20T10:13:49","slug":"el-proximo-fin-de-semana-se-celebraran-los-torneos-de-illescas-y-mora","status":"publish","type":"post","link":"https:\/\/www.bfv.cloud\/ajedrezeuropa\/el-proximo-fin-de-semana-se-celebraran-los-torneos-de-illescas-y-mora\/","title":{"rendered":"EL PR\u00d3XIMO FIN DE SEMANA SE CELEBRAR\u00c1N LOS TORNEOS DE ILLESCAS Y MORA"},"content":{"rendered":"<div class=\"separator\" style=\"clear: both;text-align: center\">\n<a href=\"https:\/\/www.bfv.cloud\/ajedrezeuropa\/wp-content\/uploads\/2016\/09\/torneodeillescas.jpg\" style=\"clear: right;float: right;margin-bottom: 1em;margin-left: 1em\"><img fetchpriority=\"high\" decoding=\"async\" border=\"0\" height=\"640\" src=\"https:\/\/blogger.googleusercontent.com\/img\/b\/R29vZ2xl\/AVvXsEiroENwQQDXi_vTptU_gqaNeJyeDf81Xb32oYpTs8P5YQUWCe2dFTkDf29VEB1fk_IRYJaoS27eUomIlI7aryPUpi3gklBQQuxg4mEvofI9KI0rX-6GduXW8S-nlR98MwmQG31C9CW0ZSU\/s640\/torneo+de+illescas.jpg\" width=\"452\" \/><\/a><\/div>\n<h2>\n<span style=\"font-size: x-large\"><i><u>TORNEO DE FIESTAS DE ILLESCAS<\/u><\/i>&nbsp;<\/span><\/h2>\n<h2>\nEl pr\u00f3ximo s\u00e1bado 10 de septiembre a las 16,30 horas se celebrar\u00e1 el TORNEO DE FIESTAS DE ILLESCAS, conforme a lo descrito en el cartel y las bases que adjuntamos en esta noticia.&nbsp;<\/h2>\n<h2>\n<b><br \/><\/b><\/h2>\n<h2>\n<b><br \/><\/b><\/h2>\n<h2>\n<b><br \/><\/b><\/h2>\n<h2>\n<b><br \/><\/b><\/h2>\n<div>\n<b><br \/><\/b><\/div>\n<div>\n<b><br \/><\/b><\/div>\n<div>\n<b><br \/><\/b><\/div>\n<div>\n<b><br \/><\/b><\/div>\n<div>\n<b><br \/><\/b><\/div>\n<h2>\n<b>\u00a1\u00a1ESPERAMOS VUESTRA PARTICIPACI\u00d3N!!<\/b><\/h2>\n<div class=\"separator\" style=\"clear: both;text-align: center\">\n<a href=\"https:\/\/www.bfv.cloud\/ajedrezeuropa\/wp-content\/uploads\/2016\/09\/BASESTORNEOILLESCAS2016.jpg\" style=\"clear: right;float: right;margin-bottom: 1em;margin-left: 1em\"><img decoding=\"async\" border=\"0\" height=\"640\" src=\"https:\/\/blogger.googleusercontent.com\/img\/b\/R29vZ2xl\/AVvXsEgvURlKylSXuRj9wqYekDaWdcVfGFt9BPeSYBSUwiZoy1CNza-4R1F7924LsHIrXmEyZPhUQXzqeEXQsO5GqYVPQq12qgNLDNQ6BenLL6rwdE35TdCMrluu9WU_OsVwTgTMpZ84FPhYrrc\/s640\/BASES+TORNEO+ILLESCAS+2016.jpg\" width=\"451\" \/><\/a><\/div>\n<p><\/p>\n<h2>\n<i><u><br \/><\/u><\/i><\/h2>\n<h2>\n<i><u><br \/><\/u><\/i><\/h2>\n<h2>\n<i><u><br \/><\/u><\/i><\/h2>\n<h2>\n<i><u><br \/><\/u><\/i><\/h2>\n<h2>\n<i><u><br \/><\/u><\/i><\/h2>\n<h2>\n<i><u><br \/><\/u><\/i><\/h2>\n<h2>\n<i><u><br \/><\/u><\/i><\/h2>\n<h2>\n<i><u><br \/><\/u><\/i><\/h2>\n<h2>\n<i><u><br \/><\/u><\/i><\/h2>\n<h2>\n<i><u><br \/><\/u><\/i><\/h2>\n<h2>\n<i><u><br \/><\/u><\/i><\/h2>\n<h2>\n<i><u><br \/><\/u><\/i><\/h2>\n<h2>\n<span style=\"color: #660000\"><i><u><br \/><\/u><\/i><\/span><\/h2>\n<h2>\n<span style=\"color: #660000\"><i><u><br \/><\/u><\/i><\/span><\/h2>\n<h2>\n<span style=\"color: #660000\"><i><u><br \/><\/u><\/i><\/span><\/h2>\n<h2>\n<span style=\"color: #660000\"><i><u><br \/><\/u><\/i><\/span><\/h2>\n<h2>\n<span style=\"color: #660000\"><i><u><br \/><\/u><\/i><\/span><\/h2>\n<h2>\n<span style=\"color: #660000;font-size: x-large\"><i><u><br \/><\/u><\/i><\/span><\/h2>\n<h2>\n<span style=\"color: #660000;font-size: x-large\"><i><u><br \/><\/u><\/i><\/span><\/h2>\n<h2>\n<span style=\"color: #660000;font-size: x-large\"><i><u>I TORNEO DE AJEDREZ ABIERTO DE FERIAS DE MORA<\/u><\/i>&nbsp;<\/span><\/h2>\n<h2>\n<a href=\"https:\/\/www.bfv.cloud\/ajedrezeuropa\/wp-content\/uploads\/2016\/09\/Cartelmora2016.jpg\" style=\"clear: left;float: left;margin-bottom: 1em;margin-right: 1em\"><img decoding=\"async\" border=\"0\" height=\"640\" src=\"https:\/\/blogger.googleusercontent.com\/img\/b\/R29vZ2xl\/AVvXsEjuQhIZUWr_3ePbThIYGbqWhAPt0WIVboEAMp9Pe-SN0SvTZWupHO7GaaDqIjsjpGKv4FAezTrL7TRcmnh5xQbR27H8jUYu9hYaPvAfEADbMxiW6KenVKFIBHnszFUzETlBhR48Zzkqe3o\/s640\/Cartel+mora+2016.jpg\" width=\"458\" \/><\/a><span style=\"color: #660000\">Al d\u00eda siguiente, domingo 11 de septiembre, a las 9,30 de la ma\u00f1ana, la casa de la cultura de Mora acoger\u00e1 el nuevo TORNEO DE AJEDREZ ABIERTO DE FERIAS. En el cartel y en las bases que a continuaci\u00f3n publicamos pod\u00e9is encontrar toda la informaci\u00f3n.<\/span><\/h2>\n<div>\n<span style=\"color: #660000\"><br \/><\/span><\/div>\n<div>\n<span style=\"color: #660000\"><br \/><\/span><\/div>\n<div>\n<span style=\"color: #660000\"><br \/><\/span><\/div>\n<h2>\n<span style=\"color: #660000\">\u00a1\u00a1OS ESPERAMOS!!<\/span><\/h2>\n<div class=\"separator\" style=\"clear: both;text-align: center\">\n<a href=\"https:\/\/www.bfv.cloud\/ajedrezeuropa\/wp-content\/uploads\/2016\/09\/Cartelmora2016.jpg\" style=\"clear: left;float: left;margin-bottom: 1em;margin-right: 1em\"><\/a><a href=\"https:\/\/www.bfv.cloud\/ajedrezeuropa\/wp-content\/uploads\/2016\/09\/0001252812529.jpg\" style=\"margin-left: 1em;margin-right: 1em\"><img loading=\"lazy\" decoding=\"async\" border=\"0\" height=\"640\" src=\"https:\/\/blogger.googleusercontent.com\/img\/b\/R29vZ2xl\/AVvXsEhtKXj5ziyskeDQYTnf1WP3BbkfXaZTT_HWXf_1EoNAf6ZV72DRZ2Y_9rKNiiMtFdnklUVGhJD0h2izENyckzvo0hPdQw6lxyIMWV7LzWPATLbrsigRUrIJjBwBBuJNN7haK9lUqiGY3IQ\/s640\/0001+%25281%2529.jpg\" width=\"451\" \/><\/a><\/div>\n","protected":false},"excerpt":{"rendered":"<p>TORNEO DE FIESTAS DE ILLESCAS&nbsp; El pr\u00f3ximo s\u00e1bado 10 de septiembre a las 16,30 horas se celebrar\u00e1 el TORNEO DE FIESTAS DE ILLESCAS, conforme a lo descrito en el cartel y las bases que adjuntamos en esta noticia.&nbsp; \u00a1\u00a1ESPERAMOS VUESTRA PARTICIPACI\u00d3N!! I TORNEO DE AJEDREZ ABIERTO DE FERIAS DE MORA&nbsp; Al d\u00eda siguiente, domingo 11 [&hellip;]<\/p>\n","protected":false},"author":1,"featured_media":137,"comment_status":"open","ping_status":"closed","sticky":false,"template":"","format":"standard","meta":{"footnotes":""},"categories":[1],"tags":[],"class_list":["post-136","post","type-post","status-publish","format-standard","has-post-thumbnail","hentry","category-noticias"],"_links":{"self":[{"href":"https:\/\/www.bfv.cloud\/ajedrezeuropa\/wp-json\/wp\/v2\/posts\/136","targetHints":{"allow":["GET"]}}],"collection":[{"href":"https:\/\/www.bfv.cloud\/ajedrezeuropa\/wp-json\/wp\/v2\/posts"}],"about":[{"href":"https:\/\/www.bfv.cloud\/ajedrezeuropa\/wp-json\/wp\/v2\/types\/post"}],"author":[{"embeddable":true,"href":"https:\/\/www.bfv.cloud\/ajedrezeuropa\/wp-json\/wp\/v2\/users\/1"}],"replies":[{"embeddable":true,"href":"https:\/\/www.bfv.cloud\/ajedrezeuropa\/wp-json\/wp\/v2\/comments?post=136"}],"version-history":[{"count":1,"href":"https:\/\/www.bfv.cloud\/ajedrezeuropa\/wp-json\/wp\/v2\/posts\/136\/revisions"}],"predecessor-version":[{"id":141,"href":"https:\/\/www.bfv.cloud\/ajedrezeuropa\/wp-json\/wp\/v2\/posts\/136\/revisions\/141"}],"wp:featuredmedia":[{"embeddable":true,"href":"https:\/\/www.bfv.cloud\/ajedrezeuropa\/wp-json\/wp\/v2\/media\/137"}],"wp:attachment":[{"href":"https:\/\/www.bfv.cloud\/ajedrezeuropa\/wp-json\/wp\/v2\/media?parent=136"}],"wp:term":[{"taxonomy":"category","embeddable":true,"href":"https:\/\/www.bfv.cloud\/ajedrezeuropa\/wp-json\/wp\/v2\/categories?post=136"},{"taxonomy":"post_tag","embeddable":true,"href":"https:\/\/www.bfv.cloud\/ajedrezeuropa\/wp-json\/wp\/v2\/tags?post=136"}],"curies":[{"name":"wp","href":"https:\/\/api.w.org\/{rel}","templated":true}]}}