{"id":1362,"date":"2017-11-21T19:14:00","date_gmt":"2017-11-21T19:14:00","guid":{"rendered":"https:\/\/www.bfv.cloud\/ajedrezeuropa\/index.php\/2017\/11\/21\/2a-jornada-del-provincial-por-equipos-de-toledo\/"},"modified":"2025-11-20T10:31:28","modified_gmt":"2025-11-20T10:31:28","slug":"2a-jornada-del-provincial-por-equipos-de-toledo","status":"publish","type":"post","link":"https:\/\/www.bfv.cloud\/ajedrezeuropa\/2a-jornada-del-provincial-por-equipos-de-toledo\/","title":{"rendered":"2\u00aa JORNADA DEL PROVINCIAL POR EQUIPOS DE TOLEDO"},"content":{"rendered":"<table align=\"center\" cellpadding=\"0\" cellspacing=\"0\" class=\"tr-caption-container\" style=\"margin-left: auto;margin-right: auto;text-align: center\">\n<tbody>\n<tr>\n<td style=\"text-align: center\"><a href=\"https:\/\/www.bfv.cloud\/ajedrezeuropa\/wp-content\/uploads\/2017\/11\/SAM_3639.jpg\" style=\"margin-left: auto;margin-right: auto\"><img fetchpriority=\"high\" decoding=\"async\" border=\"0\" data-original-height=\"924\" data-original-width=\"1600\" height=\"368\" src=\"https:\/\/blogger.googleusercontent.com\/img\/b\/R29vZ2xl\/AVvXsEh46PQOmVyAi3wAkGGqjLpY5g4b27r38eNS0xHV8fr1xhqomz7_dwPd4Q4u4B75wKoYkNkApMt9hPoEjlSizmdIcsFf4Y4I-BkMMS0sM_Na_ok7JqvoDhcFpAOhaGC3X6_fQ1TcCaHN_U8\/s640\/SAM_3639.JPG\" width=\"640\" \/><\/a><\/td>\n<\/tr>\n<tr>\n<td class=\"tr-caption\" style=\"text-align: center\">El equipo de Nuestro Ajedrez en Europa D compite en iniciaci\u00f3n<\/td>\n<\/tr>\n<\/tbody>\n<\/table>\n<p><span style=\", sans-serif;font-size: large\"><i><u>Campeonato de clubes de Toledo<\/u><\/i><\/span><\/p>\n<table cellpadding=\"0\" cellspacing=\"0\" class=\"tr-caption-container\" style=\"float: right;margin-left: 1em;text-align: right\">\n<tbody>\n<tr>\n<td style=\"text-align: center\"><a href=\"https:\/\/www.bfv.cloud\/ajedrezeuropa\/wp-content\/uploads\/2017\/11\/IMG_20171119_162946.jpg\" style=\"clear: right;margin-bottom: 1em;margin-left: auto;margin-right: auto\"><img decoding=\"async\" border=\"0\" data-original-height=\"1600\" data-original-width=\"1454\" height=\"400\" src=\"https:\/\/blogger.googleusercontent.com\/img\/b\/R29vZ2xl\/AVvXsEitX1-I3PeAkYvIoF6tvDCB026FZQXwaDn29RG-jVUHRswYnIVBjb5W_bqjOZo5NwxbrL6mvVGmGdnYwTFHS7WvU1AF3wp0rJwE9W3EcOw2y96loE1rR5zA9pME4dXCDGQdZxxnU31FiiU\/s400\/IMG_20171119_162946.jpg\" width=\"362\" \/><\/a><\/td>\n<\/tr>\n<tr>\n<td class=\"tr-caption\" style=\"text-align: center\">Santiago, Alberto, Ana Isabel y Luismi compusieron el equipo de<br \/>Nuestro Ajedrez en Europa A el pasado domingo<\/td>\n<\/tr>\n<\/tbody>\n<\/table>\n<p><span style=\", sans-serif;font-size: large\"><b>Segunda jornada de competici\u00f3n en el Campeonato Provincial de Clubes de Toledo y m\u00e1xima igualdad entre los equipos candidatos al t\u00edtulo. Y es que despu\u00e9s de 4 rondas, la primera posici\u00f3n es compartida con 7 puntos por Bargas A y Nuestro Ajedrez en Europa A tras empatar a 2 en el encuentro de 3\u00aa ronda que les enfrent\u00f3. Por 1 punto del primer desempate se decide, moment\u00e1neamente, la cabeza de la clasificaci\u00f3n provisional.<\/b><\/span><\/p>\n<div class=\"separator\" style=\"clear: both;text-align: center\">\n<a href=\"https:\/\/www.bfv.cloud\/ajedrezeuropa\/wp-content\/uploads\/2017\/11\/ClasificacionClubesToledoR-4_001.jpg\" style=\"margin-left: 1em;margin-right: 1em\"><img decoding=\"async\" border=\"0\" data-original-height=\"571\" data-original-width=\"549\" height=\"640\" src=\"https:\/\/blogger.googleusercontent.com\/img\/b\/R29vZ2xl\/AVvXsEjT105cneduUw3VxTNsH1s0TkXt5ED3_6Bw8v5yUZ2AHLlpPvgXX0_jTQ6UyeLvCe5geLnfeqlAZgr0CaQXfO5zZK0Z_LRHdfGmb3cVjbwvRww88N_ZDqY14TMK7plNLZNN43zirHDHpr4\/s640\/Clasificacion+Clubes+Toledo+R-4_001.jpg\" width=\"610\" \/><\/a><\/div>\n<table align=\"center\" cellpadding=\"0\" cellspacing=\"0\" class=\"tr-caption-container\" style=\"margin-left: auto;margin-right: auto;text-align: center\">\n<tbody>\n<tr>\n<td style=\"text-align: center\"><a href=\"https:\/\/www.bfv.cloud\/ajedrezeuropa\/wp-content\/uploads\/2017\/11\/SAM_3648.jpg\" style=\"margin-left: auto;margin-right: auto\"><img loading=\"lazy\" decoding=\"async\" border=\"0\" data-original-height=\"994\" data-original-width=\"1600\" height=\"392\" src=\"https:\/\/blogger.googleusercontent.com\/img\/b\/R29vZ2xl\/AVvXsEgsvA70xGWLRNYAOjcuekvxU1OJrKCrlLmc9GpYIS8oGNw_4H-eT1FgGdTPv1Kjg-BSJIrqxxP4e-lnGtRZ6vUmF7vuj36Gr5lOW-bNSEadjNkI4vTzao1D1LnRLW28DQK9LfjqQRc6qfg\/s640\/SAM_3648.JPG\" width=\"640\" \/><\/a><\/td>\n<\/tr>\n<tr>\n<td class=\"tr-caption\" style=\"text-align: center\">Nuestro Ajedrez por la Igualdad B est\u00e1 compuesto por j\u00f3venes, varios de ellos con tan solo 11 a\u00f1os de edad.<br \/>En la foto, Gabriel, Daniel, Carlos y Alonso<\/td>\n<\/tr>\n<\/tbody>\n<\/table>\n<div class=\"\" style=\"clear: both;text-align: left\">\n<b style=\"font-family: Arial, Helvetica, sans-serif;font-size: x-large\">El emparejamiento para la ronda 5 es el siguiente:<\/b><\/div>\n<table align=\"center\" cellpadding=\"0\" cellspacing=\"0\" class=\"tr-caption-container\" style=\"margin-left: auto;margin-right: auto;text-align: center\">\n<tbody>\n<tr>\n<td style=\"text-align: center\"><a href=\"https:\/\/www.bfv.cloud\/ajedrezeuropa\/wp-content\/uploads\/2017\/11\/SAM_3646.jpg\" style=\"margin-left: auto;margin-right: auto\"><img loading=\"lazy\" decoding=\"async\" border=\"0\" data-original-height=\"840\" data-original-width=\"1600\" height=\"328\" src=\"https:\/\/blogger.googleusercontent.com\/img\/b\/R29vZ2xl\/AVvXsEjqdDDmnP94iLkWr2q0oITeT2Rgkrfhh5Pzq_kfZ8Pt1WvX98ubeDjcxP6apa7ND23lcwWwz6nwq38H7SN53xD28PwYkfrFtjDL80nS62O6KCoAntPZFvS2R6NJUgNd89vsW2rcbkgnYws\/s640\/SAM_3646.JPG\" width=\"640\" \/><\/a><\/td>\n<\/tr>\n<tr>\n<td class=\"tr-caption\" style=\"text-align: center\">Nuestro Ajedrez por la Igualdad A: Arsenio, Enrique, Carlos y Antonio<\/td>\n<\/tr>\n<\/tbody>\n<\/table>\n<div class=\"separator\" style=\"clear: both;text-align: center\">\n<a href=\"https:\/\/www.bfv.cloud\/ajedrezeuropa\/wp-content\/uploads\/2017\/11\/Ronda5ClubesToledo_001.jpg\" style=\"margin-left: 1em;margin-right: 1em\"><img loading=\"lazy\" decoding=\"async\" border=\"0\" data-original-height=\"347\" data-original-width=\"546\" height=\"406\" src=\"https:\/\/blogger.googleusercontent.com\/img\/b\/R29vZ2xl\/AVvXsEjlYRt94H56nx-8O8AMy6XPULrDKNmHAdYFgxv9rZgYnwpgFX9JYkzXIDG7ta4aWU7cne_cF6om4rVYKf-rwrHcJeQhD1Ws8gEdSxHwuqDLEFUflRogxlKG8wXRSsYPralth5Ci5xW6AL0\/s640\/Ronda+5+Clubes+Toledo_001.jpg\" width=\"640\" \/><\/a><\/div>\n<table align=\"center\" cellpadding=\"0\" cellspacing=\"0\" class=\"tr-caption-container\" style=\"margin-left: auto;margin-right: auto;text-align: center\">\n<tbody>\n<tr>\n<td style=\"text-align: center\"><a href=\"https:\/\/www.bfv.cloud\/ajedrezeuropa\/wp-content\/uploads\/2017\/11\/IMG_20171119_163151.jpg\" style=\"margin-left: auto;margin-right: auto\"><img loading=\"lazy\" decoding=\"async\" border=\"0\" data-original-height=\"1600\" data-original-width=\"924\" height=\"640\" src=\"https:\/\/blogger.googleusercontent.com\/img\/b\/R29vZ2xl\/AVvXsEi3bOID3bFwDqGrTsqjLcBjkFN5Rz3WsWOmEZkJXmVRaiU_dGqX9ekZ6RdcvBn1uxl3CGH8kMrAKm288YQ6B4-9fNMbhZsTMeLzAXYi5IVQPZi_hVdeE73sXAzE2LnslnLPwTijiAjIizc\/s640\/IMG_20171119_163151.jpg\" width=\"364\" \/><\/a><\/td>\n<\/tr>\n<tr>\n<td class=\"tr-caption\" style=\"text-align: center\">Alfredo, Irene, Jes\u00fas M\u00aa y Arturo, <br \/>formaron el equipo del&nbsp;domingo<br \/>&nbsp;de Nuestro Ajedrez en Europa B<\/td>\n<\/tr>\n<\/tbody>\n<\/table>\n<div class=\"separator\" style=\"clear: both;text-align: center\">\n<\/div>\n<div class=\"separator\" style=\"clear: both;text-align: center\">\n<\/div>\n<table cellpadding=\"0\" cellspacing=\"0\" class=\"tr-caption-container\" style=\"float: left;margin-right: 1em;text-align: left\">\n<tbody>\n<tr>\n<td style=\"text-align: center\"><a href=\"https:\/\/www.bfv.cloud\/ajedrezeuropa\/wp-content\/uploads\/2017\/11\/SAM_3635.jpg\" style=\"clear: left;margin-bottom: 1em;margin-left: auto;margin-right: auto\"><img loading=\"lazy\" decoding=\"async\" border=\"0\" data-original-height=\"1081\" data-original-width=\"1600\" height=\"268\" src=\"https:\/\/blogger.googleusercontent.com\/img\/b\/R29vZ2xl\/AVvXsEh-CuPK51LIDZcJJjk0hmZ11UgSPRsBQCoVi7X-bHxqczamiKf3TKq7T3QK6S9X26Th4QqNSI72qkzDA83VmDctOLEYtnb9CeD0w9I3EXTi0YQiEUhCHYd_6daawOIiaSbynQ2hJYeKvtk\/s400\/SAM_3635.JPG\" width=\"400\" \/><\/a><\/td>\n<\/tr>\n<tr>\n<td class=\"tr-caption\" style=\"text-align: center\">Uno de nuestros 2 equipos de Promoci\u00f3n Avanzada con:<br \/>M\u00f3nica, Aurora, \u00c1ngel Javier y Nicol\u00e1s<\/td>\n<\/tr>\n<\/tbody>\n<\/table>\n<p><i style=\"font-family: arial, helvetica, sans-serif;font-size: x-large\"><u>Torneos de Promoci\u00f3n Deportiva Avanzada e Iniciaci\u00f3n<\/u><\/i><br \/>\n<span style=\", sans-serif;font-size: large\"><b>En los torneos dedicados a la participaci\u00f3n y aprendizaje de ni\u00f1os y ni\u00f1as ya han tenido oportunidad de alcanzar su primer contacto con la competici\u00f3n algunos de nuestros alumnos. El pr\u00f3ximo fin de semana ser\u00e1n muchos m\u00e1s a los que se les brindar\u00e1 la ocasi\u00f3n de jugar y disfrutar del ajedrez.<\/b><\/span><br \/>\n<span style=\", sans-serif;font-size: large\"><b>Los emparejamientos para la 1\u00aa ronda del domingo son:<\/b><\/span><br \/>\n<span style=\", sans-serif;font-size: large\"><b><br \/><\/b><\/span><\/p>\n<div class=\"separator\" style=\"clear: both;text-align: center\">\n<a href=\"https:\/\/www.bfv.cloud\/ajedrezeuropa\/wp-content\/uploads\/2017\/11\/Ronda5Promoci25C325B3nAvanzada_001.jpg\" style=\"margin-left: 1em;margin-right: 1em\"><img loading=\"lazy\" decoding=\"async\" border=\"0\" data-original-height=\"333\" data-original-width=\"565\" height=\"372\" src=\"https:\/\/blogger.googleusercontent.com\/img\/b\/R29vZ2xl\/AVvXsEiSXQ7JqOhj2CwclTtldXGDYvZ7K8PvhaJbggaeMk3E9nKpso1wfrbgo1jJF2abTmKPgVNImHUNGVCHoMfB5pDnNvouLykPAGZ55bON14IWs6AuhS3TyQZoOqt4zm_LGmnbPWfLZGxSTZU\/s640\/Ronda+5+Promoci%25C3%25B3n+Avanzada_001.jpg\" width=\"640\" \/><\/a><\/div>\n<div class=\"separator\" style=\"clear: both;text-align: center\">\n<a href=\"https:\/\/www.bfv.cloud\/ajedrezeuropa\/wp-content\/uploads\/2017\/11\/Ronda5PromocionIniciacion_001.jpg\" style=\"margin-left: 1em;margin-right: 1em\"><img loading=\"lazy\" decoding=\"async\" border=\"0\" data-original-height=\"299\" data-original-width=\"531\" height=\"354\" src=\"https:\/\/blogger.googleusercontent.com\/img\/b\/R29vZ2xl\/AVvXsEgsx02kc2Rc0i5S0ydwqPWvvKkdo_zvghIb1CLCsouKNx0km3ytKVdBRJiIQP3gG5_qTYCwpzsw0q9ZaZzA8AewbJDXwFCONPcZV8Lsg40yc3FPq2T8uZlQPF2wBeD7ISM6CGC2YohMf_c\/s640\/Ronda+5+Promocion+Iniciacion_001.jpg\" width=\"640\" \/><\/a><\/div>\n<table align=\"center\" cellpadding=\"0\" cellspacing=\"0\" class=\"tr-caption-container\" style=\"margin-left: auto;margin-right: auto;text-align: center\">\n<tbody>\n<tr>\n<td style=\"text-align: center\"><a href=\"https:\/\/www.bfv.cloud\/ajedrezeuropa\/wp-content\/uploads\/2017\/11\/IMG_20171119_163019.jpg\" style=\"margin-left: auto;margin-right: auto\"><img loading=\"lazy\" decoding=\"async\" border=\"0\" data-original-height=\"603\" data-original-width=\"1600\" height=\"240\" src=\"https:\/\/blogger.googleusercontent.com\/img\/b\/R29vZ2xl\/AVvXsEhLzfreTfs4TklFDfcl1x7oe03jCzOtS56eW7LRbVO_Y9puXkgGNUsbWojnwGTUF-MOhvOSF3T-YwCJVGZgxmtSOOebxGOCgKZKV_6Fke7_eKB_2RrQW5IjoKww7S1PjLgZTKxH2oDoDpE\/s640\/IMG_20171119_163019.jpg\" width=\"640\" \/><\/a><\/td>\n<\/tr>\n<tr>\n<td class=\"tr-caption\" style=\"text-align: center\">Adri\u00e1n, Mar\u00eda, Carlos y Alonso ante el tablero<\/td>\n<\/tr>\n<\/tbody>\n<\/table>\n<p><span style=\", sans-serif;font-size: large\"><b><br \/><\/b><\/span><\/p>\n","protected":false},"excerpt":{"rendered":"<p>El equipo de Nuestro Ajedrez en Europa D compite en iniciaci\u00f3n Campeonato de clubes de Toledo Santiago, Alberto, Ana Isabel y Luismi compusieron el equipo deNuestro Ajedrez en Europa A el pasado domingo Segunda jornada de competici\u00f3n en el Campeonato Provincial de Clubes de Toledo y m\u00e1xima igualdad entre los equipos candidatos al t\u00edtulo. Y [&hellip;]<\/p>\n","protected":false},"author":1,"featured_media":1363,"comment_status":"open","ping_status":"closed","sticky":false,"template":"","format":"standard","meta":{"footnotes":""},"categories":[1],"tags":[],"class_list":["post-1362","post","type-post","status-publish","format-standard","has-post-thumbnail","hentry","category-noticias"],"_links":{"self":[{"href":"https:\/\/www.bfv.cloud\/ajedrezeuropa\/wp-json\/wp\/v2\/posts\/1362","targetHints":{"allow":["GET"]}}],"collection":[{"href":"https:\/\/www.bfv.cloud\/ajedrezeuropa\/wp-json\/wp\/v2\/posts"}],"about":[{"href":"https:\/\/www.bfv.cloud\/ajedrezeuropa\/wp-json\/wp\/v2\/types\/post"}],"author":[{"embeddable":true,"href":"https:\/\/www.bfv.cloud\/ajedrezeuropa\/wp-json\/wp\/v2\/users\/1"}],"replies":[{"embeddable":true,"href":"https:\/\/www.bfv.cloud\/ajedrezeuropa\/wp-json\/wp\/v2\/comments?post=1362"}],"version-history":[{"count":1,"href":"https:\/\/www.bfv.cloud\/ajedrezeuropa\/wp-json\/wp\/v2\/posts\/1362\/revisions"}],"predecessor-version":[{"id":1374,"href":"https:\/\/www.bfv.cloud\/ajedrezeuropa\/wp-json\/wp\/v2\/posts\/1362\/revisions\/1374"}],"wp:featuredmedia":[{"embeddable":true,"href":"https:\/\/www.bfv.cloud\/ajedrezeuropa\/wp-json\/wp\/v2\/media\/1363"}],"wp:attachment":[{"href":"https:\/\/www.bfv.cloud\/ajedrezeuropa\/wp-json\/wp\/v2\/media?parent=1362"}],"wp:term":[{"taxonomy":"category","embeddable":true,"href":"https:\/\/www.bfv.cloud\/ajedrezeuropa\/wp-json\/wp\/v2\/categories?post=1362"},{"taxonomy":"post_tag","embeddable":true,"href":"https:\/\/www.bfv.cloud\/ajedrezeuropa\/wp-json\/wp\/v2\/tags?post=1362"}],"curies":[{"name":"wp","href":"https:\/\/api.w.org\/{rel}","templated":true}]}}