{"id":1375,"date":"2011-12-28T00:28:00","date_gmt":"2011-12-28T00:28:00","guid":{"rendered":"https:\/\/www.bfv.cloud\/ajedrezeuropa\/index.php\/2011\/12\/28\/iv-concentracion-de-navidad\/"},"modified":"2025-11-20T10:31:35","modified_gmt":"2025-11-20T10:31:35","slug":"iv-concentracion-de-navidad","status":"publish","type":"post","link":"https:\/\/www.bfv.cloud\/ajedrezeuropa\/iv-concentracion-de-navidad\/","title":{"rendered":"IV CONCENTRACI\u00d3N DE NAVIDAD"},"content":{"rendered":"<p>\ufeff <\/p>\n<table cellpadding=\"0\" cellspacing=\"0\" class=\"tr-caption-container\" style=\"float: left;margin-right: 1em;text-align: left\">\n<tbody>\n<tr>\n<td style=\"text-align: center\"><a href=\"https:\/\/www.bfv.cloud\/ajedrezeuropa\/wp-content\/uploads\/2011\/12\/FOTOSIVCONCENTRACI25C32593NNAVIDAD2011016.jpg\" style=\"clear: left;margin-bottom: 1em;margin-left: auto;margin-right: auto\"><img fetchpriority=\"high\" decoding=\"async\" border=\"0\" height=\"300\" src=\"https:\/\/blogger.googleusercontent.com\/img\/b\/R29vZ2xl\/AVvXsEgIhgwbPuPBBGeAvpskxQZjM2qGcFk6cSoINZHOCKBUY7lVz0WgDPlKjMn7ESfNW0aJzHwHYzpld8pywnWooSPlQj4XblCINJM32Uvh_19cYgOT1x1baOC1x7o2zNZoBghOvN6g-YHlWx0\/s400\/FOTOS+IV+CONCENTRACI%25C3%2593N+NAVIDAD+2011+016.jpg\" width=\"400\" \/><\/a><\/td>\n<\/tr>\n<tr>\n<td class=\"tr-caption\" style=\"text-align: center\">H\u00e9ctor, Denis y Jes\u00fas en su segundo d\u00eda de clases, este grupo <br \/>\nlo forman otras 4 chicas y su monitor es Luismi<\/td>\n<\/tr>\n<\/tbody>\n<\/table>\n<p>\ufeff <strong><span style=\", Courier, monospace\">El pasado lunes daba comienzo&nbsp;una nueva edici\u00f3n de la Concentraci\u00f3n de Navidad del proyecto Nuestro Ajedrez en Europa, y van 4 desde 2008. En esta ocasi\u00f3n cuenta con la asistencia de m\u00e1s de 40 chicos y chicas&nbsp;pertenecientes a las escuelas de ajedrez de Alc\u00e1zar y Villafranca.<\/span><\/strong><br \/>\n\ufeff <\/p>\n<table cellpadding=\"0\" cellspacing=\"0\" class=\"tr-caption-container\" style=\"float: right;margin-left: 1em;text-align: right\">\n<tbody>\n<tr>\n<td style=\"text-align: center\"><a href=\"https:\/\/www.bfv.cloud\/ajedrezeuropa\/wp-content\/uploads\/2011\/12\/FOTOSIVCONCENTRACI25C32593NNAVIDAD2011004.jpg\" style=\"clear: right;margin-bottom: 1em;margin-left: auto;margin-right: auto\"><img decoding=\"async\" border=\"0\" height=\"300\" src=\"https:\/\/blogger.googleusercontent.com\/img\/b\/R29vZ2xl\/AVvXsEi_eaKxSGSymvoEyRYkjqtK4O_kP043Tdy8XYceBsZcExS78MtOebacPJ2N5LTOwbHokkOv0d5PRnnKnF0wIknW6Pkk6SaZd7r6xyuJoFHejFDy8T98eWw8BHKAAvJSXZcXMqcjTe84704\/s400\/FOTOS+IV+CONCENTRACI%25C3%2593N+NAVIDAD+2011+004.jpg\" width=\"400\" \/><\/a><\/td>\n<\/tr>\n<tr>\n<td class=\"tr-caption\" style=\"text-align: center\">Una foto del grupo de Herminio en un entrenamiento<\/td>\n<\/tr>\n<\/tbody>\n<\/table>\n<p>\ufeff &nbsp;<strong><span style=\", Courier, monospace\">Las m\u00faltiples actividades de nuestro proyecto en estos d\u00edas de Navidad, se ver\u00e1n reforzadas por dos importantes&nbsp;actos promovidos por los ayuntamientos de Alc\u00e1zar y Villafranca.&nbsp; En primer lugar,&nbsp;ma\u00f1ana jueves d\u00eda 29 a partir de las 13,30&nbsp;horas en el despacho de la alcald\u00eda del ayuntamiento de Alc\u00e1zar, tendr\u00e1 lugar la recepci\u00f3n oficial a los jugadores del Club Nuestro Ajedrez en Europa que alcanzaron la medalla de bronce en el reciente Campeonato de Espa\u00f1a por Equipos sub-16. Este acto estar\u00e1 presidido por Diego Ortega, como alcalde de la poblaci\u00f3n ciudarreale\u00f1a, y por Andr\u00e9s Beldad, alcalde de&nbsp;la localidad&nbsp;toledana de Villafranca.&nbsp;<\/span><\/strong><\/p>\n<table cellpadding=\"0\" cellspacing=\"0\" class=\"tr-caption-container\" style=\"float: left;margin-right: 1em;text-align: left\">\n<tbody>\n<tr>\n<td style=\"text-align: center\"><a href=\"https:\/\/www.bfv.cloud\/ajedrezeuropa\/wp-content\/uploads\/2011\/12\/FOTOSIVCONCENTRACI25C32593NNAVIDAD2011011.jpg\" style=\"clear: left;margin-bottom: 1em;margin-left: auto;margin-right: auto\"><img decoding=\"async\" border=\"0\" height=\"300\" src=\"https:\/\/blogger.googleusercontent.com\/img\/b\/R29vZ2xl\/AVvXsEj4dbbGG5B4w-jguDZDSmFEh9HBc3WFKQYAEWZJscM0f1k7cuYsZNIzu6FxNghgK2p34UtJgGld8k2eimR62pMLS-be5ItZapQtW_p4jsE8g-hqdcwLyGiUObw1uLJ9rJ5Ey1cS2iCl5gY\/s400\/FOTOS+IV+CONCENTRACI%25C3%2593N+NAVIDAD+2011+011.jpg\" width=\"400\" \/><\/a><\/td>\n<\/tr>\n<tr>\n<td class=\"tr-caption\" style=\"text-align: center\">El grupo de Antonio est\u00e1 compuesto por 6 chicos y 2 chicas<\/td>\n<\/tr>\n<\/tbody>\n<\/table>\n<p>&nbsp;<strong><span style=\"font-family: Courier New\">En la tarde del viernes 30 de diciembre, a partir de las 6, se celebrar\u00e1 la V Gala del Deporte de Villafranca donde de nuevo los chicos de nuestro club sub-16 ser\u00e1n galardonados con el premio m\u00e1s importante del deporte local.<\/span><\/strong><br \/>\n<strong><span style=\"font-family: Courier New\">Agradecemos estos reconocimientos que son mucho m\u00e1s valiosos y queridos por venir de las instituciones que colaboran con nuestro ajedrez.<\/span><\/strong><br \/>\n\ufeff <\/p>\n<table cellpadding=\"0\" cellspacing=\"0\" class=\"tr-caption-container\" style=\"float: left;margin-right: 1em;text-align: left\">\n<tbody>\n<tr>\n<td style=\"text-align: center\"><a href=\"https:\/\/www.bfv.cloud\/ajedrezeuropa\/wp-content\/uploads\/2011\/12\/FOTOSIVCONCENTRACI25C32593NNAVIDAD2011032.jpg\" style=\"clear: left;margin-bottom: 1em;margin-left: auto;margin-right: auto\"><img loading=\"lazy\" decoding=\"async\" border=\"0\" height=\"300\" src=\"https:\/\/blogger.googleusercontent.com\/img\/b\/R29vZ2xl\/AVvXsEgMg0kjFvhKOXFZJVuI1HuungmHeMejo1zCNKIp6EZyBh_C1eC-gHYChvZesTHMsw7UmBRiKY2Zhk4GxmX62mliuK4SJllH1DsDoGKhZfjqAsIK6Bj_v4HX7MbDTcvMoQ-TCvYorCNlAb8\/s400\/FOTOS+IV+CONCENTRACI%25C3%2593N+NAVIDAD+2011+032.jpg\" width=\"400\" \/><\/a><\/td>\n<\/tr>\n<tr>\n<td class=\"tr-caption\" style=\"text-align: center\">Eva, Silvia, Irene, Mar\u00eda, Blanca y Alba integran el grupo de<br \/>\nchicas de Ana Isabel<\/td>\n<\/tr>\n<\/tbody>\n<\/table>\n<p>\ufeff <\/p>\n<div class=\"separator\" style=\"clear: both;text-align: center\"><\/div>\n<table cellpadding=\"0\" cellspacing=\"0\" class=\"tr-caption-container\" style=\"float: right;margin-left: 1em;text-align: right\">\n<tbody>\n<tr>\n<td style=\"text-align: center\"><a href=\"https:\/\/www.bfv.cloud\/ajedrezeuropa\/wp-content\/uploads\/2011\/12\/FOTOSIVCONCENTRACI25C32593NNAVIDAD2011003.jpg\" style=\"clear: right;margin-bottom: 1em;margin-left: auto;margin-right: auto\"><img loading=\"lazy\" decoding=\"async\" border=\"0\" height=\"300\" src=\"https:\/\/blogger.googleusercontent.com\/img\/b\/R29vZ2xl\/AVvXsEhU2mnIRa4CRkYzL7-q38d1APtFpTQ2Fs6dnxxbxnc96afSL0HQyAupjLC0Wi-Pz4x1iG6cROrgxwXKJyke-zR8HQSZixyzOLyt6UFCZWJ7ImNEKGEZ7FpkKgInk13OL2DrGvKwCdffBU8\/s400\/FOTOS+IV+CONCENTRACI%25C3%2593N+NAVIDAD+2011+003.jpg\" width=\"400\" \/><\/a><\/td>\n<\/tr>\n<tr>\n<td class=\"tr-caption\" style=\"text-align: center\">7 chicos forman el grupo avanzado de F\u00e9lix<\/td>\n<\/tr>\n<\/tbody>\n<\/table>\n","protected":false},"excerpt":{"rendered":"<p>\ufeff H\u00e9ctor, Denis y Jes\u00fas en su segundo d\u00eda de clases, este grupo lo forman otras 4 chicas y su monitor es Luismi \ufeff El pasado lunes daba comienzo&nbsp;una nueva edici\u00f3n de la Concentraci\u00f3n de Navidad del proyecto Nuestro Ajedrez en Europa, y van 4 desde 2008. En esta ocasi\u00f3n cuenta con la asistencia de [&hellip;]<\/p>\n","protected":false},"author":1,"featured_media":1376,"comment_status":"open","ping_status":"closed","sticky":false,"template":"","format":"standard","meta":{"footnotes":""},"categories":[1],"tags":[],"class_list":["post-1375","post","type-post","status-publish","format-standard","has-post-thumbnail","hentry","category-noticias"],"_links":{"self":[{"href":"https:\/\/www.bfv.cloud\/ajedrezeuropa\/wp-json\/wp\/v2\/posts\/1375","targetHints":{"allow":["GET"]}}],"collection":[{"href":"https:\/\/www.bfv.cloud\/ajedrezeuropa\/wp-json\/wp\/v2\/posts"}],"about":[{"href":"https:\/\/www.bfv.cloud\/ajedrezeuropa\/wp-json\/wp\/v2\/types\/post"}],"author":[{"embeddable":true,"href":"https:\/\/www.bfv.cloud\/ajedrezeuropa\/wp-json\/wp\/v2\/users\/1"}],"replies":[{"embeddable":true,"href":"https:\/\/www.bfv.cloud\/ajedrezeuropa\/wp-json\/wp\/v2\/comments?post=1375"}],"version-history":[{"count":1,"href":"https:\/\/www.bfv.cloud\/ajedrezeuropa\/wp-json\/wp\/v2\/posts\/1375\/revisions"}],"predecessor-version":[{"id":1381,"href":"https:\/\/www.bfv.cloud\/ajedrezeuropa\/wp-json\/wp\/v2\/posts\/1375\/revisions\/1381"}],"wp:featuredmedia":[{"embeddable":true,"href":"https:\/\/www.bfv.cloud\/ajedrezeuropa\/wp-json\/wp\/v2\/media\/1376"}],"wp:attachment":[{"href":"https:\/\/www.bfv.cloud\/ajedrezeuropa\/wp-json\/wp\/v2\/media?parent=1375"}],"wp:term":[{"taxonomy":"category","embeddable":true,"href":"https:\/\/www.bfv.cloud\/ajedrezeuropa\/wp-json\/wp\/v2\/categories?post=1375"},{"taxonomy":"post_tag","embeddable":true,"href":"https:\/\/www.bfv.cloud\/ajedrezeuropa\/wp-json\/wp\/v2\/tags?post=1375"}],"curies":[{"name":"wp","href":"https:\/\/api.w.org\/{rel}","templated":true}]}}