{"id":1385,"date":"2016-02-16T23:11:00","date_gmt":"2016-02-16T23:11:00","guid":{"rendered":"https:\/\/www.bfv.cloud\/ajedrezeuropa\/index.php\/2016\/02\/16\/nuestro-ajedrez-en-europa-premiado-en-la-xxiii-gala-del-deporte-de-toledo\/"},"modified":"2025-11-20T10:31:39","modified_gmt":"2025-11-20T10:31:39","slug":"nuestro-ajedrez-en-europa-premiado-en-la-xxiii-gala-del-deporte-de-toledo","status":"publish","type":"post","link":"https:\/\/www.bfv.cloud\/ajedrezeuropa\/nuestro-ajedrez-en-europa-premiado-en-la-xxiii-gala-del-deporte-de-toledo\/","title":{"rendered":"\u00a1\u00a1NUESTRO AJEDREZ EN EUROPA PREMIADO EN LA XXIII GALA DEL DEPORTE DE TOLEDO!!"},"content":{"rendered":"<div class=\"separator\" style=\"clear: both;text-align: center\">\n<a href=\"https:\/\/www.bfv.cloud\/ajedrezeuropa\/wp-content\/uploads\/2016\/02\/CARTELGALADELDEPORTE2015.jpg\" style=\"clear: right;float: right;margin-bottom: 1em;margin-left: 1em\"><img fetchpriority=\"high\" decoding=\"async\" border=\"0\" height=\"400\" src=\"https:\/\/blogger.googleusercontent.com\/img\/b\/R29vZ2xl\/AVvXsEjybF6eB9OkQdLFZL1y3Gus9jDdSTeAZ23yeXMSL7YSwaYDG3WNNJD60suSquBZpDijl3ZDjIpa97viVMjLMA5PFytHk-_KknsGZT3YRWPFz_dA0MhmYXoBHOKKO9Uctt-6XadKyKcpFLg\/s400\/CARTEL+GALA+DEL+DEPORTE+2015.jpg\" width=\"230\" \/><\/a><\/div>\n<div style=\"margin-bottom: .0001pt;margin: 0cm;text-align: justify\">\n<a href=\"https:\/\/www.bfv.cloud\/ajedrezeuropa\/wp-content\/uploads\/2016\/02\/logodelclubconelnombre.jpg\" style=\"clear: left;float: left;margin-bottom: 1em;margin-right: 1em\"><img decoding=\"async\" border=\"0\" height=\"240\" src=\"https:\/\/blogger.googleusercontent.com\/img\/b\/R29vZ2xl\/AVvXsEh7QKvarFRbPoKSdsLT3cXP1ZeoKQpy0iUlXRAMBtUVACifjI2vKHfP3bdSaKFuAWcODXnd0FG3DgpyCI5l1-A06_LvMNCas8A05mYzCUKFdPXzWfpoJb6uiyHI2HjQxUwQfaWsD-OYCxk\/s320\/logo+del+club+con+el+nombre.jpg\" width=\"320\" \/><\/a><b><span style=\", sans-serif;font-size: 13.5pt\"><\/span><\/b><br \/>\n<b><span style=\", sans-serif;font-size: 13.5pt\"><b><span style=\", sans-serif;font-size: 13.5pt\"><br \/><\/span><\/b><\/span><\/b><br \/>\n<b><span style=\", sans-serif;font-size: 13.5pt\"><b><span style=\", sans-serif;font-size: 13.5pt\"><br \/><\/span><\/b><\/span><\/b><br \/>\n<b><span style=\", sans-serif;font-size: 13.5pt\"><b><span style=\", sans-serif;font-size: 13.5pt\"><br \/><\/span><\/b><\/span><\/b><br \/>\n<b><span style=\", sans-serif;font-size: 13.5pt\"><b><span style=\", sans-serif;font-size: 13.5pt\"><br \/><\/span><\/b><\/span><\/b><br \/>\n<b><span style=\", sans-serif;font-size: 13.5pt\"><b><span style=\", sans-serif;font-size: 13.5pt\"><br \/><\/span><\/b><\/span><\/b><br \/>\n<b><span style=\", sans-serif;font-size: 13.5pt\"><b><span style=\", sans-serif;font-size: 13.5pt\"><br \/><\/span><\/b><\/span><\/b><br \/>\n<b><span style=\", sans-serif;font-size: 13.5pt\"><b><span style=\", sans-serif;font-size: 13.5pt\"><br \/><\/span><\/b><\/span><\/b><br \/>\n<b><span style=\", sans-serif;font-size: 13.5pt\"><b><span style=\", sans-serif;font-size: 13.5pt\"><br \/><\/span><\/b><\/span><\/b><br \/>\n<b><span style=\", sans-serif;font-size: 13.5pt\"><b><span style=\", sans-serif;font-size: 13.5pt\"><br \/><\/span><\/b><\/span><\/b><br \/>\n<b><span style=\", sans-serif;font-size: 13.5pt\"><b><span style=\", sans-serif;font-size: 13.5pt\"><br \/><\/span><\/b><\/span><\/b><br \/>\n<b><span style=\", sans-serif;font-size: 13.5pt\"><b><span style=\", sans-serif;font-size: 13.5pt\"><br \/><\/span><\/b><\/span><\/b><br \/>\n<b><span style=\", sans-serif;font-size: 13.5pt\"><b><span style=\", sans-serif;font-size: 13.5pt\">El<br \/>\nPalacio de Congresos de Toledo acoger\u00e1 el s\u00e1bado 20 de febrero, a partir de las<br \/>\n8 de la tarde, la XXIII GALA DEL DEPORTE DE TOLEDO, organizada y patrocinada<br \/>\npor la Diputaci\u00f3n Provincial.<\/span><\/b><\/span><\/b>\n<\/div>\n<div style=\"margin-bottom: .0001pt;margin: 0cm;text-align: justify\">\n<b><span style=\", sans-serif;font-size: 13.5pt\">Despu\u00e9s<br \/>\nde 8 a\u00f1os de existencia del proyecto NUESTRO AJEDREZ EN EUROPA, con<br \/>\ninnumerables \u00e9xitos deportivos en competiciones de car\u00e1cter individual y por<br \/>\nequipos, ya sea en torneos nacionales, regionales&nbsp; o provinciales, y con un bagaje \u00fanico en<br \/>\nCastilla-La Mancha en la realizaci\u00f3n de proyectos educativos, sociales y terap\u00e9uticos,<br \/>\nel ajedrez toledano decidi\u00f3 otorgar esta m\u00e1xima distinci\u00f3n provincial al<br \/>\nproyecto nacido entre Alc\u00e1zar de San Juan y Villafranca de los Caballeros.<\/span><\/b><\/div>\n<div style=\"margin-bottom: .0001pt;margin: 0cm;text-align: justify\">\n<b><span style=\", sans-serif;font-size: 13.5pt\">En estos momentos lo m\u00e1s importante es destacar el trabajo de todos los que han hecho posible alcanzar los m\u00e9ritos necesarios para merecer este premio. A\u00f1os de trabajo de centenares de ni\u00f1os, j\u00f3venes y adultos, son ahora recompensados.&nbsp;<\/span><\/b><br \/>\n<b><span style=\", sans-serif;font-size: 13.5pt\"><br \/><\/span><\/b><\/div>\n<div style=\"margin-bottom: .0001pt;margin: 0cm;text-align: justify\">\n<b><span style=\", sans-serif;font-size: 13.5pt\">Hemos pensado que los jugadores y familiares que est\u00e1n unidos a nuestro proyecto a trav\u00e9s de los clubes o de las escuelas de ajedrez quisieran vivir en directo este acontecimiento y, por ello, ser\u00e1n m\u00e1s de 30 los invitados que nos acompa\u00f1ar\u00e1n en Toledo. Vaya desde aqu\u00ed nuestro agradecimiento a las personas que han hecho posible esta importante presencia.<\/span><\/b><br \/>\n<b><span style=\", sans-serif;font-size: 13.5pt\"><br \/><\/span><\/b><br \/>\n<b style=\"font-family: arial, sans-serif;font-size: 18px\">Por otra parte, queremos hacer p\u00fablica que nuestra intenci\u00f3n, expresada en una petici\u00f3n presentada hace meses en la Diputaci\u00f3n de Toledo, fue la de que fueran 3 las personas que subieran al escenario a la hora de la recogida del galard\u00f3n, pero nos lo han denegado por motivos protocolarios.<\/b><\/div>\n<div style=\"margin-bottom: .0001pt;margin: 0cm;text-align: justify\">\n<span style=\", sans-serif\"><span style=\"font-size: 18px\"><b><br \/><\/b><\/span><\/span><\/div>\n<div style=\"margin-bottom: .0001pt;margin: 0cm;text-align: justify\">\n<span style=\", sans-serif\"><span style=\"font-size: 18px\"><b>Un agradecimiento final tambi\u00e9n a las instituciones que nos han apoyado todos estos a\u00f1os.<\/b><\/span><\/span><\/p>\n<div style=\"text-align: center\">\n<span style=\", sans-serif\"><span style=\"font-size: 18px\"><b><br \/><\/b><\/span><\/span><\/div>\n<\/div>\n","protected":false},"excerpt":{"rendered":"<p>El Palacio de Congresos de Toledo acoger\u00e1 el s\u00e1bado 20 de febrero, a partir de las 8 de la tarde, la XXIII GALA DEL DEPORTE DE TOLEDO, organizada y patrocinada por la Diputaci\u00f3n Provincial. Despu\u00e9s de 8 a\u00f1os de existencia del proyecto NUESTRO AJEDREZ EN EUROPA, con innumerables \u00e9xitos deportivos en competiciones de car\u00e1cter individual [&hellip;]<\/p>\n","protected":false},"author":1,"featured_media":1386,"comment_status":"open","ping_status":"closed","sticky":false,"template":"","format":"standard","meta":{"footnotes":""},"categories":[1],"tags":[],"class_list":["post-1385","post","type-post","status-publish","format-standard","has-post-thumbnail","hentry","category-noticias"],"_links":{"self":[{"href":"https:\/\/www.bfv.cloud\/ajedrezeuropa\/wp-json\/wp\/v2\/posts\/1385","targetHints":{"allow":["GET"]}}],"collection":[{"href":"https:\/\/www.bfv.cloud\/ajedrezeuropa\/wp-json\/wp\/v2\/posts"}],"about":[{"href":"https:\/\/www.bfv.cloud\/ajedrezeuropa\/wp-json\/wp\/v2\/types\/post"}],"author":[{"embeddable":true,"href":"https:\/\/www.bfv.cloud\/ajedrezeuropa\/wp-json\/wp\/v2\/users\/1"}],"replies":[{"embeddable":true,"href":"https:\/\/www.bfv.cloud\/ajedrezeuropa\/wp-json\/wp\/v2\/comments?post=1385"}],"version-history":[{"count":1,"href":"https:\/\/www.bfv.cloud\/ajedrezeuropa\/wp-json\/wp\/v2\/posts\/1385\/revisions"}],"predecessor-version":[{"id":1388,"href":"https:\/\/www.bfv.cloud\/ajedrezeuropa\/wp-json\/wp\/v2\/posts\/1385\/revisions\/1388"}],"wp:featuredmedia":[{"embeddable":true,"href":"https:\/\/www.bfv.cloud\/ajedrezeuropa\/wp-json\/wp\/v2\/media\/1386"}],"wp:attachment":[{"href":"https:\/\/www.bfv.cloud\/ajedrezeuropa\/wp-json\/wp\/v2\/media?parent=1385"}],"wp:term":[{"taxonomy":"category","embeddable":true,"href":"https:\/\/www.bfv.cloud\/ajedrezeuropa\/wp-json\/wp\/v2\/categories?post=1385"},{"taxonomy":"post_tag","embeddable":true,"href":"https:\/\/www.bfv.cloud\/ajedrezeuropa\/wp-json\/wp\/v2\/tags?post=1385"}],"curies":[{"name":"wp","href":"https:\/\/api.w.org\/{rel}","templated":true}]}}