{"id":1389,"date":"2015-03-30T23:34:00","date_gmt":"2015-03-30T23:34:00","guid":{"rendered":"https:\/\/www.bfv.cloud\/ajedrezeuropa\/index.php\/2015\/03\/30\/nuestro-ajedrez-en-europa-logra-el-mayor-numero-de-trofeos-del-regional-por-edades\/"},"modified":"2025-11-20T10:31:42","modified_gmt":"2025-11-20T10:31:42","slug":"nuestro-ajedrez-en-europa-logra-el-mayor-numero-de-trofeos-del-regional-por-edades","status":"publish","type":"post","link":"https:\/\/www.bfv.cloud\/ajedrezeuropa\/nuestro-ajedrez-en-europa-logra-el-mayor-numero-de-trofeos-del-regional-por-edades\/","title":{"rendered":"NUESTRO AJEDREZ EN EUROPA LOGRA EL MAYOR N\u00daMERO DE TROFEOS DEL REGIONAL POR EDADES"},"content":{"rendered":"<table align=\"center\" cellpadding=\"0\" cellspacing=\"0\" class=\"tr-caption-container\" style=\"margin-left: auto;margin-right: auto;text-align: center\">\n<tbody>\n<tr>\n<td style=\"text-align: center\"><a href=\"https:\/\/www.bfv.cloud\/ajedrezeuropa\/wp-content\/uploads\/2015\/03\/SAM_1675.jpg\" style=\"margin-left: auto;margin-right: auto\"><img fetchpriority=\"high\" decoding=\"async\" border=\"0\" src=\"https:\/\/www.bfv.cloud\/ajedrezeuropa\/wp-content\/uploads\/2015\/03\/SAM_1675.jpg\" height=\"372\" width=\"640\" \/><\/a><\/td>\n<\/tr>\n<tr>\n<td class=\"tr-caption\" style=\"text-align: center\">Los componentes de una delegaci\u00f3n 5 estrellas<\/td>\n<\/tr>\n<\/tbody>\n<\/table>\n<div class=\"MsoTitle\" style=\"text-align: justify\">\n<span style=\"font-size: 11pt\"><span style=\"font-family: Helvetica Neue, Arial, Helvetica, sans-serif\"><b>El lunes a mediod\u00eda ha finalizado el<br \/>\nCampeonato por Edades de Castilla-La Mancha que se ha venido disputando en la<br \/>\nlocalidad alcarre\u00f1a de Horche desde el pasado viernes. La participaci\u00f3n de 22<br \/>\njugadores, de un total de 146, pertenecientes al proyecto \u201cNUESTRO AJEDREZ EN<br \/>\nEUROPA\u201d unida al magn\u00edfico resultado obtenido, con 7 puestos de honor<br \/>\nrepartidos entre las distintas categor\u00edas en juego, realzan la importancia que<br \/>\neste proyecto ha logrado en esta comunidad aut\u00f3noma. El alto nivel de juego<br \/>\nalcanzado por estos chicos y chicas de las escuelas de ajedrez de Alc\u00e1zar de<br \/>\nSan Juan y Villafranca de los Caballeros se contrasta mejor cuando se tiene que<br \/>\nmedir con la preparaci\u00f3n elaborada por los responsables de otros clubes tan<br \/>\nfuertes como Tomelloso, La Roda o Almansa. En el frente a frente entre buenos<br \/>\ngrados de competencia y entrenamiento los objetivos ambiciosos se hacen mucho<br \/>\nm\u00e1s valiosos a la vez que meritorios.&nbsp; <\/b><\/span><span style=\"font-family: Georgia, Times New Roman, serif\"><\/span><\/span><\/div>\n<div class=\"MsoTitle\" style=\"text-align: justify\">\n<\/div>\n<table cellpadding=\"0\" cellspacing=\"0\" class=\"tr-caption-container\" style=\"float: right;margin-left: 1em;text-align: right\">\n<tbody>\n<tr>\n<td style=\"text-align: center\"><a href=\"https:\/\/www.bfv.cloud\/ajedrezeuropa\/wp-content\/uploads\/2015\/03\/1427744608361.jpg\" style=\"clear: right;margin-bottom: 1em;margin-left: auto;margin-right: auto\"><img decoding=\"async\" border=\"0\" src=\"https:\/\/www.bfv.cloud\/ajedrezeuropa\/wp-content\/uploads\/2015\/03\/1427744608361.jpg\" height=\"225\" width=\"400\" \/><\/a><\/td>\n<\/tr>\n<tr>\n<td class=\"tr-caption\" style=\"text-align: center\">Tras la entrega de trofeos<\/td>\n<\/tr>\n<\/tbody>\n<\/table>\n<div class=\"MsoTitle\" style=\"text-align: justify\">\n<span style=\"font-size: 11.0pt\"><u><span style=\"font-family: Helvetica Neue, Arial, Helvetica, sans-serif\">Un<br \/>\nt\u00edtulo de campeona regional, 4 subcampeonatos y dos terceros puestos avalan el<br \/>\nmejor resultado de toda Castilla-La Mancha<\/span><\/u><span style=\"font-family: Georgia, Times New Roman, serif\"><\/span><\/span><\/div>\n<div class=\"MsoTitle\" style=\"text-align: justify\">\n<\/div>\n<div class=\"MsoTitle\" style=\"text-align: justify\">\n<span style=\"font-size: 11pt\"><span style=\"font-family: Helvetica Neue, Arial, Helvetica, sans-serif\"><b>En todas las categor\u00edas de edad donde<br \/>\nparticipaban los jugadores de \u201cNUESTRO AJEDREZ EN EUROPA\u201d, desde sub-10 a<br \/>\nsub-18,&nbsp; se ha producido al menos un<br \/>\nresultado que les ha llevado a alcanzar uno de los 3 puestos principales en el<br \/>\ncuadro de honor. Con esos 7 importantes premios se consigue ser el proyecto m\u00e1s<br \/>\nlaureado de toda la regi\u00f3n en este campeonato de 2015. A pesar de todo, el<br \/>\nresultado podr\u00eda haber mejorado todav\u00eda m\u00e1s de no haber sido porque varias<br \/>\npartidas de la jornada final se convirtieron en derrotas por m\u00ednimas ventajas.<br \/>\nAl menos en 4 casos de las 6 platas y bronces obtenidos se estuvo luchando<br \/>\nhasta el \u00faltimo segundo por los t\u00edtulos de campe\u00f3n, y s\u00f3lo las situaciones de<br \/>\napuros de tiempo las alej\u00f3 de un m\u00e1s que merecido oro.<\/b><\/span><\/span><\/div>\n<div class=\"MsoTitle\" style=\"text-align: justify\">\n<span style=\"font-size: 11pt\"><span style=\"font-family: Helvetica Neue, Arial, Helvetica, sans-serif\"><b>As\u00ed ha quedado el cuadro de premiados<br \/>\nde \u201cNUESTRO AJEDREZ EN EUROPA\u201d distribuidos por categor\u00edas y g\u00e9nero en este<br \/>\ncampeonato.<\/b><\/span><span style=\"font-family: Georgia, Times New Roman, serif\"><\/span><\/span><\/div>\n<div class=\"MsoTitle\" style=\"margin-left: 36pt;text-align: center;text-indent: -18pt\">\n<span style=\"font-family: Georgia, 'Times New Roman', serif;font-size: 11pt\"><span style=\"font-size: 7pt\">&nbsp;<\/span><\/span><!--[endif]--><span style=\"font-size: 11pt\"><span style=\"font-family: Helvetica Neue, Arial, Helvetica, sans-serif\">Campeona<br \/>\nregional:<\/span><\/span><\/div>\n<div class=\"MsoTitle\" style=\"margin-left: 36pt;text-align: center\">\n<b><span style=\"font-size: 11pt\"><span style=\"font-family: Helvetica Neue, Arial, Helvetica, sans-serif\">Nuria<br \/>\nLozano Serrano en sub-10<\/span><\/span><\/b><\/div>\n<div class=\"MsoTitle\" style=\"text-align: center\">\n<span style=\"font-size: 11pt\"><span style=\"font-family: Helvetica Neue, Arial, Helvetica, sans-serif\">&nbsp;&nbsp;&nbsp;&nbsp;&nbsp;&nbsp;&nbsp;&nbsp;&nbsp; <\/span><\/span><\/div>\n<div class=\"MsoTitle\" style=\"margin-left: 36pt;text-align: center;text-indent: -18pt\">\n<span style=\"font-family: Helvetica Neue, Arial, Helvetica, sans-serif\"><span style=\"font-size: 11pt\"><span style=\"font-size: 7pt\">&nbsp;<\/span><\/span><!--[endif]--><span style=\"font-size: 11pt\">Subcampeones<br \/>\nregionales:<\/span><\/span><\/div>\n<div class=\"MsoTitle\" style=\"text-align: center\">\n<span style=\"font-size: 11pt\"><span style=\"font-family: Helvetica Neue, Arial, Helvetica, sans-serif\">&nbsp;&nbsp;&nbsp;&nbsp;&nbsp;&nbsp;&nbsp;&nbsp;&nbsp; <b>Javier Valdepe\u00f1as Octavio en sub-16<\/b><\/span><\/span><\/div>\n<div class=\"MsoTitle\" style=\"text-align: center\">\n<b><span style=\"font-size: 11pt\"><span style=\"font-family: Helvetica Neue, Arial, Helvetica, sans-serif\">&nbsp;&nbsp;&nbsp;&nbsp;&nbsp;&nbsp;&nbsp;&nbsp; Alonso L\u00f3pez N\u00fa\u00f1ez en sub-10<\/span><\/span><\/b><\/div>\n<div class=\"MsoTitle\" style=\"text-align: center\">\n<b><span style=\"font-size: 11pt\"><span style=\"font-family: Helvetica Neue, Arial, Helvetica, sans-serif\">&nbsp;&nbsp;&nbsp;&nbsp;&nbsp;&nbsp;&nbsp; Silvia Toribio Camu\u00f1as en sub-18<\/span><\/span><\/b><\/div>\n<div class=\"MsoTitle\" style=\"text-align: center\">\n<span style=\"font-family: Helvetica Neue, Arial, Helvetica, sans-serif\"><b><span style=\"font-size: 11pt\">&nbsp;&nbsp; &nbsp;&nbsp;&nbsp;&nbsp;Isabel<br \/>\nMarcos-Alberca Lizcano en sub-14<\/span><\/b><span style=\"font-size: 11pt\"><\/span><\/span><\/div>\n<div class=\"MsoTitle\" style=\"text-align: center\">\n<\/div>\n<div class=\"MsoTitle\" style=\"margin-left: 36pt;text-align: center;text-indent: -18pt\">\n<span style=\"font-family: Helvetica Neue, Arial, Helvetica, sans-serif\"><span style=\"font-size: 11pt\"><span style=\"font-size: 7pt\">&nbsp;<\/span><\/span><!--[endif]--><span style=\"font-size: 11pt\">Terceros<br \/>\nclasificados:<\/span><\/span><\/div>\n<div class=\"MsoTitle\" style=\"margin-left: 18pt;text-align: center\">\n<span style=\"font-size: 11pt\"><span style=\"font-family: Helvetica Neue, Arial, Helvetica, sans-serif\">&nbsp;&nbsp;<br \/>\n<b>Alfredo Amador And\u00fajar en sub-12<\/b><\/span><\/span><\/div>\n<div class=\"MsoTitle\" style=\"text-align: center\">\n<b><span style=\"font-size: 11pt\"><span style=\"font-family: Helvetica Neue, Arial, Helvetica, sans-serif\">&nbsp;&nbsp;&nbsp;&nbsp;&nbsp;&nbsp;&nbsp; Irene Sim\u00f3n Escalona en sub-16<\/span><\/span><\/b><\/div>\n<div class=\"MsoTitle\" style=\"text-align: justify\">\n<\/div>\n<div class=\"MsoTitle\" style=\"text-align: justify\">\n<span style=\"font-size: 11pt\"><span style=\"font-family: Helvetica Neue, Arial, Helvetica, sans-serif\">De los 15 jugadores restantes hay<br \/>\nvarios que han estado entre los m\u00e1s destacados de sus respectivas categor\u00edas,<br \/>\naunque todos ellos, incluidos los debutantes, han estado en un buen nivel de<br \/>\nactitud y juego. <\/span><span style=\"font-family: Georgia, Times New Roman, serif\"><\/span><\/span><\/div>\n<div class=\"MsoTitle\" style=\"margin-left: 36pt;text-align: center;text-indent: -18pt\">\n<span style=\"font-family: Helvetica Neue, Arial, Helvetica, sans-serif\"><span style=\"font-size: 11pt\"><span style=\"font-size: 7pt\">&nbsp;<\/span><\/span><!--[endif]--><span style=\"font-size: 11pt\">En el sub-18:<\/span><\/span><\/div>\n<div class=\"MsoTitle\" style=\"margin-left: 36pt;text-align: center\">\n<b><span style=\"font-size: 11pt\"><span style=\"font-family: Helvetica Neue, Arial, Helvetica, sans-serif\">Isaac<br \/>\nLozano Osorio (5\u00ba)<\/span><\/span><\/b><\/div>\n<div class=\"MsoTitle\" style=\"margin-left: 36pt;text-align: center\">\n<span style=\"font-family: Helvetica Neue, Arial, Helvetica, sans-serif\"><b><span style=\"font-size: 11pt\">Cosimo<br \/>\nLeonardo de Giorgi Benavent (8\u00ba)<\/span><\/b><span style=\"font-size: 11pt\"><\/span><\/span><\/div>\n<div class=\"MsoTitle\" style=\"margin-left: 36pt;text-align: center;text-indent: -18pt\">\n<span style=\"font-size: 11pt\"><span style=\"font-family: Helvetica Neue, Arial, Helvetica, sans-serif\">En sub-16:<\/span><\/span><\/div>\n<div class=\"MsoTitle\" style=\"margin-left: 36pt;text-align: center\">\n<span style=\"font-family: Helvetica Neue, Arial, Helvetica, sans-serif\"><b><span style=\"font-size: 11pt\">Marta<br \/>\nEspinosa Gil (4\u00aa Femenina)<\/span><\/b><span style=\"font-size: 11pt\"><\/span><\/span><\/div>\n<div class=\"MsoTitle\" style=\"background: white;margin-left: 36pt;text-align: center;text-indent: -18pt\">\n<span style=\"font-size: 11pt\"><span style=\"font-family: Helvetica Neue, Arial, Helvetica, sans-serif\">En sub-14: <\/span><\/span><\/div>\n<div class=\"MsoTitle\" style=\"background: white;margin-left: 36pt;text-align: center\">\n<b><span style=\"font-size: 11pt\"><span style=\"font-family: Helvetica Neue, Arial, Helvetica, sans-serif\">Roberto L\u00f3pez N\u00fa\u00f1ez (6\u00ba)<\/span><\/span><\/b><\/div>\n<div class=\"MsoTitle\" style=\"background: white;margin-left: 36pt;text-align: center\">\n<b><span style=\"font-size: 11pt\"><span style=\"font-family: Helvetica Neue, Arial, Helvetica, sans-serif\">Arturo Mate Mart\u00edn (7\u00ba)<\/span><\/span><\/b><\/div>\n<div class=\"MsoTitle\" style=\"background: white;margin-left: 36pt;text-align: center\">\n<b><span style=\"font-size: 11pt\"><span style=\"font-family: Helvetica Neue, Arial, Helvetica, sans-serif\">Enrique Velasco Aragon\u00e9s (20\u00ba)<\/span><\/span><\/b><\/div>\n<div class=\"MsoTitle\" style=\"background: white;margin-left: 36pt;text-align: center\">\n<b><span style=\"font-size: 11pt\"><span style=\"font-family: Helvetica Neue, Arial, Helvetica, sans-serif\">Julia Meza Osorio (4\u00aa Femenina)<\/span><\/span><\/b><\/div>\n<div class=\"MsoTitle\" style=\"background: white;margin-left: 36pt;text-align: center\">\n<b><span style=\"font-size: 11pt\"><span style=\"font-family: Helvetica Neue, Arial, Helvetica, sans-serif\">Julio M\u00e9rida Ortiz (24\u00ba)<\/span><\/span><\/b><\/div>\n<div class=\"MsoTitle\" style=\"background: white;margin-left: 36pt;text-align: center\">\n<span style=\"font-family: Helvetica Neue, Arial, Helvetica, sans-serif\"><b><span style=\"font-size: 11pt\">Pablo Vela Adri\u00e1n (31\u00ba)<\/span><\/b><span style=\"font-size: 11pt\"><\/span><\/span><\/div>\n<div class=\"MsoTitle\" style=\"background: white;margin-left: 36pt;text-align: center;text-indent: -18pt\">\n<span style=\"font-family: Helvetica Neue, Arial, Helvetica, sans-serif\"><span style=\"font-size: 11pt\"><span style=\"font-size: 7pt\">&nbsp;<\/span><\/span><!--[endif]--><span style=\"font-size: 11pt\">En sub-12:<\/span><span style=\"font-size: 11.0pt\"><\/span><\/span><\/div>\n<div class=\"MsoTitle\" style=\"background: white;margin-left: 36pt;text-align: center\">\n<b><span style=\"font-size: 11pt\"><span style=\"font-family: Helvetica Neue, Arial, Helvetica, sans-serif\">Juan Francisco Mar\u00edn Torres (24\u00ba)<\/span><\/span><\/b><\/div>\n<div class=\"MsoTitle\" style=\"background: white;margin-left: 36pt;text-align: center\">\n<b><span style=\"font-size: 11pt\"><span style=\"font-family: Helvetica Neue, Arial, Helvetica, sans-serif\">Mar\u00eda Oliver Ropero (6\u00aa Femenina)<\/span><\/span><\/b><\/div>\n<div class=\"MsoTitle\" style=\"background: white;margin-left: 36pt;text-align: center\">\n<b><span style=\"font-size: 11pt\"><span style=\"font-family: Helvetica Neue, Arial, Helvetica, sans-serif\">Clara Vela Adri\u00e1n (7\u00aa Femenina)<\/span><\/span><\/b><\/div>\n<div class=\"MsoTitle\" style=\"background: white;margin-left: 36pt;text-align: center\">\n<b><span style=\"font-size: 11pt\"><span style=\"font-family: Helvetica Neue, Arial, Helvetica, sans-serif\">\u00d3scar Roncero Gonz\u00e1lez (30\u00ba)<\/span><\/span><\/b><\/div>\n<div class=\"MsoTitle\" style=\"background: white;margin-left: 36pt;text-align: center;text-indent: -18pt\">\n<span style=\"font-family: Helvetica Neue, Arial, Helvetica, sans-serif\"><span style=\"font-size: 11pt\"><span style=\"font-size: 7pt\">&nbsp;<\/span><\/span><!--[endif]--><span style=\"font-size: 11pt\">En sub-10:<\/span><span style=\"font-size: 11.0pt\"><\/span><\/span><\/div>\n<div class=\"MsoTitle\" style=\"background: white;margin-left: 36pt;text-align: center\">\n<b><span style=\"font-size: 11pt\"><span style=\"font-family: Helvetica Neue, Arial, Helvetica, sans-serif\">Gabriel Amador And\u00fajar (18\u00ba)<\/span><\/span><\/b><\/div>\n<p><\/p>\n<div class=\"MsoTitle\" style=\"background: white;margin-left: 36pt;text-align: center\">\n<b><span style=\"font-size: 11pt\"><span style=\"font-family: Helvetica Neue, Arial, Helvetica, sans-serif\">\u00c1lvaro Alberca Ortuno (26\u00ba)<\/span><\/span><\/b><b><span style=\"font-size: 12pt\"><\/span><\/b><\/div>\n<div class=\"separator\" style=\"clear: both;text-align: center\">\n<table align=\"center\" cellpadding=\"0\" cellspacing=\"0\" class=\"tr-caption-container\" style=\"margin-left: auto;margin-right: auto;text-align: center\">\n<tbody>\n<tr>\n<td style=\"text-align: center\"><a href=\"https:\/\/www.bfv.cloud\/ajedrezeuropa\/wp-content\/uploads\/2015\/03\/SAM_1676.jpg\" style=\"clear: left;margin-bottom: 1em;margin-left: auto;margin-right: auto\"><img decoding=\"async\" border=\"0\" src=\"https:\/\/www.bfv.cloud\/ajedrezeuropa\/wp-content\/uploads\/2015\/03\/SAM_1676.jpg\" height=\"384\" width=\"640\" \/><\/a><\/td>\n<\/tr>\n<tr>\n<td class=\"tr-caption\" style=\"text-align: center\">El grupo m\u00e1s numeroso de toda Castilla-La Mancha<\/td>\n<\/tr>\n<\/tbody>\n<\/table>\n<\/div>\n","protected":false},"excerpt":{"rendered":"<p>Los componentes de una delegaci\u00f3n 5 estrellas El lunes a mediod\u00eda ha finalizado el Campeonato por Edades de Castilla-La Mancha que se ha venido disputando en la localidad alcarre\u00f1a de Horche desde el pasado viernes. La participaci\u00f3n de 22 jugadores, de un total de 146, pertenecientes al proyecto \u201cNUESTRO AJEDREZ EN EUROPA\u201d unida al magn\u00edfico [&hellip;]<\/p>\n","protected":false},"author":1,"featured_media":1390,"comment_status":"open","ping_status":"closed","sticky":false,"template":"","format":"standard","meta":{"footnotes":""},"categories":[1],"tags":[],"class_list":["post-1389","post","type-post","status-publish","format-standard","has-post-thumbnail","hentry","category-noticias"],"_links":{"self":[{"href":"https:\/\/www.bfv.cloud\/ajedrezeuropa\/wp-json\/wp\/v2\/posts\/1389","targetHints":{"allow":["GET"]}}],"collection":[{"href":"https:\/\/www.bfv.cloud\/ajedrezeuropa\/wp-json\/wp\/v2\/posts"}],"about":[{"href":"https:\/\/www.bfv.cloud\/ajedrezeuropa\/wp-json\/wp\/v2\/types\/post"}],"author":[{"embeddable":true,"href":"https:\/\/www.bfv.cloud\/ajedrezeuropa\/wp-json\/wp\/v2\/users\/1"}],"replies":[{"embeddable":true,"href":"https:\/\/www.bfv.cloud\/ajedrezeuropa\/wp-json\/wp\/v2\/comments?post=1389"}],"version-history":[{"count":1,"href":"https:\/\/www.bfv.cloud\/ajedrezeuropa\/wp-json\/wp\/v2\/posts\/1389\/revisions"}],"predecessor-version":[{"id":1393,"href":"https:\/\/www.bfv.cloud\/ajedrezeuropa\/wp-json\/wp\/v2\/posts\/1389\/revisions\/1393"}],"wp:featuredmedia":[{"embeddable":true,"href":"https:\/\/www.bfv.cloud\/ajedrezeuropa\/wp-json\/wp\/v2\/media\/1390"}],"wp:attachment":[{"href":"https:\/\/www.bfv.cloud\/ajedrezeuropa\/wp-json\/wp\/v2\/media?parent=1389"}],"wp:term":[{"taxonomy":"category","embeddable":true,"href":"https:\/\/www.bfv.cloud\/ajedrezeuropa\/wp-json\/wp\/v2\/categories?post=1389"},{"taxonomy":"post_tag","embeddable":true,"href":"https:\/\/www.bfv.cloud\/ajedrezeuropa\/wp-json\/wp\/v2\/tags?post=1389"}],"curies":[{"name":"wp","href":"https:\/\/api.w.org\/{rel}","templated":true}]}}