{"id":1394,"date":"2015-03-10T23:06:00","date_gmt":"2015-03-10T23:06:00","guid":{"rendered":"https:\/\/www.bfv.cloud\/ajedrezeuropa\/index.php\/2015\/03\/10\/iii-torneo-fiestas-del-milagro-de-illescas\/"},"modified":"2025-11-20T10:31:46","modified_gmt":"2025-11-20T10:31:46","slug":"iii-torneo-fiestas-del-milagro-de-illescas","status":"publish","type":"post","link":"https:\/\/www.bfv.cloud\/ajedrezeuropa\/iii-torneo-fiestas-del-milagro-de-illescas\/","title":{"rendered":"III TORNEO \u00abFIESTAS DEL MILAGRO\u00bb DE ILLESCAS"},"content":{"rendered":"<div class=\"separator\" style=\"clear: both;text-align: center\">\n<a href=\"https:\/\/www.bfv.cloud\/ajedrezeuropa\/wp-content\/uploads\/2015\/03\/CARTELTORNEOILLESCAS2015.jpg\" style=\"clear: left;float: left;margin-bottom: 1em;margin-right: 1em\"><img fetchpriority=\"high\" decoding=\"async\" border=\"0\" src=\"https:\/\/www.bfv.cloud\/ajedrezeuropa\/wp-content\/uploads\/2015\/03\/CARTELTORNEOILLESCAS2015.jpg\" height=\"640\" width=\"462\" \/><\/a><\/div>\n<p>&nbsp;<span style=\"font-family: Courier New, Courier, monospace\"><b>El ayuntamiento de Illescas y su Servicio de Deportes organizan la 3\u00aa edici\u00f3n del TORNEO \u00abFIESTAS DEL MILAGRO\u00bb el pr\u00f3ximo s\u00e1bado 21 de marzo en jornada de tarde.Todos los datos pod\u00e9is verlos en el cartel y en las bases que publicamos en esta noticia. La direcci\u00f3n del torneo corresponde un a\u00f1o m\u00e1s a Daniel P\u00edriz Fern\u00e1ndez, que adem\u00e1s es el encargado de las pre-inscripciones por correo electr\u00f3nico o llamando al m\u00f3vil que se detalla.<\/b><\/span><br \/>\n<span style=\"font-family: Courier New, Courier, monospace\"><b>\u00a1\u00a1Os esperamos!!<\/b><\/span><\/p>\n<div class=\"separator\" style=\"clear: both;text-align: center\">\n<a href=\"https:\/\/www.bfv.cloud\/ajedrezeuropa\/wp-content\/uploads\/2015\/03\/BASESTORNEOILLESCAS2015.jpg\" style=\"margin-left: 1em;margin-right: 1em\"><img decoding=\"async\" border=\"0\" src=\"https:\/\/www.bfv.cloud\/ajedrezeuropa\/wp-content\/uploads\/2015\/03\/BASESTORNEOILLESCAS2015.jpg\" height=\"640\" width=\"452\" \/><\/a><\/div>\n<p><\/p>\n","protected":false},"excerpt":{"rendered":"<p>&nbsp;El ayuntamiento de Illescas y su Servicio de Deportes organizan la 3\u00aa edici\u00f3n del TORNEO \u00abFIESTAS DEL MILAGRO\u00bb el pr\u00f3ximo s\u00e1bado 21 de marzo en jornada de tarde.Todos los datos pod\u00e9is verlos en el cartel y en las bases que publicamos en esta noticia. La direcci\u00f3n del torneo corresponde un a\u00f1o m\u00e1s a Daniel P\u00edriz [&hellip;]<\/p>\n","protected":false},"author":1,"featured_media":1395,"comment_status":"open","ping_status":"closed","sticky":false,"template":"","format":"standard","meta":{"footnotes":""},"categories":[1],"tags":[],"class_list":["post-1394","post","type-post","status-publish","format-standard","has-post-thumbnail","hentry","category-noticias"],"_links":{"self":[{"href":"https:\/\/www.bfv.cloud\/ajedrezeuropa\/wp-json\/wp\/v2\/posts\/1394","targetHints":{"allow":["GET"]}}],"collection":[{"href":"https:\/\/www.bfv.cloud\/ajedrezeuropa\/wp-json\/wp\/v2\/posts"}],"about":[{"href":"https:\/\/www.bfv.cloud\/ajedrezeuropa\/wp-json\/wp\/v2\/types\/post"}],"author":[{"embeddable":true,"href":"https:\/\/www.bfv.cloud\/ajedrezeuropa\/wp-json\/wp\/v2\/users\/1"}],"replies":[{"embeddable":true,"href":"https:\/\/www.bfv.cloud\/ajedrezeuropa\/wp-json\/wp\/v2\/comments?post=1394"}],"version-history":[{"count":1,"href":"https:\/\/www.bfv.cloud\/ajedrezeuropa\/wp-json\/wp\/v2\/posts\/1394\/revisions"}],"predecessor-version":[{"id":1397,"href":"https:\/\/www.bfv.cloud\/ajedrezeuropa\/wp-json\/wp\/v2\/posts\/1394\/revisions\/1397"}],"wp:featuredmedia":[{"embeddable":true,"href":"https:\/\/www.bfv.cloud\/ajedrezeuropa\/wp-json\/wp\/v2\/media\/1395"}],"wp:attachment":[{"href":"https:\/\/www.bfv.cloud\/ajedrezeuropa\/wp-json\/wp\/v2\/media?parent=1394"}],"wp:term":[{"taxonomy":"category","embeddable":true,"href":"https:\/\/www.bfv.cloud\/ajedrezeuropa\/wp-json\/wp\/v2\/categories?post=1394"},{"taxonomy":"post_tag","embeddable":true,"href":"https:\/\/www.bfv.cloud\/ajedrezeuropa\/wp-json\/wp\/v2\/tags?post=1394"}],"curies":[{"name":"wp","href":"https:\/\/api.w.org\/{rel}","templated":true}]}}