{"id":1402,"date":"2018-01-21T21:06:00","date_gmt":"2018-01-21T21:06:00","guid":{"rendered":"https:\/\/www.bfv.cloud\/ajedrezeuropa\/index.php\/2018\/01\/21\/el-escolar-de-ciudad-real-celebra-su-2a-jornada-con-la-participacion-de-nuestras-escuelas-de-alcazar-y-herencia\/"},"modified":"2025-11-20T10:31:53","modified_gmt":"2025-11-20T10:31:53","slug":"el-escolar-de-ciudad-real-celebra-su-2a-jornada-con-la-participacion-de-nuestras-escuelas-de-alcazar-y-herencia","status":"publish","type":"post","link":"https:\/\/www.bfv.cloud\/ajedrezeuropa\/el-escolar-de-ciudad-real-celebra-su-2a-jornada-con-la-participacion-de-nuestras-escuelas-de-alcazar-y-herencia\/","title":{"rendered":"EL ESCOLAR DE CIUDAD REAL CELEBRA SU 2\u00aa JORNADA CON LA PARTICIPACI\u00d3N DE NUESTRAS ESCUELAS DE ALC\u00c1ZAR Y HERENCIA"},"content":{"rendered":"<table cellpadding=\"0\" cellspacing=\"0\" class=\"tr-caption-container\" style=\"float: left;margin-right: 1em;text-align: left\">\n<tbody>\n<tr>\n<td style=\"text-align: center\"><a href=\"https:\/\/www.bfv.cloud\/ajedrezeuropa\/wp-content\/uploads\/2018\/01\/IMG-20180121-WA0006.jpg\" style=\"clear: left;margin-bottom: 1em;margin-left: auto;margin-right: auto\"><img fetchpriority=\"high\" decoding=\"async\" border=\"0\" data-original-height=\"699\" data-original-width=\"699\" height=\"320\" src=\"https:\/\/blogger.googleusercontent.com\/img\/b\/R29vZ2xl\/AVvXsEjfqM3C61t1lk87YOTNdcWHZF99sVOTc8h3v0UO4XEJkqqa-ibW8DOUM1kutkGSYChkIC9jtBCYAi1GDjEI9lBnZ4F2AaArCRlwEDvw_FlSrTtFo7mr7NmZDCmtW1O64dOhiEqWvUqDcXs\/s320\/IMG-20180121-WA0006.jpg\" width=\"320\" \/><\/a><\/td>\n<\/tr>\n<tr>\n<td class=\"tr-caption\" style=\"text-align: center\">Dos de nuestros jugadores en la categor\u00eda cadete: Isabel y Pablo<\/td>\n<\/tr>\n<\/tbody>\n<\/table>\n<table cellpadding=\"0\" cellspacing=\"0\" class=\"tr-caption-container\" style=\"float: right;text-align: left\">\n<tbody>\n<tr>\n<td style=\"text-align: center\"><a href=\"https:\/\/www.bfv.cloud\/ajedrezeuropa\/wp-content\/uploads\/2018\/01\/IMG-20180121-WA0011.jpg\" style=\"clear: left;margin-bottom: 1em;margin-left: auto;margin-right: auto\"><img decoding=\"async\" border=\"0\" data-original-height=\"747\" data-original-width=\"788\" height=\"303\" src=\"https:\/\/blogger.googleusercontent.com\/img\/b\/R29vZ2xl\/AVvXsEhE2slZif9KxDAUASRtl6P6ttjjYVA5qTZMNDq46h31Rmv3jGklBsG6r3jHqxij5jC56yQe8MS9vXH3FqvpqMjH2YlEbFc-D2aybdbg6kNVIpY-AgYT8f_gii0OYPHi6rH13g9LI8tXkKk\/s320\/IMG-20180121-WA0011.jpg\" width=\"320\" \/><\/a><\/td>\n<\/tr>\n<tr>\n<td class=\"tr-caption\" style=\"text-align: center\">Enrique Velasco<\/td>\n<\/tr>\n<\/tbody>\n<\/table>\n<p><span style=\", sans-serif;font-size: large\"><b>El Campeonato en Edad Escolar de Ciudad Real ha celebrado su 2\u00aa jornada de competici\u00f3n. 18 ajedrecistas representan a las escuelas de Alc\u00e1zar y Herencia en este Escolar en la presente temporada. En las dos categor\u00edas en las que se divide este campeonato existen opciones reales de clasificaci\u00f3n para los chicos y chicas de Nuestro Ajedrez en Europa. Recordemos que son 6 las plazas que dan derecho a disputar el CRDEE en el cadete y otras tantas en el infantil.<\/b><\/span><br \/>\n<span style=\", sans-serif;font-size: large\"><b><\/b><\/span><br \/>\n<span style=\", sans-serif;font-size: large\"><b><\/b><\/span><br \/>\n<span style=\", sans-serif;font-size: large\"><b><i><u>Categor\u00eda Cadete<\/u><\/i><\/b><\/span><\/p>\n<table cellpadding=\"0\" cellspacing=\"0\" class=\"tr-caption-container\" style=\"float: right;text-align: right\">\n<tbody>\n<tr>\n<td style=\"text-align: center\"><a href=\"https:\/\/www.bfv.cloud\/ajedrezeuropa\/wp-content\/uploads\/2018\/01\/IMG-20180121-WA0005.jpg\" style=\"clear: right;margin-bottom: 1em;margin-left: auto;margin-right: auto\"><img decoding=\"async\" border=\"0\" data-original-height=\"777\" data-original-width=\"941\" height=\"263\" src=\"https:\/\/blogger.googleusercontent.com\/img\/b\/R29vZ2xl\/AVvXsEhaL4ngajbqSOFGp8mmBN2WHkdNqglUg0BwRoA02swob8DbI3PN9waat4sLrfxRQjJXcu5hkhBjeOp5r2lfTiTvu-F6VqpOYJH4OurgnNA7dy_KLdqGRebwSCa6L0L61zvJ0CTnrs0U-iY\/s320\/IMG-20180121-WA0005.jpg\" width=\"320\" \/><\/a><\/td>\n<\/tr>\n<tr>\n<td class=\"tr-caption\" style=\"text-align: center\">Arsenio L\u00f3pez<\/td>\n<\/tr>\n<\/tbody>\n<\/table>\n<p><span style=\", sans-serif;font-size: large\"><b>4 chicos y 2 chicas del ajedrez alcazare\u00f1o compiten por estos 3 puestos masculinos y estos 3 femeninos. Disputadas 3 rondas, Enrique Velasco con 2 puntos, se sit\u00faa a medio punto de las 3 primeras posiciones, mientras Pablo Vela (1,5 puntos), Arsenio L\u00f3pez (1 punto) y Arturo Mate (1 punto) se quedan entre los puestos 10\u00ba a 16\u00ba de la clasificaci\u00f3n provisional.<\/b><\/span><br \/>\n<span style=\", sans-serif;font-size: large\"><b>En las chicas, Isabel Marcos-Alberca, comanda la clasificaci\u00f3n con 2 puntos; Clara Vela va 3\u00aa con 1 punto.<\/b><\/span><\/p>\n<p><b style=\", sans-serif;font-size: x-large\"><i><u>Categor\u00eda Infantil<\/u><\/i><\/b><\/p>\n<table cellpadding=\"0\" cellspacing=\"0\" class=\"tr-caption-container\" style=\"float: left;margin-right: 1em;text-align: left\">\n<tbody>\n<tr>\n<td style=\"text-align: center\"><a href=\"https:\/\/www.bfv.cloud\/ajedrezeuropa\/wp-content\/uploads\/2018\/01\/IMG-20180121-WA0004.jpg\" style=\"clear: right;margin-bottom: 1em;margin-left: auto;margin-right: auto\"><img loading=\"lazy\" decoding=\"async\" border=\"0\" data-original-height=\"501\" data-original-width=\"927\" height=\"216\" src=\"https:\/\/blogger.googleusercontent.com\/img\/b\/R29vZ2xl\/AVvXsEgfK7P0uJgphEVfRkndqsVXHZO0GUxulnJ5PxrnHn75VFEdHovWTbx4UDlDhlMLP86dV_VA7rwSyPYW86ZP14nafuMg5vmyWUuA0_wtVcW7jqaYeDXWXg0VB5S1eiidYjTQl_7_FYeFAl0\/s400\/IMG-20180121-WA0004.jpg\" width=\"400\" \/><\/a><\/td>\n<\/tr>\n<tr>\n<td class=\"tr-caption\" style=\"text-align: center\">Daniel Climent<\/td>\n<\/tr>\n<\/tbody>\n<\/table>\n<p><span style=\", sans-serif;font-size: large\"><b>Despu\u00e9s de 4 partidas, l@s 12 jugadores que representan a Nuestro Ajedrez en Europa quedan en los siguientes grupos de puntuaci\u00f3n:<\/b><\/span><br \/>\n<span style=\", sans-serif;font-size: large\"><b>&#8211; Con 4 puntos: Daniel Climent, metido en el grupo de 6 jugadores que han sumado todos los puntos.<\/b><\/span><\/p>\n<table cellpadding=\"0\" cellspacing=\"0\" class=\"tr-caption-container\" style=\"float: right;margin-left: 1em;text-align: right\">\n<tbody>\n<tr>\n<td style=\"text-align: center\"><a href=\"https:\/\/www.bfv.cloud\/ajedrezeuropa\/wp-content\/uploads\/2018\/01\/IMG-20180121-WA0007.jpg\" style=\"clear: right;margin-bottom: 1em;margin-left: auto;margin-right: auto\"><img loading=\"lazy\" decoding=\"async\" border=\"0\" data-original-height=\"654\" data-original-width=\"792\" height=\"264\" src=\"https:\/\/blogger.googleusercontent.com\/img\/b\/R29vZ2xl\/AVvXsEj2unmstTWuTbb0fwUubNzt9onjotzMUKvxL-cPYurASAIp8GiAX1X72WsL650j4YoC-eaXxr9ZJTr3GH3LEeFNq3vmhEwKRjhtKl_5EfqjvxfqDjgQoWgZ5q-YZE0_3megZa3EnzrBlCQ\/s320\/IMG-20180121-WA0007.jpg\" width=\"320\" \/><\/a><\/td>\n<\/tr>\n<tr>\n<td class=\"tr-caption\" style=\"text-align: center\">Roberto Yeghiazaryan<\/td>\n<\/tr>\n<\/tbody>\n<\/table>\n<p><span style=\", sans-serif;font-size: large\"><b>&#8211; Con 3 puntos: Roberto Yeghiazaryan, Roberto Yeghiazaryan y Emilio Nieto.<\/b><\/span><br \/>\n<span style=\", sans-serif;font-size: large\"><b>&#8211; Con 2 puntos: Ferm\u00edn Aragon\u00e9s (Herencia) y Daniel Montealegre.<\/b><\/span><br \/>\n<span style=\", sans-serif;font-size: large\"><b>&#8211; Con 1 punto: Marta Vela, Carlos Vela, Daniel \u00dabeda y Alejandro Romero.<\/b><\/span><br \/>\n<span style=\", sans-serif;font-size: large\"><b>&#8211; Con 0 puntos: Miguel Doncel y Guillermo Lizano, ambos debutantes y con ausencia durante una de las jornadas.<\/b><\/span><\/p>\n<table align=\"center\" cellpadding=\"0\" cellspacing=\"0\" class=\"tr-caption-container\" style=\"margin-left: auto;margin-right: auto;text-align: center\">\n<tbody>\n<tr>\n<td style=\"text-align: center\"><a href=\"https:\/\/www.bfv.cloud\/ajedrezeuropa\/wp-content\/uploads\/2018\/01\/IMAGENSALAJUEGOESCOLARCREAL.jpg\" style=\"margin-left: auto;margin-right: auto\"><img loading=\"lazy\" decoding=\"async\" border=\"0\" data-original-height=\"512\" data-original-width=\"1198\" height=\"270\" src=\"https:\/\/blogger.googleusercontent.com\/img\/b\/R29vZ2xl\/AVvXsEhKOcshtxSZ-HIpP1-Q6o5-E6d2q9PtDXLLvHgwYQNk2q8gj5a96Ij61nL5da1vgEciNPL4hyddIBIWcUH-sSf44dC_MJ093Yd1IkdHYisMeiH3dBdqh0DynmqZ769Mlgogoc5fBUecRbU\/s640\/IMAGEN+SALA+JUEGO+ESCOLAR+C+REAL.jpg\" width=\"640\" \/><\/a><\/td>\n<\/tr>\n<tr>\n<td class=\"tr-caption\" style=\"text-align: center\">La sala de juego durante la 1\u00aa jornada de campeonato<\/td>\n<\/tr>\n<\/tbody>\n<\/table>\n<p><span style=\", sans-serif;font-size: large\"><b>Los dos pr\u00f3ximos domingos se disputar\u00e1 la segunda parte de esta fase provincial, completando as\u00ed todas las rondas previstas.<\/b><\/span><b style=\", sans-serif;font-size: x-large\">&nbsp;<\/b><br \/>\n<span style=\", sans-serif;font-size: large\"><b>\u00a1Les deseamos a todos un competido y divertido torneo!<\/b><\/span><\/p>\n","protected":false},"excerpt":{"rendered":"<p>Dos de nuestros jugadores en la categor\u00eda cadete: Isabel y Pablo Enrique Velasco El Campeonato en Edad Escolar de Ciudad Real ha celebrado su 2\u00aa jornada de competici\u00f3n. 18 ajedrecistas representan a las escuelas de Alc\u00e1zar y Herencia en este Escolar en la presente temporada. En las dos categor\u00edas en las que se divide este [&hellip;]<\/p>\n","protected":false},"author":1,"featured_media":1403,"comment_status":"open","ping_status":"closed","sticky":false,"template":"","format":"standard","meta":{"footnotes":""},"categories":[1],"tags":[],"class_list":["post-1402","post","type-post","status-publish","format-standard","has-post-thumbnail","hentry","category-noticias"],"_links":{"self":[{"href":"https:\/\/www.bfv.cloud\/ajedrezeuropa\/wp-json\/wp\/v2\/posts\/1402","targetHints":{"allow":["GET"]}}],"collection":[{"href":"https:\/\/www.bfv.cloud\/ajedrezeuropa\/wp-json\/wp\/v2\/posts"}],"about":[{"href":"https:\/\/www.bfv.cloud\/ajedrezeuropa\/wp-json\/wp\/v2\/types\/post"}],"author":[{"embeddable":true,"href":"https:\/\/www.bfv.cloud\/ajedrezeuropa\/wp-json\/wp\/v2\/users\/1"}],"replies":[{"embeddable":true,"href":"https:\/\/www.bfv.cloud\/ajedrezeuropa\/wp-json\/wp\/v2\/comments?post=1402"}],"version-history":[{"count":1,"href":"https:\/\/www.bfv.cloud\/ajedrezeuropa\/wp-json\/wp\/v2\/posts\/1402\/revisions"}],"predecessor-version":[{"id":1409,"href":"https:\/\/www.bfv.cloud\/ajedrezeuropa\/wp-json\/wp\/v2\/posts\/1402\/revisions\/1409"}],"wp:featuredmedia":[{"embeddable":true,"href":"https:\/\/www.bfv.cloud\/ajedrezeuropa\/wp-json\/wp\/v2\/media\/1403"}],"wp:attachment":[{"href":"https:\/\/www.bfv.cloud\/ajedrezeuropa\/wp-json\/wp\/v2\/media?parent=1402"}],"wp:term":[{"taxonomy":"category","embeddable":true,"href":"https:\/\/www.bfv.cloud\/ajedrezeuropa\/wp-json\/wp\/v2\/categories?post=1402"},{"taxonomy":"post_tag","embeddable":true,"href":"https:\/\/www.bfv.cloud\/ajedrezeuropa\/wp-json\/wp\/v2\/tags?post=1402"}],"curies":[{"name":"wp","href":"https:\/\/api.w.org\/{rel}","templated":true}]}}