{"id":1413,"date":"2011-06-14T21:39:00","date_gmt":"2011-06-14T21:39:00","guid":{"rendered":"https:\/\/www.bfv.cloud\/ajedrezeuropa\/index.php\/2011\/06\/14\/reuniones-preparatorias-del-iv-campus-de-verano\/"},"modified":"2025-11-20T10:31:57","modified_gmt":"2025-11-20T10:31:57","slug":"reuniones-preparatorias-del-iv-campus-de-verano","status":"publish","type":"post","link":"https:\/\/www.bfv.cloud\/ajedrezeuropa\/reuniones-preparatorias-del-iv-campus-de-verano\/","title":{"rendered":"REUNIONES PREPARATORIAS DEL IV CAMPUS DE VERANO"},"content":{"rendered":"<p><em><span style=\"color: blue;font-family: Arial, Helvetica, sans-serif\"><strong>El pr\u00f3ximo s\u00e1bado 18 de junio a las 8 de la tarde en la sede del ajedrez&nbsp;de la Casa de la Cultura de Villafranca se celebrar\u00e1 la reuni\u00f3n preparatoria del IV CAMPUS DE PERFECCIONAMIENTO 2011. Al d\u00eda siguiente, domingo, a las 12 de la ma\u00f1ana,&nbsp;ser\u00e1 el turno de la escuela de ajedrez de Alc\u00e1zar,&nbsp;en la sede de la calle Independencia. Para ambas reuniones hemos invitado a todos los padres y madres, junto a los nuevos responsables de las alcald\u00edas y concejal\u00edas de deportes de Alc\u00e1zar y Villafranca.<\/strong><\/span><\/em><br \/>\n<em><span style=\"color: blue;font-family: Arial\"><strong>Os esperamos a todos, ya que tambi\u00e9n servir\u00e1 para cambiar impresiones sobre la planificaci\u00f3n de la pr\u00f3xima temporada.<\/strong><\/span><\/em><br \/>\n\ufeff\ufeff <\/p>\n<table cellpadding=\"0\" cellspacing=\"0\" class=\"tr-caption-container\" style=\"float: left;margin-right: 1em;text-align: left\">\n<tbody>\n<tr>\n<td style=\"text-align: center\"><a href=\"https:\/\/www.bfv.cloud\/ajedrezeuropa\/wp-content\/uploads\/2011\/06\/VSIMULT25C32581NEAJUANDEAUSTRIA2011009.jpg\" style=\"clear: left;margin-bottom: 1em;margin-left: auto;margin-right: auto\"><img fetchpriority=\"high\" decoding=\"async\" border=\"0\" height=\"300\" src=\"https:\/\/blogger.googleusercontent.com\/img\/b\/R29vZ2xl\/AVvXsEhrHzHjDpa17Bo6ntBhu-JgsKFm98FSolaDCyLJzCdzLFTNxc6l35vTfNwqiQfE67Fd4vDXnThc4M89Vg76-0oSn8Z1nCPaUIzbQhyphenhyphenlcOhr3QszCokvQAMZuzKV3CV7xruOYKByHzUE-Wc\/s400\/V+SIMULT%25C3%2581NEA+JUAN+DE+AUSTRIA+2011+009.jpg\" width=\"400\" \/><\/a><\/td>\n<\/tr>\n<tr>\n<td class=\"tr-caption\" style=\"text-align: center\">Un instante de la simult\u00e1nea en el CP Juan de Austria de Alc\u00e1zar<\/td>\n<\/tr>\n<\/tbody>\n<\/table>\n<p>\ufeff\ufeff Tambi\u00e9n queremos informaros de la \u00faltima actividad desarrollada por nuestra escuela de Alc\u00e1zar, ya que &nbsp;por quinto a\u00f1o consecutivo hemos estado presentes en la simult\u00e1nea del C.P. Juan de Austria. Esta actividad ha resultado muy interesante, pues a la dificultad de jugar simult\u00e1neas con reloj, se uni\u00f3 la presencia de ni\u00f1os, j\u00f3venes y adultos aficionados de Alc\u00e1zar, Tomelloso, Herencia y Criptana, que retaron a nuestros chicos y chicas resultando algunas partidas muy entretenidas e igualadas.<\/p>\n","protected":false},"excerpt":{"rendered":"<p>El pr\u00f3ximo s\u00e1bado 18 de junio a las 8 de la tarde en la sede del ajedrez&nbsp;de la Casa de la Cultura de Villafranca se celebrar\u00e1 la reuni\u00f3n preparatoria del IV CAMPUS DE PERFECCIONAMIENTO 2011. Al d\u00eda siguiente, domingo, a las 12 de la ma\u00f1ana,&nbsp;ser\u00e1 el turno de la escuela de ajedrez de Alc\u00e1zar,&nbsp;en la [&hellip;]<\/p>\n","protected":false},"author":1,"featured_media":1414,"comment_status":"open","ping_status":"closed","sticky":false,"template":"","format":"standard","meta":{"footnotes":""},"categories":[1],"tags":[],"class_list":["post-1413","post","type-post","status-publish","format-standard","has-post-thumbnail","hentry","category-noticias"],"_links":{"self":[{"href":"https:\/\/www.bfv.cloud\/ajedrezeuropa\/wp-json\/wp\/v2\/posts\/1413","targetHints":{"allow":["GET"]}}],"collection":[{"href":"https:\/\/www.bfv.cloud\/ajedrezeuropa\/wp-json\/wp\/v2\/posts"}],"about":[{"href":"https:\/\/www.bfv.cloud\/ajedrezeuropa\/wp-json\/wp\/v2\/types\/post"}],"author":[{"embeddable":true,"href":"https:\/\/www.bfv.cloud\/ajedrezeuropa\/wp-json\/wp\/v2\/users\/1"}],"replies":[{"embeddable":true,"href":"https:\/\/www.bfv.cloud\/ajedrezeuropa\/wp-json\/wp\/v2\/comments?post=1413"}],"version-history":[{"count":1,"href":"https:\/\/www.bfv.cloud\/ajedrezeuropa\/wp-json\/wp\/v2\/posts\/1413\/revisions"}],"predecessor-version":[{"id":1415,"href":"https:\/\/www.bfv.cloud\/ajedrezeuropa\/wp-json\/wp\/v2\/posts\/1413\/revisions\/1415"}],"wp:featuredmedia":[{"embeddable":true,"href":"https:\/\/www.bfv.cloud\/ajedrezeuropa\/wp-json\/wp\/v2\/media\/1414"}],"wp:attachment":[{"href":"https:\/\/www.bfv.cloud\/ajedrezeuropa\/wp-json\/wp\/v2\/media?parent=1413"}],"wp:term":[{"taxonomy":"category","embeddable":true,"href":"https:\/\/www.bfv.cloud\/ajedrezeuropa\/wp-json\/wp\/v2\/categories?post=1413"},{"taxonomy":"post_tag","embeddable":true,"href":"https:\/\/www.bfv.cloud\/ajedrezeuropa\/wp-json\/wp\/v2\/tags?post=1413"}],"curies":[{"name":"wp","href":"https:\/\/api.w.org\/{rel}","templated":true}]}}