{"id":1416,"date":"2013-03-11T22:18:00","date_gmt":"2013-03-11T22:18:00","guid":{"rendered":"https:\/\/www.bfv.cloud\/ajedrezeuropa\/index.php\/2013\/03\/11\/6-trofeos-para-la-escuela-de-alcazar-en-el-provincial-por-edades-de-ciudad-real\/"},"modified":"2025-11-20T10:32:00","modified_gmt":"2025-11-20T10:32:00","slug":"6-trofeos-para-la-escuela-de-alcazar-en-el-provincial-por-edades-de-ciudad-real","status":"publish","type":"post","link":"https:\/\/www.bfv.cloud\/ajedrezeuropa\/6-trofeos-para-la-escuela-de-alcazar-en-el-provincial-por-edades-de-ciudad-real\/","title":{"rendered":"6 TROFEOS PARA LA ESCUELA DE ALC\u00c1ZAR EN EL PROVINCIAL POR EDADES DE CIUDAD REAL"},"content":{"rendered":"<table cellpadding=\"0\" cellspacing=\"0\" class=\"tr-caption-container\" style=\"float: left;margin-right: 1em;text-align: left\">\n<tbody>\n<tr>\n<td style=\"text-align: center\"><a href=\"https:\/\/www.bfv.cloud\/ajedrezeuropa\/wp-content\/uploads\/2013\/03\/FOTOSCLAUSURAEDADESCIUDADREAL2013007.jpg\" style=\"clear: left;margin-bottom: 1em;margin-left: auto;margin-right: auto\"><img fetchpriority=\"high\" decoding=\"async\" border=\"0\" height=\"208\" src=\"https:\/\/blogger.googleusercontent.com\/img\/b\/R29vZ2xl\/AVvXsEglTZKAgtphjPpppw92wvf3eLJpdyJrYYevXco4myrV1UfePeB1-OSFoVZkbhfmpbFerSGiw2fpboZmSDeQuAB29XORWi2YZIX3ZEY1l9_cS-uVwlG_WTo7Ryy2lSr4YRPsOqv8VeI6Tlk\/s400\/FOTOS+CLAUSURA+EDADES+CIUDAD+REAL+2013+007.jpg\" width=\"400\" \/><\/a><\/td>\n<\/tr>\n<tr>\n<td class=\"tr-caption\" style=\"text-align: center\">7 chicos y 5 chicas finalizaron el campeonato el pasado domingo<\/td>\n<\/tr>\n<\/tbody>\n<\/table>\n<p><\/p>\n<table cellpadding=\"0\" cellspacing=\"0\" class=\"tr-caption-container\" style=\"float: left;margin-right: 1em;text-align: left\">\n<tbody>\n<tr>\n<td style=\"text-align: center\"><a href=\"https:\/\/www.bfv.cloud\/ajedrezeuropa\/wp-content\/uploads\/2013\/03\/FOTOSCLAUSURAEDADESCIUDADREAL2013006.jpg\" style=\"clear: left;margin-bottom: 1em;margin-left: auto;margin-right: auto\"><img decoding=\"async\" border=\"0\" height=\"307\" src=\"https:\/\/blogger.googleusercontent.com\/img\/b\/R29vZ2xl\/AVvXsEgWbyO1v1utFn7bFfrVOjj7UwxmDYXEteXl6NDatIqG3DX0fCydtABZFEKR0UZ6X3GrCpai0910ki7z65ke2ABo_GmHN6PeYa4fLZO_TmQdzv88cFF2k43Tn8QNTMvddyHHKNNtcySn6Ag\/s400\/FOTOS+CLAUSURA+EDADES+CIUDAD+REAL+2013+006.jpg\" width=\"400\" \/><\/a><\/td>\n<\/tr>\n<tr>\n<td class=\"tr-caption\" style=\"text-align: center\">Una foto de grupo de los premiados en este provincial<\/td>\n<\/tr>\n<\/tbody>\n<\/table>\n<p><span style=\"font-family: Helvetica Neue, Arial, Helvetica, sans-serif\"><b>El provincial por edades de Ciudad Real finaliz\u00f3 el pasado domingo en Tomelloso tras 3 jornadas de competici\u00f3n. Un total de 14 ajedrecistas de la escuela de ajedrez alcazare\u00f1a han tomado parte en este campeonato, aunque por motivos de salud s\u00f3lo han podido finalizar 12.&nbsp;<\/b><\/span><br \/>\n<span style=\"font-family: Helvetica Neue, Arial, Helvetica, sans-serif\"><b>Con 2 campeones provinciales: Nuria Lozano en el sub-8 femenino y Leo de Giorgi en el sub-16 masculino; 3 subcampeones: Jos\u00e9 \u00c1ngel Vela en sub-18, Javier Valdepe\u00f1as en el sub-14 e Isabel Marcos-Alberca en el sub-12 femenino y un tercer puesto con Marta Espinosa en el sub-14 femenino, se han vuelto a mejorar los buenos resultados de 2012.&nbsp;<\/b><\/span><br \/>\n<span style=\"font-family: Helvetica Neue, Arial, Helvetica, sans-serif\"><b>Adem\u00e1s, el resto de jugadores de nuestros clubes, han destacado en la categor\u00eda sub-12, donde Enrique Velasco termin\u00f3 en la 5\u00aa posici\u00f3n de la clasificaci\u00f3n general, Arturo Mate en la 8\u00aa plaza, Pablo Vela ocup\u00f3 el 10\u00ba lugar y Julia Meza la 4\u00aa posici\u00f3n femenina. En esta categor\u00eda, Julio M\u00e9rida, Gracia Ortiz y Horacio del Barco no pudieron participar en la totalidad de las rondas. Por \u00faltimo, ya en el sub-14, Samuel Ortiz qued\u00f3 en la 13\u00aa plaza. Muchos de estos chicos y chicas tendr\u00e1n ocasi\u00f3n de volver a competir del 4 al 7 de abril, de nuevo en la sede de Tomelloso, pero esta vez en la fase regional del campeonato por edades. Informaremos m\u00e1s detalladamente cuando se publiquen sus bases definitivas, aunque no queremos terminar sin felicitar a los integrantes del Club de Ajedrez Tomelloso por haber sacado adelante la organizaci\u00f3n del campeonato m\u00e1s participativo de Castilla-La Mancha.<\/b><\/span><br \/>\n<span style=\"font-family: Helvetica Neue, Arial, Helvetica, sans-serif\"><b><br \/><\/b><\/span><\/p>\n","protected":false},"excerpt":{"rendered":"<p>7 chicos y 5 chicas finalizaron el campeonato el pasado domingo Una foto de grupo de los premiados en este provincial El provincial por edades de Ciudad Real finaliz\u00f3 el pasado domingo en Tomelloso tras 3 jornadas de competici\u00f3n. Un total de 14 ajedrecistas de la escuela de ajedrez alcazare\u00f1a han tomado parte en este [&hellip;]<\/p>\n","protected":false},"author":1,"featured_media":1417,"comment_status":"open","ping_status":"closed","sticky":false,"template":"","format":"standard","meta":{"footnotes":""},"categories":[1],"tags":[],"class_list":["post-1416","post","type-post","status-publish","format-standard","has-post-thumbnail","hentry","category-noticias"],"_links":{"self":[{"href":"https:\/\/www.bfv.cloud\/ajedrezeuropa\/wp-json\/wp\/v2\/posts\/1416","targetHints":{"allow":["GET"]}}],"collection":[{"href":"https:\/\/www.bfv.cloud\/ajedrezeuropa\/wp-json\/wp\/v2\/posts"}],"about":[{"href":"https:\/\/www.bfv.cloud\/ajedrezeuropa\/wp-json\/wp\/v2\/types\/post"}],"author":[{"embeddable":true,"href":"https:\/\/www.bfv.cloud\/ajedrezeuropa\/wp-json\/wp\/v2\/users\/1"}],"replies":[{"embeddable":true,"href":"https:\/\/www.bfv.cloud\/ajedrezeuropa\/wp-json\/wp\/v2\/comments?post=1416"}],"version-history":[{"count":1,"href":"https:\/\/www.bfv.cloud\/ajedrezeuropa\/wp-json\/wp\/v2\/posts\/1416\/revisions"}],"predecessor-version":[{"id":1419,"href":"https:\/\/www.bfv.cloud\/ajedrezeuropa\/wp-json\/wp\/v2\/posts\/1416\/revisions\/1419"}],"wp:featuredmedia":[{"embeddable":true,"href":"https:\/\/www.bfv.cloud\/ajedrezeuropa\/wp-json\/wp\/v2\/media\/1417"}],"wp:attachment":[{"href":"https:\/\/www.bfv.cloud\/ajedrezeuropa\/wp-json\/wp\/v2\/media?parent=1416"}],"wp:term":[{"taxonomy":"category","embeddable":true,"href":"https:\/\/www.bfv.cloud\/ajedrezeuropa\/wp-json\/wp\/v2\/categories?post=1416"},{"taxonomy":"post_tag","embeddable":true,"href":"https:\/\/www.bfv.cloud\/ajedrezeuropa\/wp-json\/wp\/v2\/tags?post=1416"}],"curies":[{"name":"wp","href":"https:\/\/api.w.org\/{rel}","templated":true}]}}