{"id":142,"date":"2018-10-25T18:44:00","date_gmt":"2018-10-25T18:44:00","guid":{"rendered":"https:\/\/www.bfv.cloud\/ajedrezeuropa\/index.php\/2018\/10\/25\/el-provincial-por-clubes-de-toledo-comenzo-el-domingo-pasado\/"},"modified":"2025-11-20T10:13:54","modified_gmt":"2025-11-20T10:13:54","slug":"el-provincial-por-clubes-de-toledo-comenzo-el-domingo-pasado","status":"publish","type":"post","link":"https:\/\/www.bfv.cloud\/ajedrezeuropa\/el-provincial-por-clubes-de-toledo-comenzo-el-domingo-pasado\/","title":{"rendered":"EL PROVINCIAL POR CLUBES DE TOLEDO COMENZ\u00d3 EL DOMINGO PASADO"},"content":{"rendered":"<table cellpadding=\"0\" cellspacing=\"0\" class=\"tr-caption-container\" style=\"float: left;margin-right: 1em;text-align: left\">\n<tbody>\n<tr>\n<td style=\"text-align: center\"><a href=\"https:\/\/www.bfv.cloud\/ajedrezeuropa\/wp-content\/uploads\/2018\/10\/IMG_20181021_100938_resized_20181023_012505683.jpg\" style=\"clear: left;margin-bottom: 1em;margin-left: auto;margin-right: auto\"><img fetchpriority=\"high\" decoding=\"async\" border=\"0\" data-original-height=\"805\" data-original-width=\"569\" height=\"400\" src=\"https:\/\/blogger.googleusercontent.com\/img\/b\/R29vZ2xl\/AVvXsEiQU8G2SKf4rVOxFptD6uTOzst-icxYEExFfzIqdUJDeYDyqkumqDVebUSFUveDvlnTI7kfv-8nz0L6XYNt-VJrxLpvcbRLv4j6gVTmB3lojcwyGEwALiUD352dfjc4LaMnmShMMqSt2VQ\/s400\/IMG_20181021_100938_resized_20181023_012505683.jpg\" width=\"281\" \/><\/a><\/td>\n<\/tr>\n<tr>\n<td class=\"tr-caption\" style=\"text-align: center\">Aurora, Roberto, Julio y Alejandro participan<br \/>en el equipo de Nuestro Ajedrez en Europa de<br \/>2\u00aa divisi\u00f3n<\/td>\n<\/tr>\n<\/tbody>\n<\/table>\n<p><span style=\"font-size: large\"><span style=\"font-family: Verdana, sans-serif\"><b>El domingo pasado comenz\u00f3 el Campeonato Provincial por Clubes de Toledo, valedero para la temporada 2019. La estructura se ha modificado respecto a a\u00f1os anteriores, quedando reducido a 2 categor\u00edas (1\u00aa y 2\u00aa divisi\u00f3n), desapareciendo la dedicada a la inserci\u00f3n de jugadores con menor experiencia.&nbsp;<\/b><\/span><b style=\"font-family: Verdana, sans-serif\">En la 1\u00aa divisi\u00f3n toledana participan 11 equipos pertenecientes a 7 clubes distintos. Mientras que en 2\u00aa divisi\u00f3n compiten 16 equipos de estos mismos clubes y de las escuelas de ajedrez de Villaca\u00f1as y Quintanar de la Orden. Para cerrar el tema organizativo, har\u00e9 referencia a una de las nuevas medidas que figura en las bases de este a\u00f1o. La disposici\u00f3n de dejar 8 equipos en 1\u00aa divisi\u00f3n para la siguiente temporada, que conlleva el descenso de 3 a la 2\u00aa. Ser\u00eda interesante saber qu\u00e9 modelo de campeonato buscan los promotores de esta idea. Al igual que es indispensable que alguien explique el por qu\u00e9 dejarlo en 8 equipos y no en 6 o 10, por ejemplo. Supongo que la delegaci\u00f3n de Toledo y los clubes que presentaron y apoyaron los cambios introducidos sabr\u00e1n para qu\u00e9 sirven &#8230; \u00bfLo explicar\u00e1n o quiz\u00e1 consideren que no es necesario informar de lo que nos afecta a todos y que tan solo ellos decidieron?<\/b><\/span><\/p>\n<table align=\"center\" cellpadding=\"0\" cellspacing=\"0\" class=\"tr-caption-container\" style=\"margin-left: auto;margin-right: auto;text-align: center\">\n<tbody>\n<tr>\n<td style=\"text-align: center\"><a href=\"https:\/\/www.bfv.cloud\/ajedrezeuropa\/wp-content\/uploads\/2018\/10\/IMG_20181021_100928_resized_20181023_012505977.jpg\" style=\"margin-left: auto;margin-right: auto\"><img decoding=\"async\" border=\"0\" data-original-height=\"587\" data-original-width=\"795\" height=\"470\" src=\"https:\/\/blogger.googleusercontent.com\/img\/b\/R29vZ2xl\/AVvXsEiWnelwQf_Pwe-RlaAHpntyyrmeyqBKMYblNEagZq5VWfNRHEgiMJ8uRLW56Yt0fIqqcenx7H8wdlmD4QdlQPtL31Ap-OEESFlwws8FaRdSvVirmxd3cyK5jSlrFiSOuf-mZ_SDo2uBsg4\/s640\/IMG_20181021_100928_resized_20181023_012505977.jpg\" width=\"640\" \/><\/a><\/td>\n<\/tr>\n<tr>\n<td class=\"tr-caption\" style=\"text-align: center\">El equipo de la Igualdad en 2\u00aa divisi\u00f3n compuesto por: \u00d3scar, Adela, Siara y \u00c1ngel Javier<\/td>\n<\/tr>\n<\/tbody>\n<\/table>\n<p><b style=\"font-family: Verdana, sans-serif\"><span style=\"font-size: large\">En lo que ata\u00f1e a nuestros equipos, tenemos 4 en 1\u00aa divisi\u00f3n (2 de Nuestro Ajedrez por la Igualdad y otros 2 de Nuestro Ajedrez en Europa), compuestos por 26 jugadores. En 2\u00aa divisi\u00f3n son 2 equipos, uno de cada club, integrados por otros 15 ajedrecistas. En total 6 equipos y 41 jugadores, desde los 9 a los 52 a\u00f1os de edad.<\/span><\/b><br \/>\n<span style=\"font-family: Verdana, sans-serif;font-size: large\"><b>La composici\u00f3n de los 4 equipos de 1\u00aa divisi\u00f3n es la siguiente:<\/b><\/span><br \/>\n<span style=\"font-family: Verdana, sans-serif;font-size: large\"><b><i><u>Nuestro Ajedrez en Europa-A:<\/u>&nbsp;<span style=\"color: blue\">Santiago Talavera Garc\u00eda, Alberto Mena Corrochano, Isaac Lozano Osorio, Ana Isabel Gonz\u00e1lez Berruga, Luis Migel Monreal Bejarano, Adri\u00e1n Alonso L\u00e1zaro y Roberto L\u00f3pez N\u00fa\u00f1ez.<\/span><\/i><\/b><\/span><\/p>\n<table align=\"center\" cellpadding=\"0\" cellspacing=\"0\" class=\"tr-caption-container\" style=\"margin-left: auto;margin-right: auto;text-align: center\">\n<tbody>\n<tr>\n<td style=\"text-align: center\"><a href=\"https:\/\/www.bfv.cloud\/ajedrezeuropa\/wp-content\/uploads\/2018\/10\/IMG_20181021_101117_resized_20181023_012504699.jpg\" style=\"margin-left: auto;margin-right: auto\"><img decoding=\"async\" border=\"0\" data-original-height=\"716\" data-original-width=\"757\" height=\"604\" src=\"https:\/\/blogger.googleusercontent.com\/img\/b\/R29vZ2xl\/AVvXsEhbCJKzK1BVReYQG3iOGKvp6GvRBNES_459TIUdfZ8R0kOut-fo5sFb0ZDJe-v9E8styWE8XN-T-3hcBIVPJAjHvNMaCu33dQozFCV8JDl_ma6cAgSudk5kj0dRRwsDvTKdv5A46b47Y38\/s640\/IMG_20181021_101117_resized_20181023_012504699.jpg\" width=\"640\" \/><\/a><\/td>\n<\/tr>\n<tr>\n<td class=\"tr-caption\" style=\"text-align: center\">Los equipos A y B de Nuestro Ajedrez en Europa frente a frente en la 1\u00aa ronda del Campeonato<\/td>\n<\/tr>\n<\/tbody>\n<\/table>\n<p><b style=\"font-family: Verdana, sans-serif\"><i><span style=\"font-size: large\"><u>Nuestro Ajedrez en Europa-B:<\/u>&nbsp;<span style=\"color: blue\">Daniel P\u00edriz Fern\u00e1ndez, Jes\u00fas M\u00aa Bricio Garc\u00eda de la Torre, Alonso L\u00f3pez N\u00fa\u00f1ez, Irene Sim\u00f3n Escalona, Silvia Toribio Camu\u00f1as, Roberto Yeghiazaryan Petrosyan, Isabel Marcos-Alberca Lizcano y F\u00e9lix Toribio G\u00f3mez.<\/span><\/span><\/i><\/b><br \/>\n<b style=\"font-family: Verdana, sans-serif\"><i><span style=\"font-size: large\"><u>Nuestro Ajedrez por la Igualdad-A:<\/u>&nbsp;<span style=\"color: blue\">Antonio Albo Maroto, Carlos Romo D\u00edaz-Alejo, Enrique Velasco Aragon\u00e9s, Arsenio L\u00f3pez Ochoa y Rub\u00e9n Escribano Alberca.<\/span><\/span><\/i><\/b><br \/>\n<b style=\"font-family: Verdana, sans-serif\"><i><span style=\"font-size: large\"><u>Nuestro Ajedrez por la Igualdad-B:<\/u>&nbsp;<span style=\"color: blue\">Carlos P\u00e9rez Manzanedo, Adri\u00e1n Alhambra Rubio, Gabriel Amador And\u00fajar, Pablo Vela Adri\u00e1n, Clara Vela Adri\u00e1n y \u00c1ngel Collado Alcolado.<\/span><\/span><\/i><\/b><\/p>\n<table align=\"center\" cellpadding=\"0\" cellspacing=\"0\" class=\"tr-caption-container\" style=\"margin-left: auto;margin-right: auto;text-align: center\">\n<tbody>\n<tr>\n<td style=\"text-align: center\"><a href=\"https:\/\/www.bfv.cloud\/ajedrezeuropa\/wp-content\/uploads\/2018\/10\/IMG_20181021_101057_resized_20181023_012505043.jpg\" style=\"margin-left: auto;margin-right: auto\"><img loading=\"lazy\" decoding=\"async\" border=\"0\" data-original-height=\"593\" data-original-width=\"877\" height=\"430\" src=\"https:\/\/blogger.googleusercontent.com\/img\/b\/R29vZ2xl\/AVvXsEjNcPSIym6dkGFMBeX54A3YhVQLSK9Wubtg1wvmRYD2zLJMd8M6YLoUzK3qGbN6qIoPofC_ltpAbmRoLw7ZsZUuVwIilmBVzG9I5uMDJ4hLrgmb5WvfjEAYofkWiw-P2zasj_tPT7nS60A\/s640\/IMG_20181021_101057_resized_20181023_012505043.jpg\" width=\"640\" \/><\/a><\/td>\n<\/tr>\n<tr>\n<td class=\"tr-caption\" style=\"text-align: center\">Ronda 1, Nuestro Ajedrez por la Igualdad A y B se enfrentan en la mesa 5<\/td>\n<\/tr>\n<\/tbody>\n<\/table>\n<p><b style=\"font-family: Verdana, sans-serif\"><span style=\"font-size: large\">La composici\u00f3n de los 2 equipos de 2\u00aa divisi\u00f3n es la siguiente:<\/span><\/b><br \/>\n<span style=\"font-family: Verdana, sans-serif;font-size: large\"><b><i><u>Nuestro Ajedrez en Europa:<\/u>&nbsp;<span style=\"color: blue\">M\u00f3nica Monreal G\u00f3mez, Aurora Corrales Carri\u00f3n, Nicol\u00e1s Corrales Carri\u00f3n, Crist\u00f3bal Corrales Carri\u00f3n, Roberto Fern\u00e1ndez-Mazarambroz Alberca, Julio Oliver G\u00f3mez-Chac\u00f3n, Carlos Vela Merino y Alejandro Romero Mu\u00f1oz.<\/span><\/i><\/b><\/span><br \/>\n<span style=\"font-family: Verdana, sans-serif;font-size: large\"><b><i><u>Nuestro Ajedrez por la Igualdad:<\/u>&nbsp;<span style=\"color: blue\">Marta Garc\u00eda Castellanos, \u00c1ngel Javier Pozos Marchante, Marta Vela Adri\u00e1n, Siara Ca\u00f1ada Fern\u00e1ndez, Adela Collado Alcolado, Alma Ca\u00f1ada Fern\u00e1ndez y \u00d3scar Zhang Wang.<\/span><\/i><\/b><\/span><\/p>\n<div style=\"text-align: center\">\n<span style=\"font-family: Verdana, sans-serif;font-size: large\"><b><i><u>RESULTADOS Y EMPAREJAMIENTOS<\/u><\/i><\/b><\/span><\/div>\n<p><span style=\"font-family: Verdana, sans-serif;font-size: large\"><b>Las 2 primeras rondas en 1\u00aa divisi\u00f3n, jugadas en la ma\u00f1ana y la tarde del domingo pasado, dejan con 4 puntos a Nuestro Ajedrez en Europa-A, con 2 puntos a los equipos A y B de Nuestro Ajedrez por la Igualdad, y sin puntuar a Nuestro Ajedrez en Europa-B.<\/b><\/span><br \/>\n<span style=\"font-family: Verdana, sans-serif;font-size: large\"><b>El emparejamiento de la ronda 3 que se jugar\u00e1 el domingo 11 de noviembre por la ma\u00f1ana es el siguiente:<\/b><\/span><\/p>\n<div class=\"separator\" style=\"clear: both;text-align: center\">\n<a href=\"https:\/\/www.bfv.cloud\/ajedrezeuropa\/wp-content\/uploads\/2018\/10\/125C225AADIVISION2019RONDA-3_001.jpg\" style=\"margin-left: 1em;margin-right: 1em\"><img loading=\"lazy\" decoding=\"async\" border=\"0\" data-original-height=\"226\" data-original-width=\"502\" height=\"286\" src=\"https:\/\/blogger.googleusercontent.com\/img\/b\/R29vZ2xl\/AVvXsEgFgubKMHfVkcqnjk0SzRXH4FxV5OERgdNGSAXbNrTutSHRizzkuY4jaPdDC7QzQA4KD-AJsrKOCu25Z0l8aCebaYtGcGgBJh7ok_f1QodBO266s8Y9-c0b6LSgi4bgbbTQFegWZMJbEHA\/s640\/1%25C2%25AA+DIVISION+2019+RONDA-3_001.jpg\" width=\"640\" \/><\/a><\/div>\n<p><span style=\"font-family: Verdana, sans-serif;font-size: large\"><b>En 2\u00aa divisi\u00f3n tambi\u00e9n se disputaron 2 rondas, aunque aqu\u00ed a un ritmo m\u00e1s r\u00e1pido y solo en jornada de ma\u00f1ana. Despu\u00e9s de estos 2 enfrentamientos, los equipos de Nuestro Ajedrez en Europa y Nuestro Ajedrez por la Igualdad, quedan en el grupo de 2 puntos, con los siguientes emparejamientos para la ronda 3 que, igualmente, se jugar\u00e1 el domingo 11 de noviembre por la ma\u00f1ana:<\/b><\/span><\/p>\n<div class=\"separator\" style=\"clear: both;text-align: center\">\n<a href=\"https:\/\/www.bfv.cloud\/ajedrezeuropa\/wp-content\/uploads\/2018\/10\/225C225AADIVISION2019RONDA-3_001.jpg\" style=\"margin-left: 1em;margin-right: 1em\"><img loading=\"lazy\" decoding=\"async\" border=\"0\" data-original-height=\"285\" data-original-width=\"498\" height=\"366\" src=\"https:\/\/blogger.googleusercontent.com\/img\/b\/R29vZ2xl\/AVvXsEjRznBvHAd_F0yiXg6LCuPkj9fmzz16rA3UvATSXEZfHxVDEIe-SBXotZohbH0n603VBrSKTHxZ0-4WhPEzyPijWXmXj9odw1D972s4tn2t3gxFqe00jIA8JijUEGVNMBGNxhZgBuTyNy8\/s640\/2%25C2%25AA+DIVISION+2019+RONDA-3_001.jpg\" width=\"640\" \/><\/a><\/div>\n<p><span style=\"font-family: Verdana, sans-serif;font-size: large\"><b><br \/><\/b><\/span><\/p>\n","protected":false},"excerpt":{"rendered":"<p>Aurora, Roberto, Julio y Alejandro participanen el equipo de Nuestro Ajedrez en Europa de2\u00aa divisi\u00f3n El domingo pasado comenz\u00f3 el Campeonato Provincial por Clubes de Toledo, valedero para la temporada 2019. La estructura se ha modificado respecto a a\u00f1os anteriores, quedando reducido a 2 categor\u00edas (1\u00aa y 2\u00aa divisi\u00f3n), desapareciendo la dedicada a la inserci\u00f3n [&hellip;]<\/p>\n","protected":false},"author":1,"featured_media":143,"comment_status":"open","ping_status":"closed","sticky":false,"template":"","format":"standard","meta":{"footnotes":""},"categories":[1],"tags":[],"class_list":["post-142","post","type-post","status-publish","format-standard","has-post-thumbnail","hentry","category-noticias"],"_links":{"self":[{"href":"https:\/\/www.bfv.cloud\/ajedrezeuropa\/wp-json\/wp\/v2\/posts\/142","targetHints":{"allow":["GET"]}}],"collection":[{"href":"https:\/\/www.bfv.cloud\/ajedrezeuropa\/wp-json\/wp\/v2\/posts"}],"about":[{"href":"https:\/\/www.bfv.cloud\/ajedrezeuropa\/wp-json\/wp\/v2\/types\/post"}],"author":[{"embeddable":true,"href":"https:\/\/www.bfv.cloud\/ajedrezeuropa\/wp-json\/wp\/v2\/users\/1"}],"replies":[{"embeddable":true,"href":"https:\/\/www.bfv.cloud\/ajedrezeuropa\/wp-json\/wp\/v2\/comments?post=142"}],"version-history":[{"count":1,"href":"https:\/\/www.bfv.cloud\/ajedrezeuropa\/wp-json\/wp\/v2\/posts\/142\/revisions"}],"predecessor-version":[{"id":149,"href":"https:\/\/www.bfv.cloud\/ajedrezeuropa\/wp-json\/wp\/v2\/posts\/142\/revisions\/149"}],"wp:featuredmedia":[{"embeddable":true,"href":"https:\/\/www.bfv.cloud\/ajedrezeuropa\/wp-json\/wp\/v2\/media\/143"}],"wp:attachment":[{"href":"https:\/\/www.bfv.cloud\/ajedrezeuropa\/wp-json\/wp\/v2\/media?parent=142"}],"wp:term":[{"taxonomy":"category","embeddable":true,"href":"https:\/\/www.bfv.cloud\/ajedrezeuropa\/wp-json\/wp\/v2\/categories?post=142"},{"taxonomy":"post_tag","embeddable":true,"href":"https:\/\/www.bfv.cloud\/ajedrezeuropa\/wp-json\/wp\/v2\/tags?post=142"}],"curies":[{"name":"wp","href":"https:\/\/api.w.org\/{rel}","templated":true}]}}