{"id":1420,"date":"2012-11-26T22:23:00","date_gmt":"2012-11-26T22:23:00","guid":{"rendered":"https:\/\/www.bfv.cloud\/ajedrezeuropa\/index.php\/2012\/11\/26\/nuestro-ajedrez-en-europa-en-la-fase-final-del-v-campeonato-de-espana-por-equipos-de-club-sub-16\/"},"modified":"2025-11-20T10:32:06","modified_gmt":"2025-11-20T10:32:06","slug":"nuestro-ajedrez-en-europa-en-la-fase-final-del-v-campeonato-de-espana-por-equipos-de-club-sub-16","status":"publish","type":"post","link":"https:\/\/www.bfv.cloud\/ajedrezeuropa\/nuestro-ajedrez-en-europa-en-la-fase-final-del-v-campeonato-de-espana-por-equipos-de-club-sub-16\/","title":{"rendered":"NUESTRO AJEDREZ EN EUROPA EN LA FASE FINAL DEL V CAMPEONATO DE ESPA\u00d1A POR EQUIPOS DE CLUB SUB-16"},"content":{"rendered":"<p>\ufeff <\/p>\n<table cellpadding=\"0\" cellspacing=\"0\" class=\"tr-caption-container\" style=\"float: left;margin-right: 1em;text-align: left\">\n<tbody>\n<tr>\n<td style=\"text-align: center\"><a href=\"https:\/\/www.bfv.cloud\/ajedrezeuropa\/wp-content\/uploads\/2012\/11\/fotoscampeonatoregionalS-16201201.jpg\" style=\"clear: left;margin-bottom: 1em;margin-left: auto;margin-right: auto\"><img fetchpriority=\"high\" decoding=\"async\" border=\"0\" height=\"300\" src=\"https:\/\/blogger.googleusercontent.com\/img\/b\/R29vZ2xl\/AVvXsEjCeuroH66U9hCqNIbevZe-TEhAikzwX-Q3JM60EL1FCsGSn-fjACID3IAiK2w4x9SvyhHPKW03RGx_Drox2wK8g3WTegKyFoRPRnfLYMIHrnlzDOLZXy3bi3TKRCP4JY6plkozAXg80IE\/s400\/fotos+campeonato+regional+S-16+2012+01.jpg\" width=\"400\" \/><\/a><\/td>\n<\/tr>\n<tr>\n<td class=\"tr-caption\" style=\"text-align: center\">5 de los miembros del equipo junto a su entrenador en el <br \/>\nregional por equipos sub-16 celebrado en Cuenca este verano<\/td>\n<\/tr>\n<\/tbody>\n<\/table>\n<p>\ufeff &nbsp;<span style=\"font-family: Verdana, sans-serif\">El pr\u00f3ximo mi\u00e9rcoles se producir\u00e1 la llegada del equipo sub-16 de NUESTRO AJEDREZ EN EUROPA a la ciudad de Benidorm, para disputar la fase final de la 5\u00aa edici\u00f3n del Campeonato de Espa\u00f1a por Clubes durante los d\u00edas 6, 7, 8 y 9 de diciembre. Este ser\u00e1 el cuarto a\u00f1o consecutivo con la presencia de este club en uno de los encuentros ajedrec\u00edsticos m\u00e1s importantes de la temporada nacional. Est\u00e1 previsto que sean 18 los equipos que luchar\u00e1n por alzarse con el t\u00edtulo de campe\u00f3n de Espa\u00f1a, teniendo como sede el magn\u00edfico palacio de cristal del hotel Bali. Recordemos que el club perteneciente a las escuelas municipales de ajedrez de Alc\u00e1zar de San Juan y Villafranca de los Caballeros es el vigente 3\u00ba de Espa\u00f1a y subcampe\u00f3n castellano-manchego de la categor\u00eda, adem\u00e1s de campe\u00f3n regional en 2010 y 2011. <\/span><span style=\"font-family: Verdana, sans-serif\"><br \/><\/span><br \/>\n<span style=\"font-family: Verdana, sans-serif\"><\/p>\n<div style=\"border-bottom: medium none;border-left: medium none;border-right: medium none;border-top: medium none\">\n<a href=\"https:\/\/www.bfv.cloud\/ajedrezeuropa\/wp-content\/uploads\/2012\/11\/CARTELCAMPESPAC391AEQUIPOSS-162012.jpg\" style=\"clear: left;float: left;margin-bottom: 1em;margin-right: 1em\"><img decoding=\"async\" border=\"0\" height=\"400\" src=\"https:\/\/blogger.googleusercontent.com\/img\/b\/R29vZ2xl\/AVvXsEh4CP3_mi0gLUlzKIFcE6hp6appBdMEz-dCEYXw-BhgPfLoCJtvIyA5sjIYhpyawpeNDhUvvocrRKvTISb0E0Y7FYmZ8lRW5rH6MeMMFLoE1vvVQZh2CLA3hcceXid7R92L_bctRDquVQI\/s400\/CARTEL+CAMP+ESPA%C3%91A+EQUIPOS+S-16+2012.jpg\" width=\"218\" \/><\/a><\/div>\n<p><\/span><span style=\"font-family: Verdana, sans-serif\">NUESTRO AJEDREZ EN EUROPA presentar\u00e1 un jovenc\u00edsimo equipo formado por 6 ajedrecistas de un notable presente, aunque con la mirada puesta en la formaci\u00f3n y preparaci\u00f3n de sus componentes de cara a obtener unos excelentes rendimientos deportivos en las pr\u00f3ximas temporadas. Estos 4 jugadores y estas 2 jugadoras, han sido los encargados de tomar el relevo de la sobresaliente generaci\u00f3n del 95, aportando unos resultados destacados ya en 2012. As\u00ed ha quedado configurado el equipo:<\/span><span style=\"font-family: Verdana, sans-serif\">&nbsp;<\/span><\/p>\n<div style=\"text-align: center\">\n<div style=\"border-bottom: medium none;border-left: medium none;border-right: medium none;border-top: medium none\">\n<span style=\"color: blue;font-family: Verdana, sans-serif\">1.- Carlos \u00c1lvarez Serrano de 16 a\u00f1os.<\/span><span style=\"color: blue;font-family: Verdana, sans-serif\"><br \/><\/span><\/div>\n<\/div>\n<div style=\"text-align: center\">\n<div style=\"border-bottom: medium none;border-left: medium none;border-right: medium none;border-top: medium none\">\n<span style=\"color: blue;font-family: Verdana, sans-serif\">2.- Isaac Lozano Osorio de 15 a\u00f1os.<\/span><span style=\"color: blue;font-family: Verdana, sans-serif\"><br \/><\/span><\/div>\n<\/div>\n<div style=\"text-align: center\">\n<div style=\"border-bottom: medium none;border-left: medium none;border-right: medium none;border-top: medium none\">\n<span style=\"color: blue;font-family: Verdana, sans-serif\">3.- Cosimo Leonardo de Giorgi Benavent de 15 a\u00f1os.<\/span><span style=\"color: blue;font-family: Verdana, sans-serif\"><br \/><\/span><\/div>\n<\/div>\n<div style=\"text-align: center\">\n<div style=\"border-bottom: medium none;border-left: medium none;border-right: medium none;border-top: medium none\">\n<span style=\"color: blue;font-family: Verdana, sans-serif\">4.- Irene Sim\u00f3n Escalona de 12 a\u00f1os.<\/span><span style=\"color: blue;font-family: Verdana, sans-serif\"><br \/><\/span><\/div>\n<\/div>\n<div style=\"text-align: center\">\n<div style=\"border-bottom: medium none;border-left: medium none;border-right: medium none;border-top: medium none\">\n<span style=\"color: blue;font-family: Verdana, sans-serif\">5.- Silvia Toribio Camu\u00f1as de 13 a\u00f1os.<\/span><span style=\"color: blue;font-family: Verdana, sans-serif\"><br \/><\/span><\/div>\n<\/div>\n<div style=\"text-align: center\">\n<div style=\"border-bottom: medium none;border-left: medium none;border-right: medium none;border-top: medium none\">\n<span style=\"color: blue;font-family: Verdana, sans-serif\">6.- Jes\u00fas M\u00aa Bricio G\u00aa de la Torre de 16 a\u00f1os.<\/span><span style=\"font-family: Verdana, sans-serif\"><br \/><\/span><\/div>\n<\/div>\n<div style=\"border-bottom: medium none;border-left: medium none;border-right: medium none;border-top: medium none\">\n<span style=\"font-family: Verdana, sans-serif\"><br \/><\/span><span style=\"font-family: Verdana, sans-serif\">Manteniendo la filosof\u00eda del proyecto, basada en el perfeccionamiento y tecnificaci\u00f3n de sus alumnos y alumnas, se volver\u00e1n a reforzar todos los aspectos deportivos gracias a la importante colaboraci\u00f3n del gran maestro Herminio Herr\u00e1iz, que repetir\u00e1 en la funci\u00f3n de entrenador y preparador en la propia competici\u00f3n. <\/span><span style=\"font-family: Verdana, sans-serif\"><br \/><\/span><\/div>\n<div style=\"border-bottom: medium none;border-left: medium none;border-right: medium none;border-top: medium none\">\n<span style=\"font-family: Verdana, sans-serif\">La representaci\u00f3n del proyecto en el hotel Bali de Benidorm se completar\u00e1 con la participaci\u00f3n del jugador de 13 a\u00f1os Javier Valdepe\u00f1as Octavio en uno de los muchos torneos que se organizan en paralelo al Campeonato de Espa\u00f1a, en concreto, el que recibe el nombre de Nuevas Generaciones sub-16. <\/span>\ufeff\ufeff <\/div>\n<table cellpadding=\"0\" cellspacing=\"0\" class=\"tr-caption-container\" style=\"float: left;margin-right: 1em;text-align: left\">\n<tbody>\n<tr>\n<td style=\"text-align: center\"><a href=\"https:\/\/www.bfv.cloud\/ajedrezeuropa\/wp-content\/uploads\/2012\/11\/FOTOSABSTOLEDO50061.jpg\" style=\"clear: left;margin-bottom: 1em;margin-left: auto;margin-right: auto\"><img decoding=\"async\" border=\"0\" height=\"400\" src=\"https:\/\/blogger.googleusercontent.com\/img\/b\/R29vZ2xl\/AVvXsEhVuqlWU5BLLgg4xry4afKAeAmCQ4pZdo99Z8E0xjgi6e3_VOBXc1buUYuLSF8jx88Yk3wOYv71FMSC3KvG9EZIPnqyq6IhZO11X9ARfvy-XgtSakJ7ZZGImt0z9Uf1vU9pvB9A-RHAyBU\/s400\/FOTOS+ABS+TOLEDO+50+061.jpg\" width=\"320\" \/><\/a><\/td>\n<\/tr>\n<tr>\n<td class=\"tr-caption\" style=\"text-align: center\">Jes\u00fas M\u00aa Bricio y Javier Valdepe\u00f1as el domingo pasado<br \/>\nen el provincial por equipos absoluto<\/td>\n<\/tr>\n<\/tbody>\n<\/table>\n<p>\ufeff\ufeff\ufeff <\/p>\n<p><\/p>\n<div style=\"text-align: center\">\n<strong><span style=\"font-family: Century Gothic;font-size: large\"><span style=\"color: #741b47\">PEN\u00daLTIMA JORNADA DEL PROVINCIAL ABSOLUTO POR <\/span><\/span><\/strong><\/div>\n<div style=\"text-align: center\">\n<strong><span style=\"font-family: Century Gothic;font-size: large\"><span style=\"color: #741b47\"><u>EQUIPOS DE TOLEDO 2013<\/u><\/span><\/span><\/strong><\/div>\n<p>\ufeff <\/p>\n<table cellpadding=\"0\" cellspacing=\"0\" class=\"tr-caption-container\" style=\"float: right;margin-left: 1em;text-align: right\">\n<tbody>\n<tr>\n<td style=\"text-align: center\"><a href=\"https:\/\/www.bfv.cloud\/ajedrezeuropa\/wp-content\/uploads\/2012\/11\/FOTOSABSTOLEDO014.jpg\" style=\"clear: right;margin-bottom: 1em;margin-left: auto;margin-right: auto\"><img loading=\"lazy\" decoding=\"async\" border=\"0\" height=\"300\" src=\"https:\/\/blogger.googleusercontent.com\/img\/b\/R29vZ2xl\/AVvXsEig5HDGI69oYE4f2FCgvvdYaIkoC4Y0BQ5vUALUm33VfCMthyKgnEGrxOwr_xUsRrvR7yVewTX-DTfhh9otPAE8XWwI0Ys-eOm_3QpRIS0n5nkrCYOd8uaJhXUUHUOd2xys8Sx6dsMxqiA\/s400\/FOTOS+ABS+TOLEDO+014.jpg\" width=\"400\" \/><\/a><\/td>\n<\/tr>\n<tr>\n<td class=\"tr-caption\" style=\"text-align: center\">El equipo \u00abB\u00bb de la Nuestro Ajedrez por la Igualdad jug\u00f3 la<br \/>\n3\u00aa y 4\u00aa ronda de la 2\u00aa divisi\u00f3n<\/td>\n<\/tr>\n<\/tbody>\n<\/table>\n<p>\ufeff &nbsp;<span style=\"color: #741b47;, sans-serif\">En el tercer domingo consecutivo de competici\u00f3n provincial de 1\u00aa divisi\u00f3n se ha hecho todav\u00eda m\u00e1s patente la superioridad de los equipos pertenecientes al Club de Ajedrez Talavera. Decidido el t\u00edtulo de campe\u00f3n, incluso antes de la 6\u00aa ronda, en beneficio de la formaci\u00f3n \u201cA\u201d talaverana, tan s\u00f3lo queda por decidirse el 2\u00ba y 3er. clasificado, con la aspiraci\u00f3n de varios clubes, entre los que se encuentra el \u201cB\u201d de la ciudad de la cer\u00e1mica. Nuestros 3 equipos de esta 1\u00aa divisi\u00f3n acudieron con bajas importantes motivadas por los estudios y los problemas de salud de varios de nuestros jugadores m\u00e1s relevantes. A falta de la \u00faltima ronda los 3 mantienen opciones para quedar clasificados entre los puestos 3\u00ba a 7\u00ba. <\/span><span style=\", sans-serif\"><br \/><span style=\"color: #741b47\"><\/span><\/span><span style=\"color: #741b47;, sans-serif\">Por su parte, la 2\u00aa divisi\u00f3n, presenta una clasificaci\u00f3n provisional muy apretada de la 2\u00ba a la 7\u00aa plaza y, como resultado de ello, las 2 rondas del pr\u00f3ximo domingo decidir\u00e1n todas las posiciones definitivas. Aunque teniendo en cuenta la edad media de la mayor parte de los equipos seguro que son otras las prioridades para la inmensa mayor\u00eda.<\/span><br \/>\n<span style=\", sans-serif\"><br \/><span style=\"color: #741b47\"><\/span><\/span><\/p>\n<div style=\"text-align: center\">\n<span style=\"color: #741b47;, sans-serif;font-size: large\"><u>UNA BREVE ACLARACI\u00d3N<\/u><\/span><\/div>\n<div style=\"text-align: center\">\n<\/div>\n<p><span style=\"color: #741b47;, sans-serif\">Aunque con objetivos y proyectos distintos, reconocemos y aplaudimos el esfuerzo que realizan varios destacados jugadores de nuestra regi\u00f3n acudiendo a las partidas de este provincial con el \u00fanico incentivo de jugar, ya que ni siquiera existe un premio econ\u00f3mico para el vencedor. Tambi\u00e9n es cierto que hay clubes que refuerzan sus equipos con la grandiosa intenci\u00f3n de quedar segundos en 1\u00aa divisi\u00f3n e incluso \u201ccampeones de 2\u00aa\u201d y que al no conseguir con claridad algunos de sus objetivos se frustran y pierden el respeto a la competici\u00f3n y a sus rivales. La tentaci\u00f3n de convertir la sala de juego en un carnaval de desprop\u00f3sitos es demasiado grande para ellos y terminan sucumbiendo con actitudes burlescas y rid\u00edculas. No dejan de ser curiosas las aspiraciones de algunos, ya que m\u00e1s all\u00e1 del provincial de Toledo parece no existir nada, de tal manera que ni se han preocupado de que sus leg\u00edtimas \u201cambiciones\u201d participen una sola vez en un regional absoluto por equipos. All\u00e1 cada uno con sus obsesiones mientras no estorben, zancadilleen o conspiren contra los dem\u00e1s.&nbsp;<\/span><\/p>\n<table cellpadding=\"0\" cellspacing=\"0\" class=\"tr-caption-container\" style=\"float: right;margin-left: 1em;text-align: right\">\n<tbody>\n<tr>\n<td style=\"text-align: center\"><a href=\"https:\/\/www.bfv.cloud\/ajedrezeuropa\/wp-content\/uploads\/2012\/11\/FOTOSABSTOLEDO016.jpg\" style=\"clear: right;margin-bottom: 1em;margin-left: auto;margin-right: auto\"><img loading=\"lazy\" decoding=\"async\" border=\"0\" height=\"300\" src=\"https:\/\/blogger.googleusercontent.com\/img\/b\/R29vZ2xl\/AVvXsEh11DG2-mLuhk0fNMMUqhuNV7W958zzZVI73XxTOZK1xwR8ysG1JRplJhbHc6n7k4BhKoNY4xAGTycJKTECKnpiDRt7My0AjhxH0Y5gTY97XCVYgXzZx4O0WxBWIwVA3nbS0Zie5emjRi8\/s400\/FOTOS+ABS+TOLEDO+016.jpg\" width=\"400\" \/><\/a><\/td>\n<\/tr>\n<tr>\n<td class=\"tr-caption\" style=\"text-align: center\">\u00c1lvaro, Alba, Arturo y Rub\u00e9n fueron los jugadores de Europa \u00abC\u00bb<br \/>\nel domingo pasado<\/td>\n<\/tr>\n<\/tbody>\n<\/table>\n<p>\ufeff <\/p>\n<div class=\"MsoBodyText\" style=\"margin: 0cm 0cm 0pt;text-align: left\">\n\ufeff<\/div>\n","protected":false},"excerpt":{"rendered":"<p>\ufeff 5 de los miembros del equipo junto a su entrenador en el regional por equipos sub-16 celebrado en Cuenca este verano \ufeff &nbsp;El pr\u00f3ximo mi\u00e9rcoles se producir\u00e1 la llegada del equipo sub-16 de NUESTRO AJEDREZ EN EUROPA a la ciudad de Benidorm, para disputar la fase final de la 5\u00aa edici\u00f3n del Campeonato de [&hellip;]<\/p>\n","protected":false},"author":1,"featured_media":1421,"comment_status":"open","ping_status":"closed","sticky":false,"template":"","format":"standard","meta":{"footnotes":""},"categories":[1],"tags":[],"class_list":["post-1420","post","type-post","status-publish","format-standard","has-post-thumbnail","hentry","category-noticias"],"_links":{"self":[{"href":"https:\/\/www.bfv.cloud\/ajedrezeuropa\/wp-json\/wp\/v2\/posts\/1420","targetHints":{"allow":["GET"]}}],"collection":[{"href":"https:\/\/www.bfv.cloud\/ajedrezeuropa\/wp-json\/wp\/v2\/posts"}],"about":[{"href":"https:\/\/www.bfv.cloud\/ajedrezeuropa\/wp-json\/wp\/v2\/types\/post"}],"author":[{"embeddable":true,"href":"https:\/\/www.bfv.cloud\/ajedrezeuropa\/wp-json\/wp\/v2\/users\/1"}],"replies":[{"embeddable":true,"href":"https:\/\/www.bfv.cloud\/ajedrezeuropa\/wp-json\/wp\/v2\/comments?post=1420"}],"version-history":[{"count":1,"href":"https:\/\/www.bfv.cloud\/ajedrezeuropa\/wp-json\/wp\/v2\/posts\/1420\/revisions"}],"predecessor-version":[{"id":1426,"href":"https:\/\/www.bfv.cloud\/ajedrezeuropa\/wp-json\/wp\/v2\/posts\/1420\/revisions\/1426"}],"wp:featuredmedia":[{"embeddable":true,"href":"https:\/\/www.bfv.cloud\/ajedrezeuropa\/wp-json\/wp\/v2\/media\/1421"}],"wp:attachment":[{"href":"https:\/\/www.bfv.cloud\/ajedrezeuropa\/wp-json\/wp\/v2\/media?parent=1420"}],"wp:term":[{"taxonomy":"category","embeddable":true,"href":"https:\/\/www.bfv.cloud\/ajedrezeuropa\/wp-json\/wp\/v2\/categories?post=1420"},{"taxonomy":"post_tag","embeddable":true,"href":"https:\/\/www.bfv.cloud\/ajedrezeuropa\/wp-json\/wp\/v2\/tags?post=1420"}],"curies":[{"name":"wp","href":"https:\/\/api.w.org\/{rel}","templated":true}]}}