{"id":1427,"date":"2016-07-24T17:26:00","date_gmt":"2016-07-24T17:26:00","guid":{"rendered":"https:\/\/www.bfv.cloud\/ajedrezeuropa\/index.php\/2016\/07\/24\/nuestro-campus-de-verano-comienza-manana\/"},"modified":"2025-11-20T10:32:08","modified_gmt":"2025-11-20T10:32:08","slug":"nuestro-campus-de-verano-comienza-manana","status":"publish","type":"post","link":"https:\/\/www.bfv.cloud\/ajedrezeuropa\/nuestro-campus-de-verano-comienza-manana\/","title":{"rendered":"\u00a1\u00a1NUESTRO CAMPUS DE VERANO COMIENZA MA\u00d1ANA!!"},"content":{"rendered":"<div class=\"separator\" style=\"clear: both;text-align: center\">\n<a href=\"https:\/\/www.bfv.cloud\/ajedrezeuropa\/wp-content\/uploads\/2016\/07\/CARTELIXCAMPUS.jpgdefinitivo.jpg\" style=\"clear: left;float: left;margin-bottom: 1em;margin-right: 1em\"><img fetchpriority=\"high\" decoding=\"async\" border=\"0\" height=\"320\" src=\"https:\/\/blogger.googleusercontent.com\/img\/b\/R29vZ2xl\/AVvXsEjYi-vU20TIPxNhHsZGUBliY5WvIKXNGa8DmrWhzfwuXsa8270g8xkSfBqqGdL7OHcaFjM8W-2Q6kWdxSP8ypxo0Tst_6jQN_0Z-yEP-3gHTvQJ-ghmkjCYB2YSu-dNqw51OU3Rk9RZVyw\/s320\/CARTEL+IX+CAMPUS..jpgdefinitivo.jpg\" width=\"224\" \/><\/a><\/div>\n<p><span style=\"color: purple;font-family: Verdana, sans-serif\"><b>La 9\u00aa edici\u00f3n del Campus de Verano que organizamos junto a los ayuntamientos de Alc\u00e1zar de San Juan y Villafranca de los Caballeros arrancar\u00e1 ma\u00f1ana lunes, a partir de las 10 horas en el CIJ COVADONGA.<\/b><\/span><br \/>\n<span style=\"color: purple;font-family: Verdana, sans-serif\"><b>Todo est\u00e1 ya preparado para que entrenadores y alumnos compartan unos d\u00edas muy especiales dedicados a la formaci\u00f3n avanzada de la que siempre hace gala este campus.<\/b><\/span><br \/>\n<span style=\"color: purple;font-family: Verdana, sans-serif\"><b>A eso de las 7,30 de la tarde tendr\u00e1 lugar su inauguraci\u00f3n oficial en el sal\u00f3n de actos de La Covadonga, a la que asistir\u00e1n la alcaldesa de Alc\u00e1zar, Rosa Melchor, el alcalde de Villafranca, Juli\u00e1n Bola\u00f1os, y el director general de deportes de la Junta de Castilla-La Mancha, Juan Ram\u00f3n Amores.<\/b><\/span><br \/>\n<span style=\"color: purple;font-family: Verdana, sans-serif\"><b>Para esta ceremonia tan especial invitamos a todos los familiares de alumnos de las escuelas de ajedrez que dirige NUESTRO AJEDREZ EN EUROPA y a todos los aficionados al ajedrez de la comarca manchega.<\/b><\/span><\/p>\n","protected":false},"excerpt":{"rendered":"<p>La 9\u00aa edici\u00f3n del Campus de Verano que organizamos junto a los ayuntamientos de Alc\u00e1zar de San Juan y Villafranca de los Caballeros arrancar\u00e1 ma\u00f1ana lunes, a partir de las 10 horas en el CIJ COVADONGA. Todo est\u00e1 ya preparado para que entrenadores y alumnos compartan unos d\u00edas muy especiales dedicados a la formaci\u00f3n avanzada [&hellip;]<\/p>\n","protected":false},"author":1,"featured_media":1428,"comment_status":"open","ping_status":"closed","sticky":false,"template":"","format":"standard","meta":{"footnotes":""},"categories":[1],"tags":[],"class_list":["post-1427","post","type-post","status-publish","format-standard","has-post-thumbnail","hentry","category-noticias"],"_links":{"self":[{"href":"https:\/\/www.bfv.cloud\/ajedrezeuropa\/wp-json\/wp\/v2\/posts\/1427","targetHints":{"allow":["GET"]}}],"collection":[{"href":"https:\/\/www.bfv.cloud\/ajedrezeuropa\/wp-json\/wp\/v2\/posts"}],"about":[{"href":"https:\/\/www.bfv.cloud\/ajedrezeuropa\/wp-json\/wp\/v2\/types\/post"}],"author":[{"embeddable":true,"href":"https:\/\/www.bfv.cloud\/ajedrezeuropa\/wp-json\/wp\/v2\/users\/1"}],"replies":[{"embeddable":true,"href":"https:\/\/www.bfv.cloud\/ajedrezeuropa\/wp-json\/wp\/v2\/comments?post=1427"}],"version-history":[{"count":1,"href":"https:\/\/www.bfv.cloud\/ajedrezeuropa\/wp-json\/wp\/v2\/posts\/1427\/revisions"}],"predecessor-version":[{"id":1429,"href":"https:\/\/www.bfv.cloud\/ajedrezeuropa\/wp-json\/wp\/v2\/posts\/1427\/revisions\/1429"}],"wp:featuredmedia":[{"embeddable":true,"href":"https:\/\/www.bfv.cloud\/ajedrezeuropa\/wp-json\/wp\/v2\/media\/1428"}],"wp:attachment":[{"href":"https:\/\/www.bfv.cloud\/ajedrezeuropa\/wp-json\/wp\/v2\/media?parent=1427"}],"wp:term":[{"taxonomy":"category","embeddable":true,"href":"https:\/\/www.bfv.cloud\/ajedrezeuropa\/wp-json\/wp\/v2\/categories?post=1427"},{"taxonomy":"post_tag","embeddable":true,"href":"https:\/\/www.bfv.cloud\/ajedrezeuropa\/wp-json\/wp\/v2\/tags?post=1427"}],"curies":[{"name":"wp","href":"https:\/\/api.w.org\/{rel}","templated":true}]}}