{"id":1430,"date":"2016-08-28T23:04:00","date_gmt":"2016-08-28T23:04:00","guid":{"rendered":"https:\/\/www.bfv.cloud\/ajedrezeuropa\/index.php\/2016\/08\/28\/los-clubes-del-proyecto-participan-en-el-regional-por-equipos-sub-18\/"},"modified":"2025-11-20T10:32:10","modified_gmt":"2025-11-20T10:32:10","slug":"los-clubes-del-proyecto-participan-en-el-regional-por-equipos-sub-18","status":"publish","type":"post","link":"https:\/\/www.bfv.cloud\/ajedrezeuropa\/los-clubes-del-proyecto-participan-en-el-regional-por-equipos-sub-18\/","title":{"rendered":"LOS CLUBES DEL PROYECTO PARTICIPAN EN EL REGIONAL POR EQUIPOS SUB-18"},"content":{"rendered":"<div class=\"separator\" style=\"clear: both;text-align: center\">\n<a href=\"https:\/\/www.bfv.cloud\/ajedrezeuropa\/wp-content\/uploads\/2016\/08\/Cartelregionalequipossub12ysub18.jpg\" style=\"clear: left;float: left;margin-bottom: 1em;margin-right: 1em\"><img fetchpriority=\"high\" decoding=\"async\" border=\"0\" height=\"400\" src=\"https:\/\/blogger.googleusercontent.com\/img\/b\/R29vZ2xl\/AVvXsEg_95_gBbxbTPsuef_qOi4xbJC_eSGJuzcjd3wu63xtsZjU0ny1jvcgqxFOt4nXtHREVK6w0YV6fBSsbDSzZ0AUGd8lESMx4z2FHFEeOj9jdR0kl7quHM-QQHXb9m0IRoOElCT-WjnGF7g\/s400\/Cartel+regional+equipos+sub12+y+sub18.jpg\" width=\"282\" \/><\/a><\/div>\n<p><span style=\", sans-serif\"><b>El pr\u00f3ximo viernes comenzar\u00e1 en Albacete el Campeonato Regional por Equipos en las categor\u00edas sub-18 y sub-12. Esta competici\u00f3n adopta un nuevo formato, al pasar de una sola categor\u00eda, la sub-16, a dos, sub-18 y sub-12, y en consecuencia ampliar la edad de posible participaci\u00f3n. Esta idea, en consonancia con lo anunciado por el hotel Bali de Benidorm para su organizaci\u00f3n de torneos en diciembre de 2016, aplica una nueva f\u00f3rmula que abre el camino a cosas positivas, como una generosa ampliaci\u00f3n en el &nbsp;n\u00famero de participantes, y a otras no tan positivas. Una de las consecuencias no positivas, se puede calificar directamente de negativa, es la interpretaci\u00f3n torticera de algunos directivos de clubes para hacer del campeonato por equipos sub-12 una especie de 1\u00aa divisi\u00f3n de futbol nacional, con fichajes de jugadores incluidos. Para no abundar m\u00e1s en estos \u00abelementos impresentables\u00bb del ajedrez, vayamos con lo que realmente nos ocupa y preocupa.<\/b><\/span><br \/>\n<span style=\", sans-serif\"><b><br \/><\/b><\/span><br \/>\n<\/p>\n<h4>\n<span style=\", sans-serif\"><b><u>NUESTRO AJEDREZ EN EUROPA Y LA IGUALDAD EN EL REGIONAL POR EQUIPOS SUB-18<\/u><\/b><\/span><\/h4>\n<p><span style=\", sans-serif\"><b>La participaci\u00f3n de los dos clubes del proyecto: NUESTRO AJEDREZ EN EUROPA y NUESTRO AJEDREZ POR LA IGUALDAD, en el campeonato regional sub-18 ya est\u00e1 confirmada. Siguiendo los criterios asentados en el trabajo de las escuelas de ajedrez de Alc\u00e1zar y Villafranca, nuestros dos equipos participar\u00e1n en el torneo de mayor nivel (el sub-18), con un \u00edndice alto de dificultad y a la vez de posibilidades de aprendizaje para todos nuestros chicos y chicas.<\/b><\/span><br \/>\n<span style=\", sans-serif\"><b>A unos d\u00edas del comienzo de los campeonatos son 9 los clubes de Castilla-La Mancha inscritos en la categor\u00eda juvenil, con nuestros dos equipos ofreciendo el siguiente orden de fuerza:<\/b><\/span><\/p>\n<div style=\"text-align: center\">\n<span style=\"color: blue;, sans-serif\"><b><u>NUESTRO AJEDREZ EN EUROPA<\/u><\/b><\/span><\/div>\n<div style=\"text-align: center\">\n<span style=\"color: blue;, sans-serif\"><b>Javier Valdepe\u00f1as Octavio<\/b><\/span><\/div>\n<div style=\"text-align: center\">\n<span style=\"color: blue;, sans-serif\"><b>Roberto L\u00f3pez N\u00fa\u00f1ez<\/b><\/span><\/div>\n<div style=\"text-align: center\">\n<span style=\"color: blue;, sans-serif\"><b>Alfredo Amador And\u00fajar<\/b><\/span><\/div>\n<div style=\"text-align: center\">\n<span style=\"color: blue;, sans-serif\"><b>Irene Sim\u00f3n Escalona<\/b><\/span><\/div>\n<div style=\"text-align: center\">\n<span style=\"color: blue;, sans-serif\"><b>Julio M\u00e9rida Ortiz<\/b><\/span><\/div>\n<div style=\"text-align: center\">\n<span style=\"color: blue;, sans-serif\"><b><br \/><\/b><\/span><\/div>\n<div style=\"text-align: center\">\n<span style=\"color: #274e13;, sans-serif\"><b><u>NUESTRO AJEDREZ POR LA IGUALDAD<\/u><\/b><\/span><\/div>\n<div style=\"text-align: center\">\n<span style=\"color: #274e13;, sans-serif\"><b>Alonso L\u00f3pez N\u00fa\u00f1ez<\/b><\/span><\/div>\n<div style=\"text-align: center\">\n<span style=\"color: #274e13;, sans-serif\"><b>Enrique Velasco Aragon\u00e9s<\/b><\/span><\/div>\n<div style=\"text-align: center\">\n<span style=\"color: #274e13;, sans-serif\"><b>Isabel Marcos-Alberca Lizcano<\/b><\/span><\/div>\n<div style=\"text-align: center\">\n<span style=\"color: #274e13;, sans-serif\"><b>Nuria Lozano Serrano<\/b><\/span><\/div>\n<div style=\"text-align: center\">\n<span style=\"color: #274e13;, sans-serif\"><b>Mar\u00eda Oliver Ropero<\/b><\/span><\/div>\n<div style=\"text-align: center\">\n<span style=\"color: #274e13;, sans-serif\"><b>Gabriel Amador And\u00fajar<\/b><\/span><\/div>\n<div style=\"text-align: center\">\n<span style=\"color: #274e13;, sans-serif\"><b><br \/><\/b><\/span><\/div>\n<div style=\"text-align: left\">\n<span style=\", sans-serif\"><b>Estos 11 ajedrecistas, acompa\u00f1ados de sus respectivos delegados, Daniel P\u00edriz y Silvia Toribio, nos representar\u00e1n en este regional. En base a la actual lista de ELO FIDE, el equipo de Europa parte en la 4\u00aa posici\u00f3n del orden de fuerza, mientras que &nbsp;La Igualdad lo har\u00e1 de la 7\u00aa.<\/b><\/span><\/div>\n<div style=\"text-align: left\">\n<span style=\", sans-serif\"><b>\u00a1\u00a1Mucha suerte a todos!!<\/b><\/span><\/div>\n<div style=\"text-align: left\">\n<span style=\", sans-serif\"><b><br \/><\/b><\/span><\/div>\n<div style=\"text-align: left\">\n<span style=\", sans-serif\"><b>En este enlace de Chess-Results se pueden seguir los resultados:<\/b><\/span><\/div>\n<div style=\"text-align: left\">\n<span style=\", sans-serif\"><b><br \/><\/b><\/span><\/div>\n<div style=\"text-align: center\">\n<span style=\", sans-serif\"><b><a href=\"http:\/\/chess-results.com\/tnr235851.aspx?lan=2&amp;wi=821&amp;turdet=YES\">CAMPEONATO REGIONAL POR EQUIPOS SUB-18<\/a><\/b><\/span><\/div>\n<p><span style=\", sans-serif\"><b><br \/><\/b><\/span><\/p>\n","protected":false},"excerpt":{"rendered":"<p>El pr\u00f3ximo viernes comenzar\u00e1 en Albacete el Campeonato Regional por Equipos en las categor\u00edas sub-18 y sub-12. Esta competici\u00f3n adopta un nuevo formato, al pasar de una sola categor\u00eda, la sub-16, a dos, sub-18 y sub-12, y en consecuencia ampliar la edad de posible participaci\u00f3n. Esta idea, en consonancia con lo anunciado por el hotel [&hellip;]<\/p>\n","protected":false},"author":1,"featured_media":1431,"comment_status":"open","ping_status":"closed","sticky":false,"template":"","format":"standard","meta":{"footnotes":""},"categories":[1],"tags":[],"class_list":["post-1430","post","type-post","status-publish","format-standard","has-post-thumbnail","hentry","category-noticias"],"_links":{"self":[{"href":"https:\/\/www.bfv.cloud\/ajedrezeuropa\/wp-json\/wp\/v2\/posts\/1430","targetHints":{"allow":["GET"]}}],"collection":[{"href":"https:\/\/www.bfv.cloud\/ajedrezeuropa\/wp-json\/wp\/v2\/posts"}],"about":[{"href":"https:\/\/www.bfv.cloud\/ajedrezeuropa\/wp-json\/wp\/v2\/types\/post"}],"author":[{"embeddable":true,"href":"https:\/\/www.bfv.cloud\/ajedrezeuropa\/wp-json\/wp\/v2\/users\/1"}],"replies":[{"embeddable":true,"href":"https:\/\/www.bfv.cloud\/ajedrezeuropa\/wp-json\/wp\/v2\/comments?post=1430"}],"version-history":[{"count":1,"href":"https:\/\/www.bfv.cloud\/ajedrezeuropa\/wp-json\/wp\/v2\/posts\/1430\/revisions"}],"predecessor-version":[{"id":1432,"href":"https:\/\/www.bfv.cloud\/ajedrezeuropa\/wp-json\/wp\/v2\/posts\/1430\/revisions\/1432"}],"wp:featuredmedia":[{"embeddable":true,"href":"https:\/\/www.bfv.cloud\/ajedrezeuropa\/wp-json\/wp\/v2\/media\/1431"}],"wp:attachment":[{"href":"https:\/\/www.bfv.cloud\/ajedrezeuropa\/wp-json\/wp\/v2\/media?parent=1430"}],"wp:term":[{"taxonomy":"category","embeddable":true,"href":"https:\/\/www.bfv.cloud\/ajedrezeuropa\/wp-json\/wp\/v2\/categories?post=1430"},{"taxonomy":"post_tag","embeddable":true,"href":"https:\/\/www.bfv.cloud\/ajedrezeuropa\/wp-json\/wp\/v2\/tags?post=1430"}],"curies":[{"name":"wp","href":"https:\/\/api.w.org\/{rel}","templated":true}]}}