{"id":1433,"date":"2019-12-10T08:50:00","date_gmt":"2019-12-10T08:50:00","guid":{"rendered":"https:\/\/www.bfv.cloud\/ajedrezeuropa\/index.php\/2019\/12\/10\/xii-concentracion-de-navidad-nuestro-ajedrez-en-europa\/"},"modified":"2025-11-20T10:32:15","modified_gmt":"2025-11-20T10:32:15","slug":"xii-concentracion-de-navidad-nuestro-ajedrez-en-europa","status":"publish","type":"post","link":"https:\/\/www.bfv.cloud\/ajedrezeuropa\/xii-concentracion-de-navidad-nuestro-ajedrez-en-europa\/","title":{"rendered":"XII CONCENTRACI\u00d3N DE NAVIDAD NUESTRO AJEDREZ EN EUROPA"},"content":{"rendered":"<div class=\"separator\" style=\"clear: both;text-align: center\">\n<a href=\"https:\/\/www.bfv.cloud\/ajedrezeuropa\/wp-content\/uploads\/2019\/12\/CARTELCONCENTRACI25C32593N2019.jpg\" style=\"clear: left;float: left;margin-bottom: 1em;margin-right: 1em\"><img fetchpriority=\"high\" decoding=\"async\" border=\"0\" data-original-height=\"1600\" data-original-width=\"1390\" height=\"400\" src=\"https:\/\/blogger.googleusercontent.com\/img\/b\/R29vZ2xl\/AVvXsEih0Fgvg6oh2NDRrXMmrNMBW-IevXCpXtXxA6YzMAd8yqZmNzNggZ7Ijo2jEvh3Qdu-X0t7SNatZax7NWpb3rqQE_WpZmSo36TLa68Z_YvLgk9ppaFvlQYm2LcEHr9jhaalyYPcsMiTZUc\/s400\/CARTEL+CONCENTRACI%25C3%2593N+2019.jpg\" width=\"343\" \/><\/a><\/div>\n<p><span style=\", serif;font-size: large\"><b>A lo largo de la pr\u00f3xima semana estar\u00e1 abierto el plazo de inscripci\u00f3n para la Concentraci\u00f3n de Navidad que se celebrar\u00e1 del 26 al 28 de diciembre en la casa de la cultura de Villafranca de los Caballeros.<\/b><\/span><br \/>\n<span style=\", serif;font-size: large\"><b>Los alumnos de las escuelas de ajedrez de Alc\u00e1zar de San Juan y Villafranca tienen una nueva oportunidad para perfeccionar su t\u00e9cnica con los entrenadores y monitores de Nuestro Ajedrez en Europa. Estos 3 d\u00edas de intensa preparaci\u00f3n forman parte de las actividades formativas que con car\u00e1cter anual desarrolla el proyecto manchego. Se mantienen los grupos de iniciaci\u00f3n, perfeccionamiento y tecnificaci\u00f3n de anteriores ediciones, facilitando la participaci\u00f3n de todo el alumnado con la simb\u00f3lica tasa de 15 \u20ac.<\/b><\/span><br \/>\n<span style=\", serif;font-size: large\"><b>Dispon\u00e9is de m\u00e1s informaci\u00f3n en el d\u00edptico que publicamos a continuaci\u00f3n:<\/b><\/span><\/p>\n<div class=\"separator\" style=\"clear: both;text-align: center\">\n<a href=\"https:\/\/www.bfv.cloud\/ajedrezeuropa\/wp-content\/uploads\/2019\/12\/DIPTICONAVIDAD2019INTERIOR.jpg\" style=\"margin-left: 1em;margin-right: 1em\"><img decoding=\"async\" border=\"0\" data-original-height=\"1106\" data-original-width=\"1600\" height=\"442\" src=\"https:\/\/blogger.googleusercontent.com\/img\/b\/R29vZ2xl\/AVvXsEjZ-51sg42NG3PYREAt4k5K0tbkE-dhzg5tduSJyRw40yx5ibBzfpA5Epe7uJLiTLborMRFWzDD6xtdRquWbWaP74Luhpz4J9wK3cJNjP-O-CsJaCBFR_Eac-6hE8Cx3WcCWIqxoEnqO8k\/s640\/DIPTICO+NAVIDAD+2019+INTERIOR.jpg\" width=\"640\" \/><\/a><\/div>\n<div class=\"separator\" style=\"clear: both;text-align: center\">\n<a href=\"https:\/\/www.bfv.cloud\/ajedrezeuropa\/wp-content\/uploads\/2019\/12\/DIPTICONAVIDAD2019EXTERIOR.jpg\" style=\"margin-left: 1em;margin-right: 1em\"><img decoding=\"async\" border=\"0\" data-original-height=\"1041\" data-original-width=\"1600\" height=\"412\" src=\"https:\/\/blogger.googleusercontent.com\/img\/b\/R29vZ2xl\/AVvXsEiKBLOLKxBVPZZVQ0XolDxtPPOrkAVEu-UlkgyCbjrmIinyiCV6rinChfQA7G94BjgW7F71IicN4a0ULDM4z7dORZGrplLIyFZHbIN1Y78NoqxAVQ37HCHrNjXbumptziFiTLhaWCxCaLc\/s640\/DIPTICO+NAVIDAD+2019+EXTERIOR.jpg\" width=\"640\" \/><\/a><\/div>\n<p><span style=\", serif;font-size: large\"><b>Pod\u00e9is solicitar m\u00e1s detalles en el correo:<\/b><\/span><\/p>\n<div style=\"text-align: center\">\n<span style=\", serif;font-size: large\"><b><a href=\"mailto:felixtoribio@nuestroajedrezeneuropa.com\">felixtoribio@nuestroajedrezeneuropa.com<\/a><\/b><\/span><\/div>\n","protected":false},"excerpt":{"rendered":"<p>A lo largo de la pr\u00f3xima semana estar\u00e1 abierto el plazo de inscripci\u00f3n para la Concentraci\u00f3n de Navidad que se celebrar\u00e1 del 26 al 28 de diciembre en la casa de la cultura de Villafranca de los Caballeros. Los alumnos de las escuelas de ajedrez de Alc\u00e1zar de San Juan y Villafranca tienen una nueva [&hellip;]<\/p>\n","protected":false},"author":1,"featured_media":1434,"comment_status":"open","ping_status":"closed","sticky":false,"template":"","format":"standard","meta":{"footnotes":""},"categories":[1],"tags":[],"class_list":["post-1433","post","type-post","status-publish","format-standard","has-post-thumbnail","hentry","category-noticias"],"_links":{"self":[{"href":"https:\/\/www.bfv.cloud\/ajedrezeuropa\/wp-json\/wp\/v2\/posts\/1433","targetHints":{"allow":["GET"]}}],"collection":[{"href":"https:\/\/www.bfv.cloud\/ajedrezeuropa\/wp-json\/wp\/v2\/posts"}],"about":[{"href":"https:\/\/www.bfv.cloud\/ajedrezeuropa\/wp-json\/wp\/v2\/types\/post"}],"author":[{"embeddable":true,"href":"https:\/\/www.bfv.cloud\/ajedrezeuropa\/wp-json\/wp\/v2\/users\/1"}],"replies":[{"embeddable":true,"href":"https:\/\/www.bfv.cloud\/ajedrezeuropa\/wp-json\/wp\/v2\/comments?post=1433"}],"version-history":[{"count":1,"href":"https:\/\/www.bfv.cloud\/ajedrezeuropa\/wp-json\/wp\/v2\/posts\/1433\/revisions"}],"predecessor-version":[{"id":1437,"href":"https:\/\/www.bfv.cloud\/ajedrezeuropa\/wp-json\/wp\/v2\/posts\/1433\/revisions\/1437"}],"wp:featuredmedia":[{"embeddable":true,"href":"https:\/\/www.bfv.cloud\/ajedrezeuropa\/wp-json\/wp\/v2\/media\/1434"}],"wp:attachment":[{"href":"https:\/\/www.bfv.cloud\/ajedrezeuropa\/wp-json\/wp\/v2\/media?parent=1433"}],"wp:term":[{"taxonomy":"category","embeddable":true,"href":"https:\/\/www.bfv.cloud\/ajedrezeuropa\/wp-json\/wp\/v2\/categories?post=1433"},{"taxonomy":"post_tag","embeddable":true,"href":"https:\/\/www.bfv.cloud\/ajedrezeuropa\/wp-json\/wp\/v2\/tags?post=1433"}],"curies":[{"name":"wp","href":"https:\/\/api.w.org\/{rel}","templated":true}]}}