{"id":1438,"date":"2014-04-21T10:32:00","date_gmt":"2014-04-21T10:32:00","guid":{"rendered":"https:\/\/www.bfv.cloud\/ajedrezeuropa\/index.php\/2014\/04\/21\/noticias-de-nuestro-ajedrez-3\/"},"modified":"2025-11-20T10:32:20","modified_gmt":"2025-11-20T10:32:20","slug":"noticias-de-nuestro-ajedrez-3","status":"publish","type":"post","link":"https:\/\/www.bfv.cloud\/ajedrezeuropa\/noticias-de-nuestro-ajedrez-3\/","title":{"rendered":"NOTICIAS DE NUESTRO AJEDREZ"},"content":{"rendered":"<table cellpadding=\"0\" cellspacing=\"0\" class=\"tr-caption-container\" style=\"float: right;margin-left: 1em;text-align: right\">\n<tbody>\n<tr>\n<td style=\"text-align: center\"><a href=\"https:\/\/www.bfv.cloud\/ajedrezeuropa\/wp-content\/uploads\/2014\/04\/provincialequipostoledo2014004.jpg\" style=\"clear: right;margin-bottom: 1em;margin-left: auto;margin-right: auto\"><img fetchpriority=\"high\" decoding=\"async\" border=\"0\" src=\"https:\/\/www.bfv.cloud\/ajedrezeuropa\/wp-content\/uploads\/2014\/04\/provincialequipostoledo2014004.jpg\" height=\"293\" width=\"400\" \/><\/a><\/td>\n<\/tr>\n<tr>\n<td class=\"tr-caption\" style=\"text-align: center\">Isaac, primero por la izquierda, y Carlos, segundo por la derecha<\/td>\n<\/tr>\n<\/tbody>\n<\/table>\n<p><span style=\"font-family: Verdana, sans-serif\"><b><u>TORNEO INTERNACIONAL DE LA RODA<\/u><\/b><\/span><br \/>\n<span style=\"font-family: Verdana, sans-serif\">Los jugadores del club Nuestro Ajedrez en Europa: Jes\u00fas M\u00aa Bricio, Isaac Lozano y Carlos \u00c1lvarez, han disputado la 41\u00aa edici\u00f3n del Torneo Internacional de La Roda (Albacete), con un resultado desigual. Mientras Bricio y \u00c1lvarez consiguen mejorar su ranking inicial y avanzar 21 y 15 puntos, respectivamente, en su elo; Isaac sufre un peque\u00f1o retroceso de 5 puestos en su posici\u00f3n de partida y pierde m\u00e1s de los 11 puntos de valoraci\u00f3n conseguidos en el regional de Horche.&nbsp;<\/span><\/p>\n<table cellpadding=\"0\" cellspacing=\"0\" class=\"tr-caption-container\" style=\"float: left;margin-right: 1em;text-align: left\">\n<tbody>\n<tr>\n<td style=\"text-align: center\"><a href=\"https:\/\/www.bfv.cloud\/ajedrezeuropa\/wp-content\/uploads\/2014\/04\/100_2996.jpg\" style=\"clear: left;margin-bottom: 1em;margin-left: auto;margin-right: auto\"><img decoding=\"async\" border=\"0\" src=\"https:\/\/www.bfv.cloud\/ajedrezeuropa\/wp-content\/uploads\/2014\/04\/100_2996.jpg\" height=\"300\" width=\"400\" \/><\/a><\/td>\n<\/tr>\n<tr>\n<td class=\"tr-caption\" style=\"text-align: center\">Jes\u00fas M\u00aa Bricio<\/td>\n<\/tr>\n<\/tbody>\n<\/table>\n<p><span style=\"font-family: Verdana, sans-serif\">Entre los m\u00e1s de 200 participantes se encontraban otros chicos y chicas que mantienen contacto con diversas actividades de nuestro proyecto; es as\u00ed en el caso del jugador murciano Luis Fern\u00e1ndez y de la entrenadora Ana Isabel Gonz\u00e1lez, que termin\u00f3 4\u00aa en la clasificaci\u00f3n femenina. Dentro de los resultados m\u00e1s destacables se\u00f1alamos el conseguido por la WIM de 17 a\u00f1os Irene Nicol\u00e1s, que en las 9 rondas logr\u00f3 5 victorias y 4 tablas, tras enfrentarse a 4 GM ganando a dos de ellos.<\/span><\/p>\n<div class=\"separator\" style=\"clear: both;text-align: center\">\n<a href=\"https:\/\/www.bfv.cloud\/ajedrezeuropa\/wp-content\/uploads\/2014\/04\/blogger-logo-medium.png\" style=\"clear: left;float: left;margin-bottom: 1em;margin-right: 1em\"><img decoding=\"async\" border=\"0\" src=\"https:\/\/www.bfv.cloud\/ajedrezeuropa\/wp-content\/uploads\/2014\/04\/blogger-logo-medium.png\" \/><\/a><\/div>\n<p><span style=\"font-family: Verdana, sans-serif\">&nbsp; <b><u>M\u00c1S DE 60.000 VISITAS A ESTA P\u00c1GINA &#8230;<\/u><\/b><\/span><br \/>\n<span style=\"font-family: Verdana, sans-serif\">Hace unos d\u00edas esta p\u00e1gina ha superado la cifra de 60.000 visitas desde que Google nos facilita estos datos. Queremos agradecer a todos nuestros seguidores y visitantes su acercamiento diario. En las estad\u00edsticas destacan las entradas realizadas desde EE.UU, Alemania y Francia, tanto por su frecuencia como por su cantidad, seguidos de otros pa\u00edses europeos como Rusia y Reino Unido, y de un gran n\u00famero de naciones latinoamericanas: M\u00e9xico, Per\u00fa, Argentina y Colombia, entre otras.<\/span><br \/>\n<span style=\"font-family: Verdana, sans-serif\">\u00a1\u00a1Muchas gracias a todos!!<\/span><\/p>\n<div class=\"separator\" style=\"clear: both;text-align: center\">\n<a href=\"https:\/\/www.bfv.cloud\/ajedrezeuropa\/wp-content\/uploads\/2014\/04\/LOGOfacebook48.png\" style=\"clear: left;float: left;margin-bottom: 1em;margin-right: 1em\"><img decoding=\"async\" border=\"0\" src=\"https:\/\/www.bfv.cloud\/ajedrezeuropa\/wp-content\/uploads\/2014\/04\/LOGOfacebook48.png\" \/><\/a><\/div>\n<p><span style=\"font-family: Verdana, sans-serif\"><b><u>&#8230; Y CASI 1.200 AMIGOS EN FACEBOOK<\/u><\/b><\/span><br \/>\n<span style=\"font-family: Verdana, sans-serif\">Otro dato relevante es el n\u00famero creciente de seguidores que mantiene el proyecto en las redes sociales. En Facebook son ya cerca de 1.200 los amigos que se han sumado a las noticias facilitadas desde este medio. Esperamos estar entorno a los 2.000 a final de a\u00f1o.<\/span><br \/>\n<span style=\"font-family: Verdana, sans-serif\"><br \/><\/span><\/p>\n<div class=\"separator\" style=\"clear: both;text-align: center\">\n<a href=\"https:\/\/www.bfv.cloud\/ajedrezeuropa\/wp-content\/uploads\/2014\/04\/imagendelclubmejorada.jpg\" style=\"clear: left;float: left;margin-bottom: 1em;margin-right: 1em\"><img decoding=\"async\" border=\"0\" src=\"https:\/\/www.bfv.cloud\/ajedrezeuropa\/wp-content\/uploads\/2014\/04\/imagendelclubmejorada.jpg\" height=\"125\" width=\"200\" \/><\/a><\/div>\n<p><span style=\"font-family: Verdana, sans-serif\">El reto de hacer visible el ajedrez al resto del mundo sigue siendo tan ambicioso como antes, pero esperamos seguir avanzando con pasos firmes y decididos en este objetivo. Seguiremos trabajando para dar al ajedrez el componente social y educativo que merece, aportando nuevas estrategias tambi\u00e9n en el terreno deportivo.<\/span><\/p>\n","protected":false},"excerpt":{"rendered":"<p>Isaac, primero por la izquierda, y Carlos, segundo por la derecha TORNEO INTERNACIONAL DE LA RODA Los jugadores del club Nuestro Ajedrez en Europa: Jes\u00fas M\u00aa Bricio, Isaac Lozano y Carlos \u00c1lvarez, han disputado la 41\u00aa edici\u00f3n del Torneo Internacional de La Roda (Albacete), con un resultado desigual. Mientras Bricio y \u00c1lvarez consiguen mejorar su [&hellip;]<\/p>\n","protected":false},"author":1,"featured_media":1439,"comment_status":"open","ping_status":"closed","sticky":false,"template":"","format":"standard","meta":{"footnotes":""},"categories":[1],"tags":[],"class_list":["post-1438","post","type-post","status-publish","format-standard","has-post-thumbnail","hentry","category-noticias"],"_links":{"self":[{"href":"https:\/\/www.bfv.cloud\/ajedrezeuropa\/wp-json\/wp\/v2\/posts\/1438","targetHints":{"allow":["GET"]}}],"collection":[{"href":"https:\/\/www.bfv.cloud\/ajedrezeuropa\/wp-json\/wp\/v2\/posts"}],"about":[{"href":"https:\/\/www.bfv.cloud\/ajedrezeuropa\/wp-json\/wp\/v2\/types\/post"}],"author":[{"embeddable":true,"href":"https:\/\/www.bfv.cloud\/ajedrezeuropa\/wp-json\/wp\/v2\/users\/1"}],"replies":[{"embeddable":true,"href":"https:\/\/www.bfv.cloud\/ajedrezeuropa\/wp-json\/wp\/v2\/comments?post=1438"}],"version-history":[{"count":1,"href":"https:\/\/www.bfv.cloud\/ajedrezeuropa\/wp-json\/wp\/v2\/posts\/1438\/revisions"}],"predecessor-version":[{"id":1444,"href":"https:\/\/www.bfv.cloud\/ajedrezeuropa\/wp-json\/wp\/v2\/posts\/1438\/revisions\/1444"}],"wp:featuredmedia":[{"embeddable":true,"href":"https:\/\/www.bfv.cloud\/ajedrezeuropa\/wp-json\/wp\/v2\/media\/1439"}],"wp:attachment":[{"href":"https:\/\/www.bfv.cloud\/ajedrezeuropa\/wp-json\/wp\/v2\/media?parent=1438"}],"wp:term":[{"taxonomy":"category","embeddable":true,"href":"https:\/\/www.bfv.cloud\/ajedrezeuropa\/wp-json\/wp\/v2\/categories?post=1438"},{"taxonomy":"post_tag","embeddable":true,"href":"https:\/\/www.bfv.cloud\/ajedrezeuropa\/wp-json\/wp\/v2\/tags?post=1438"}],"curies":[{"name":"wp","href":"https:\/\/api.w.org\/{rel}","templated":true}]}}