{"id":1445,"date":"2024-03-11T17:17:00","date_gmt":"2024-03-11T17:17:00","guid":{"rendered":"https:\/\/www.bfv.cloud\/ajedrezeuropa\/index.php\/2024\/03\/11\/seis-medallistas-en-los-campeonatos-por-edades-de-ciudad-real-y-toledo\/"},"modified":"2025-11-20T10:32:25","modified_gmt":"2025-11-20T10:32:25","slug":"seis-medallistas-en-los-campeonatos-por-edades-de-ciudad-real-y-toledo","status":"publish","type":"post","link":"https:\/\/www.bfv.cloud\/ajedrezeuropa\/seis-medallistas-en-los-campeonatos-por-edades-de-ciudad-real-y-toledo\/","title":{"rendered":"SEIS MEDALLISTAS EN LOS CAMPEONATOS POR EDADES DE CIUDAD REAL Y TOLEDO"},"content":{"rendered":"<p><span style=\"font-family: arial;font-size: large\"><\/span><\/p>\n<div class=\"separator\" style=\"clear: both;text-align: center\"><span style=\"font-family: arial;font-size: large\"><a href=\"https:\/\/www.bfv.cloud\/ajedrezeuropa\/wp-content\/uploads\/2024\/03\/120PREMIADOS20EDADES20C20REAL.jpg\" style=\"margin-left: 1em;margin-right: 1em\"><img fetchpriority=\"high\" decoding=\"async\" border=\"0\" data-original-height=\"1290\" data-original-width=\"1557\" height=\"530\" src=\"https:\/\/blogger.googleusercontent.com\/img\/b\/R29vZ2xl\/AVvXsEhZKpJw_V4UpmQb5suCWEbIQSKCeqpspaDGp-FTYXgVM5FATm1KcAAI_Cg70dg4BQEaevKDhQIoUwKiCuU22WjQ8D-OCwI6iZSuhdlAerDXn5gHZJoah1flUBtt-KjlT8QBt_DDjl0hgUd2F_8ckSvFttWOtbOqIWDSxGMlqYcjh7JR20NsyfYz6u-P7rQ\/w640-h530\/1%20PREMIADOS%20EDADES%20C%20REAL.jpg\" width=\"640\" \/><\/a><\/span><\/div>\n<p><span style=\"font-family: arial;font-size: large\"><br \/>Este fin de semana ha finalizado el campeonato provincial por edades de Toledo, mientras que el de Ciudad Real ya lo hab\u00eda hecho el domingo anterior. Un total de 33 chicos y chicas de las escuelas de ajedrez de Alc\u00e1zar, Illescas, Consuegra y Villlafranca, han participado en los dos campeonatos, 13 en el provincial de Ciudad Real y 20 en el de Toledo. El balance final es muy positivo al competir en todas las categor\u00edas y alcanzar buenos resultados en la mayor\u00eda de ellas.&nbsp;<\/span><\/p>\n<p><span style=\"font-family: arial;font-size: large\"><b><u>Seis medallistas y otros resultados destacados<\/u><\/b><\/span><\/p>\n<\/p>\n<div class=\"separator\" style=\"clear: both;text-align: center\"><a href=\"https:\/\/www.bfv.cloud\/ajedrezeuropa\/wp-content\/uploads\/2024\/03\/020MARIO20MORENO20SUBC20SUB-8.jpeg\" style=\"clear: left;float: left;margin-bottom: 1em;margin-right: 1em\"><img decoding=\"async\" border=\"0\" data-original-height=\"1803\" data-original-width=\"753\" height=\"640\" src=\"https:\/\/blogger.googleusercontent.com\/img\/b\/R29vZ2xl\/AVvXsEhsQBT2yNjcdjGLEml6YvU2wZ8b5fT78WA49wCQJvSrkBV8f-1q_BqawFiCFS6g8W2XVOLbM1SUj6qRJrI2qJPtz-qQLKKEYExO03RwX2C4wqQ4UrMZc8h4ApVbUAQHKrPO1JKDhS7HYDN0seWGrtrFUNoisdc-GfaZGPylBP1m6D7NIdl178Ct_faD6ok\/w268-h640\/0%20MARIO%20MORENO%20SUBC%20SUB-8.jpeg\" width=\"268\" \/><\/a><\/div>\n<p><span style=\"font-family: arial;font-size: large\"><b>Jaime Vila Castillo, <\/b>se ha proclamado campe\u00f3n del sub-12 de Ciudad Real, acompa\u00f1ado en el podio por <b>Elvira Cicuendez Quino,<\/b>&nbsp;bronce femenino en esa misma categor\u00eda.<\/span><\/p>\n<p><span style=\"font-family: arial;font-size: large\">En la categor\u00eda juvenil (sub-18) se han obtenido 2 medallas de plata gracias a <b>\u00c1ngel Collado Alcolado <\/b>en Ciudad Real y <b>Alonso L\u00f3pez N\u00fa\u00f1ez <\/b>en Toledo.<\/span><\/p>\n<p><span style=\"font-family: arial;font-size: large\">Adem\u00e1s, en la categor\u00eda sub-8, la dedicada a la introducci\u00f3n en el mundo de la competici\u00f3n ajedrec\u00edstica de los m\u00e1s peque\u00f1os, ha habido dos magn\u00edficas actuaciones por parte de <b>Mario Moreno Rodr\u00edguez <\/b>y <b>Meryem Benammou Yousri,<\/b>&nbsp;al obtener ambos la 2\u00aa plaza en el provincial de Toledo celebrado en Noblejas.<\/span><\/p>\n<p><span style=\"font-family: arial;font-size: large\">Tambi\u00e9n han destacado las 4\u00aa plazas obtenidas por: <b>Santiago Polo Navia <\/b>(sub-8 de C. Real) y&nbsp;<b>Miriam D\u00edaz del Campo Vela <\/b>(sub-10 de C. Real); la 5\u00aa posici\u00f3n de <b>Carla Rodr\u00edguez Garc\u00eda, <\/b>(sub-12 de Toledo); la 6\u00aa posici\u00f3n de <b>Luis Arias Riveira <\/b>(sub-16 de C. Real) y <b>Aday Berm\u00fadez Gonz\u00e1lez <\/b>(sub-14 de Toledo), as\u00ed como el 7\u00ba puesto alcanzado por <b>Marcos Argumanez Almendros <\/b>en el sub-10 de Toledo.<\/span><\/p>\n<\/p>\n<div class=\"separator\" style=\"clear: both;text-align: center\"><a href=\"https:\/\/www.bfv.cloud\/ajedrezeuropa\/wp-content\/uploads\/2024\/03\/120MERYEM20BENAMMOU20SUBC20SUB-8.jpg\" style=\"clear: right;float: right;margin-bottom: 1em;margin-left: 1em\"><img decoding=\"async\" border=\"0\" data-original-height=\"1150\" data-original-width=\"586\" height=\"640\" src=\"https:\/\/blogger.googleusercontent.com\/img\/b\/R29vZ2xl\/AVvXsEjz4H2KmqLmbIn-GGdi9KysCLKFU-vvgsPhYam-Eu4hksPfh8X7LDvtLIk-SceWxDxrrJBsPZzNpiqQS239B7erSsGFO5QnOUX6ehnYsUcOQWjTLvSGny1WNl7B9D1ZugHGgfJ9YitGHDS45Z4ldg1K7OwAzSsx2OXiFN4L1PyByvSXgDgTeqxNleKk_io\/w326-h640\/1%20MERYEM%20BENAMMOU%20SUBC%20SUB-8.jpg\" width=\"326\" \/><\/a><\/div>\n<\/p>\n<p><span style=\"font-family: arial;font-size: large\"><b><u>Una gran participaci\u00f3n, con la proximidad del Campeonato de Castilla-La Mancha por Edades<\/u><\/b><\/span><\/p>\n<p><span style=\"font-family: arial;font-size: large\">Al margen de estos resultados, hay que se\u00f1alar la alta participaci\u00f3n de los j\u00f3venes ajedrecistas de los clubes de ajedrez que forman parte de Nuestro Ajedrez en Europa, con varios de ellos dentro de las 10 primeras posiciones en sus respectivas categor\u00edas y otros mejorando notablemente su juego a lo largo de las jornadas de competici\u00f3n.<\/span><\/p>\n<p><span style=\"font-family: arial;font-size: large\">Para finalizar, debemos informar de la pr\u00f3xima celebraci\u00f3n del Campeonato Regional por Edades del 22 al 25 de marzo en el hotel Beatriz de Albacete. Hasta all\u00ed ir\u00e1n m\u00e1s de una docena de jugadores pertenecientes a los 3 clubes que integran el proyecto, con la ilusi\u00f3n de seguir compitiendo, mejorando y divirti\u00e9ndose a trav\u00e9s del ajedrez.<\/span><\/p>\n<\/p>\n<div class=\"separator\" style=\"clear: both;text-align: center\"><a href=\"https:\/\/www.bfv.cloud\/ajedrezeuropa\/wp-content\/uploads\/2024\/03\/220PREMIADOS20SUB-820TOLEDO.jpg\" style=\"margin-left: 1em;margin-right: 1em\"><img loading=\"lazy\" decoding=\"async\" border=\"0\" data-original-height=\"651\" data-original-width=\"1109\" height=\"376\" src=\"https:\/\/blogger.googleusercontent.com\/img\/b\/R29vZ2xl\/AVvXsEjFvTGZamoW7C-IgvJIvW6mUKDJQSO_0xPAR9eQ3Hrse02ubryN8fNRgyjg6qcK00AnLOs2Hfid5ZD5MWwkIgo-V3viA_toxhzr3-5MKFzLQxQYR1jj3Tk9df_A0hCOY4iDZpK-1apXbr-Bjyg5E8TVukeqExJP-WdFadK4eTdq8ZBEyTtKLIQa7HaOUmw\/w640-h376\/2%20PREMIADOS%20SUB-8%20TOLEDO.jpg\" width=\"640\" \/><\/a><\/div>\n<p><\/p>\n","protected":false},"excerpt":{"rendered":"<p>Este fin de semana ha finalizado el campeonato provincial por edades de Toledo, mientras que el de Ciudad Real ya lo hab\u00eda hecho el domingo anterior. Un total de 33 chicos y chicas de las escuelas de ajedrez de Alc\u00e1zar, Illescas, Consuegra y Villlafranca, han participado en los dos campeonatos, 13 en el provincial de [&hellip;]<\/p>\n","protected":false},"author":1,"featured_media":1446,"comment_status":"open","ping_status":"closed","sticky":false,"template":"","format":"standard","meta":{"footnotes":""},"categories":[1],"tags":[],"class_list":["post-1445","post","type-post","status-publish","format-standard","has-post-thumbnail","hentry","category-noticias"],"_links":{"self":[{"href":"https:\/\/www.bfv.cloud\/ajedrezeuropa\/wp-json\/wp\/v2\/posts\/1445","targetHints":{"allow":["GET"]}}],"collection":[{"href":"https:\/\/www.bfv.cloud\/ajedrezeuropa\/wp-json\/wp\/v2\/posts"}],"about":[{"href":"https:\/\/www.bfv.cloud\/ajedrezeuropa\/wp-json\/wp\/v2\/types\/post"}],"author":[{"embeddable":true,"href":"https:\/\/www.bfv.cloud\/ajedrezeuropa\/wp-json\/wp\/v2\/users\/1"}],"replies":[{"embeddable":true,"href":"https:\/\/www.bfv.cloud\/ajedrezeuropa\/wp-json\/wp\/v2\/comments?post=1445"}],"version-history":[{"count":1,"href":"https:\/\/www.bfv.cloud\/ajedrezeuropa\/wp-json\/wp\/v2\/posts\/1445\/revisions"}],"predecessor-version":[{"id":1450,"href":"https:\/\/www.bfv.cloud\/ajedrezeuropa\/wp-json\/wp\/v2\/posts\/1445\/revisions\/1450"}],"wp:featuredmedia":[{"embeddable":true,"href":"https:\/\/www.bfv.cloud\/ajedrezeuropa\/wp-json\/wp\/v2\/media\/1446"}],"wp:attachment":[{"href":"https:\/\/www.bfv.cloud\/ajedrezeuropa\/wp-json\/wp\/v2\/media?parent=1445"}],"wp:term":[{"taxonomy":"category","embeddable":true,"href":"https:\/\/www.bfv.cloud\/ajedrezeuropa\/wp-json\/wp\/v2\/categories?post=1445"},{"taxonomy":"post_tag","embeddable":true,"href":"https:\/\/www.bfv.cloud\/ajedrezeuropa\/wp-json\/wp\/v2\/tags?post=1445"}],"curies":[{"name":"wp","href":"https:\/\/api.w.org\/{rel}","templated":true}]}}