{"id":1451,"date":"2018-12-16T18:55:00","date_gmt":"2018-12-16T18:55:00","guid":{"rendered":"https:\/\/www.bfv.cloud\/ajedrezeuropa\/index.php\/2018\/12\/16\/xi-concentracion-de-navidad-nuestro-ajedrez-en-europa\/"},"modified":"2025-11-20T10:32:29","modified_gmt":"2025-11-20T10:32:29","slug":"xi-concentracion-de-navidad-nuestro-ajedrez-en-europa","status":"publish","type":"post","link":"https:\/\/www.bfv.cloud\/ajedrezeuropa\/xi-concentracion-de-navidad-nuestro-ajedrez-en-europa\/","title":{"rendered":"XI CONCENTRACI\u00d3N DE NAVIDAD NUESTRO AJEDREZ EN EUROPA"},"content":{"rendered":"<div class=\"separator\" style=\"clear: both;text-align: center\">\n<a href=\"https:\/\/www.bfv.cloud\/ajedrezeuropa\/wp-content\/uploads\/2018\/12\/CARTELCONCENTRACI25C32593N2018.jpg\" style=\"clear: left;float: left;margin-bottom: 1em;margin-right: 1em\"><img fetchpriority=\"high\" decoding=\"async\" border=\"0\" data-original-height=\"1600\" data-original-width=\"1182\" height=\"400\" src=\"https:\/\/blogger.googleusercontent.com\/img\/b\/R29vZ2xl\/AVvXsEiZNG1HZbyrgufm9w9dWbTot_pJeSPNLccfSgjQbKsEATAhc4K88s8Kumh5ZDxOH-WBDSznIoE74lt2NFInSJmEJuvuQaC5pvneVc_PsdnoL-QEWwlPo_i6NHpJvZ60XO07A_6yv-KKTdw\/s400\/CARTEL+CONCENTRACI%25C3%2593N+2018.jpg\" width=\"293\" \/><\/a><\/div>\n<p><span style=\", sans-serif;font-size: large\">Durante los d\u00edas 26, 27 y 28 de diciembre, la casa de la cultura de Villafranca de los Caballeros, albergar\u00e1 la XI CONCENTRACI\u00d3N DE NAVIDAD del proyecto Nuestro Ajedrez en Europa. Ser\u00e1n 3 d\u00edas en los que el alumnado de las escuelas de ajedrez de Alc\u00e1zar y Villafranca tendr\u00e1 la oportunidad de seguir aprendiendo en grupos diferenciados de&nbsp; perfeccionamiento e iniciaci\u00f3n dentro de este periodo de vacaciones escolares.<\/span><br \/>\n<span style=\", sans-serif;font-size: large\">Las clases se impartir\u00e1n en horario de ma\u00f1ana (de 10 a 13 horas, salvo el d\u00eda 26 que ser\u00e1 de 11 a 13 horas), y de tarde (de 16 a 19 horas) en las aulas de la 1\u00aa planta de la casa de la cultura. El grupo de entrenadores con los que contar\u00e1 esta 11\u00aa edici\u00f3n estar\u00e1 formado por: Ana Isabel Gonz\u00e1lez Berruga, Antonio Albo, Luismi Monreal y Silvia Toribio.<\/span><br \/>\n<span style=\", sans-serif;font-size: large\">En el tr\u00edptico que publicamos a continuaci\u00f3n se encuentra informaci\u00f3n detallada para realizar la inscripci\u00f3n dentro del periodo que se abre hoy y se cierra el viernes 21 de diciembre.<\/span><br \/>\n<span style=\", sans-serif;font-size: large\">\u00a1\u00a1Os esperamos!!<\/span><br \/>\n<span style=\", sans-serif;font-size: large\"><br \/><\/span><br \/>\n<\/p>\n<div class=\"separator\" style=\"clear: both;text-align: center\">\n<span style=\", sans-serif;font-size: large\"><a href=\"https:\/\/www.bfv.cloud\/ajedrezeuropa\/wp-content\/uploads\/2018\/12\/TRIPTICONAVIDAD2018INTERIOR.jpg\" style=\"margin-left: 1em;margin-right: 1em\"><img decoding=\"async\" border=\"0\" data-original-height=\"1002\" data-original-width=\"1600\" height=\"400\" src=\"https:\/\/blogger.googleusercontent.com\/img\/b\/R29vZ2xl\/AVvXsEjXn-LukUiyRdpSd72DC2PnFyMgVxMfJGVigfbBSqd0pwspJeFwk1JePT2k2Kz4mgfkuZZRam8bXwdDFhcUSgwmAmu7TMJLQodQyBWHpTCEPDyGKVChTwTmO3lijlV4JqQ0v52JfQ9C9IA\/s640\/TRIPTICO+NAVIDAD+2018+INTERIOR.jpg\" width=\"640\" \/><\/a><a href=\"https:\/\/www.bfv.cloud\/ajedrezeuropa\/wp-content\/uploads\/2018\/12\/TRIPTICONAVIDAD2018EXTERIOR.jpg\" style=\"margin-left: 1em;margin-right: 1em\"><img decoding=\"async\" border=\"0\" data-original-height=\"1050\" data-original-width=\"1600\" height=\"420\" src=\"https:\/\/blogger.googleusercontent.com\/img\/b\/R29vZ2xl\/AVvXsEhioiwZjvsT0379Bb_1xhCRSnxOL9BtPM3NE6gNd10nZvWoUjqoqDQsONWPdgrgmu8OPOk77jrkdVsIMqNRisP820QGxW9PLb-BLD-ZGKPrv4tzbGHjalEtz6K2NkIFLAtun_wJhcixyMU\/s640\/TRIPTICO+NAVIDAD+2018+EXTERIOR.jpg\" width=\"640\" \/><\/a><\/span><\/div>\n","protected":false},"excerpt":{"rendered":"<p>Durante los d\u00edas 26, 27 y 28 de diciembre, la casa de la cultura de Villafranca de los Caballeros, albergar\u00e1 la XI CONCENTRACI\u00d3N DE NAVIDAD del proyecto Nuestro Ajedrez en Europa. Ser\u00e1n 3 d\u00edas en los que el alumnado de las escuelas de ajedrez de Alc\u00e1zar y Villafranca tendr\u00e1 la oportunidad de seguir aprendiendo en [&hellip;]<\/p>\n","protected":false},"author":1,"featured_media":1452,"comment_status":"open","ping_status":"closed","sticky":false,"template":"","format":"standard","meta":{"footnotes":""},"categories":[1],"tags":[],"class_list":["post-1451","post","type-post","status-publish","format-standard","has-post-thumbnail","hentry","category-noticias"],"_links":{"self":[{"href":"https:\/\/www.bfv.cloud\/ajedrezeuropa\/wp-json\/wp\/v2\/posts\/1451","targetHints":{"allow":["GET"]}}],"collection":[{"href":"https:\/\/www.bfv.cloud\/ajedrezeuropa\/wp-json\/wp\/v2\/posts"}],"about":[{"href":"https:\/\/www.bfv.cloud\/ajedrezeuropa\/wp-json\/wp\/v2\/types\/post"}],"author":[{"embeddable":true,"href":"https:\/\/www.bfv.cloud\/ajedrezeuropa\/wp-json\/wp\/v2\/users\/1"}],"replies":[{"embeddable":true,"href":"https:\/\/www.bfv.cloud\/ajedrezeuropa\/wp-json\/wp\/v2\/comments?post=1451"}],"version-history":[{"count":1,"href":"https:\/\/www.bfv.cloud\/ajedrezeuropa\/wp-json\/wp\/v2\/posts\/1451\/revisions"}],"predecessor-version":[{"id":1455,"href":"https:\/\/www.bfv.cloud\/ajedrezeuropa\/wp-json\/wp\/v2\/posts\/1451\/revisions\/1455"}],"wp:featuredmedia":[{"embeddable":true,"href":"https:\/\/www.bfv.cloud\/ajedrezeuropa\/wp-json\/wp\/v2\/media\/1452"}],"wp:attachment":[{"href":"https:\/\/www.bfv.cloud\/ajedrezeuropa\/wp-json\/wp\/v2\/media?parent=1451"}],"wp:term":[{"taxonomy":"category","embeddable":true,"href":"https:\/\/www.bfv.cloud\/ajedrezeuropa\/wp-json\/wp\/v2\/categories?post=1451"},{"taxonomy":"post_tag","embeddable":true,"href":"https:\/\/www.bfv.cloud\/ajedrezeuropa\/wp-json\/wp\/v2\/tags?post=1451"}],"curies":[{"name":"wp","href":"https:\/\/api.w.org\/{rel}","templated":true}]}}