{"id":1456,"date":"2011-09-08T16:37:00","date_gmt":"2011-09-08T16:37:00","guid":{"rendered":"https:\/\/www.bfv.cloud\/ajedrezeuropa\/index.php\/2011\/09\/08\/nuestro-equipo-sub-16-revalida-el-titulo-de-campeon-regional\/"},"modified":"2025-11-20T10:32:32","modified_gmt":"2025-11-20T10:32:32","slug":"nuestro-equipo-sub-16-revalida-el-titulo-de-campeon-regional","status":"publish","type":"post","link":"https:\/\/www.bfv.cloud\/ajedrezeuropa\/nuestro-equipo-sub-16-revalida-el-titulo-de-campeon-regional\/","title":{"rendered":"\u00a1\u00a1 NUESTRO EQUIPO SUB-16 REVALIDA EL T\u00cdTULO DE CAMPE\u00d3N REGIONAL !!"},"content":{"rendered":"<p>\ufeff\ufeff <br \/>\n\ufeff <\/p>\n<table cellpadding=\"0\" cellspacing=\"0\" class=\"tr-caption-container\" style=\"float: left;margin-right: 1em;text-align: left\">\n<tbody>\n<tr>\n<td style=\"text-align: center\"><a href=\"https:\/\/www.bfv.cloud\/ajedrezeuropa\/wp-content\/uploads\/2011\/09\/FOTO3EQUIPO.jpg\" style=\"clear: right;margin-bottom: 1em;margin-left: auto;margin-right: auto\"><img fetchpriority=\"high\" decoding=\"async\" border=\"0\" height=\"480\" src=\"https:\/\/blogger.googleusercontent.com\/img\/b\/R29vZ2xl\/AVvXsEgTsBmfZt6eadgQ7BzIYhRcv4QCEDsS45-fTmPXMh5U7G1_OKWINOiYlsB7cos183qjQHEsXRjwq252aK5zHAzhAfSI5d4w-ipJC8GqTdZmT95QHj5cH6JREb5fypEnU9QKZvfqQyiXqdI\/s640\/FOTO+3+EQUIPO.jpg\" width=\"640\" \/><\/a><\/td>\n<\/tr>\n<tr>\n<td class=\"tr-caption\" style=\"text-align: center\">Nuestro&nbsp;equipo campe\u00f3n junto a su trofeo<\/td>\n<\/tr>\n<\/tbody>\n<\/table>\n<p>\ufeff \ufeff\ufeff\ufeff <\/p>\n<table cellpadding=\"0\" cellspacing=\"0\" class=\"tr-caption-container\" style=\"float: left;margin-right: 1em;text-align: left\">\n<tbody>\n<tr>\n<td style=\"text-align: center\"><a href=\"https:\/\/www.bfv.cloud\/ajedrezeuropa\/wp-content\/uploads\/2011\/09\/FOTO4EQUIPO.jpg\" style=\"clear: left;margin-bottom: 1em;margin-left: auto;margin-right: auto\"><img decoding=\"async\" border=\"0\" height=\"240\" src=\"https:\/\/blogger.googleusercontent.com\/img\/b\/R29vZ2xl\/AVvXsEjjIkRjjRTvkNG110Kh63kyhDj6Kb7LVPGXGM14_m1HBADWZRcq2qSoZIm1ReLIzDvhcgRj0lIvMeEH4R8b9MMISddWYkdQK9Olijj94918ndm1eWDwo0thTCKOqnITw4QksvI91WBDcNo\/s320\/FOTO+4+EQUIPO.jpg\" width=\"320\" \/><\/a><\/td>\n<\/tr>\n<tr>\n<td class=\"tr-caption\" style=\"text-align: center\">De izqda. a dcha.: Luismi (delegado),&nbsp; Santiago,<br \/>\nSergio, Jorge, Jos\u00e9 \u00c1ngel y Daniel<\/td>\n<\/tr>\n<\/tbody>\n<\/table>\n<p>\n\ufeff \ufeff <span style=\"font-family: Verdana, sans-serif\">El equipo de Nuestro Ajedrez en Europa sub-16 acaba de proclamarse campe\u00f3n regional de su categor\u00eda en la final disputada, desde el lunes hasta hoy jueves, en la residencia Virgen de las Vi\u00f1as de Daimiel (Ciudad Real). Con esta victoria se suman 2 t\u00edtulos regionales consecutivos, recordemos que en 2010, primer a\u00f1o de celebraci\u00f3n de este campeonato, tambi\u00e9n ocuparon esta destacada posici\u00f3n. Nuestro Ajedrez en Europa ha estado representado por:<\/span><\/p>\n<div style=\"border-bottom: medium none;border-left: medium none;border-right: medium none;border-top: medium none\"><strong><span style=\"font-family: Verdana\">&#8211; Santiago Talavera Garc\u00eda, 4,5 puntos en 6 partidas.<\/span><\/strong><\/div>\n<div style=\"border-bottom: medium none;border-left: medium none;border-right: medium none;border-top: medium none\"><strong><span style=\"font-family: Verdana\">&#8211; Daniel P\u00edriz Fern\u00e1ndez, 4 puntos en 5 partidas.<\/span><\/strong><\/div>\n<div style=\"border-bottom: medium none;border-left: medium none;border-right: medium none;border-top: medium none\"><strong><span style=\"font-family: Verdana\">&#8211; Jorge Sim\u00f3n Escalona, 4 puntos en 5 partidas.<\/span><\/strong><\/div>\n<div style=\"border-bottom: medium none;border-left: medium none;border-right: medium none;border-top: medium none\"><strong><span style=\"font-family: Verdana\">&#8211; Sergio Valencia de Loma, 5 puntos en 5 partidas.<\/span><\/strong><\/div>\n<div style=\"border-bottom: medium none;border-left: medium none;border-right: medium none;border-top: medium none\"><strong><span style=\"font-family: Verdana\">&#8211; Jos\u00e9 \u00c1ngel Vela Horcajada, 2,5 puntos en 3 partidas.<\/span><\/strong><\/div>\n<div style=\"border-bottom: medium none;border-left: medium none;border-right: medium none;border-top: medium none\"><strong><span style=\"font-family: Verdana\">Delegado: Luis Miguel Monreal Bejarano.<\/span><\/strong><\/div>\n<p>\ufeff <\/p>\n<table align=\"center\" cellpadding=\"0\" cellspacing=\"0\" class=\"tr-caption-container\" style=\"margin-left: auto;margin-right: auto;text-align: left\">\n<tbody>\n<tr>\n<td style=\"text-align: center\"><a href=\"https:\/\/www.bfv.cloud\/ajedrezeuropa\/wp-content\/uploads\/2011\/09\/FOTO1EQUIPO.jpg\" style=\"margin-left: auto;margin-right: auto\"><img decoding=\"async\" border=\"0\" height=\"300\" src=\"https:\/\/blogger.googleusercontent.com\/img\/b\/R29vZ2xl\/AVvXsEiF4A5K2__uks0afwUQeIXpqyzvynr6cFlu80fCzbUptv4OoJliUUBR1iaqMMRdJOo_cquTG9YhMlB1rpyBs_UKUwccXu1wYecCBVkwCGy1FS0KpIu-tne_6B4BQK387gHqrRPaAlGYeZ8\/s400\/FOTO+1+EQUIPO.jpg\" width=\"400\" \/><\/a><\/td>\n<\/tr>\n<tr>\n<td class=\"tr-caption\" style=\"text-align: center\">Nuestro Ajedrez en Europa &#8211; Almagro<br \/>\n\u00faltima y decisiva ronda<\/td>\n<\/tr>\n<\/tbody>\n<\/table>\n<p>\ufeff <\/p>\n<div style=\"border-bottom: medium none;border-left: medium none;border-right: medium none;border-top: medium none\"><span style=\"font-family: Verdana\">La presencia de 8 clubes, algunos de ellos muy reforzados y mejorados, junto&nbsp;a&nbsp;una distinta&nbsp;modalidad de juego y puntuaci\u00f3n en el campeonato, en esta ocasi\u00f3n se cambi\u00f3 la liga del a\u00f1o pasado por un sistema suizo a 6 rondas con los puntos de encuentro como puntuaci\u00f3n principal relegando a los puntos de partidas al 1er. desempate, han provocado una ronda final muy emocionante que s\u00f3lo se ha decidido al acabar las \u00faltimas partidas&nbsp;cerca de las 2 de la tarde. Han permanecido los 4 tableros por equipo en cada una de las rondas y es importante se\u00f1alar la gran&nbsp;combatividad de los chicos y chicas de todos los clubes desde la 1\u00aa hasta la 6\u00aa ronda, aunque para algunos no estuviera al alcance la 1\u00aa plaza.<\/span><\/div>\n<p><span style=\"font-family: Verdana\">La clasificaci\u00f3n final es la siguiente:<\/span><\/p>\n<p><span style=\"font-family: Verdana\">&nbsp;&nbsp;&nbsp;&nbsp;&nbsp;&nbsp;&nbsp;<em><u>Club<\/u><\/em>&nbsp;&nbsp;&nbsp;&nbsp;&nbsp;&nbsp;&nbsp;&nbsp;&nbsp;&nbsp;&nbsp;&nbsp;&nbsp;&nbsp;&nbsp;&nbsp;&nbsp;&nbsp;&nbsp;&nbsp;&nbsp;&nbsp;&nbsp;<em><u>puntos de encuentro<\/u><\/em>&nbsp;&nbsp;&nbsp;<em><u>puntos de partidas<\/u><\/em><\/span><br \/>\n<strong><span style=\"font-family: Verdana\">1\u00ba.- Nuestro Ajedrez<\/span><\/strong><br \/>\n<strong><span style=\"font-family: Verdana\">&nbsp;en Europa&nbsp;&nbsp;&nbsp;&nbsp;&nbsp;&nbsp;&nbsp;&nbsp;&nbsp;&nbsp;&nbsp;&nbsp;&nbsp;&nbsp;&nbsp;&nbsp;&nbsp;&nbsp;&nbsp;&nbsp;&nbsp;&nbsp;&nbsp;&nbsp;&nbsp;&nbsp;&nbsp; 10&nbsp;&nbsp;&nbsp;&nbsp;&nbsp;&nbsp;&nbsp;&nbsp;&nbsp;&nbsp;&nbsp;&nbsp;&nbsp;&nbsp;&nbsp;&nbsp;&nbsp;&nbsp;&nbsp;&nbsp;&nbsp;&nbsp;&nbsp;&nbsp;&nbsp;&nbsp;&nbsp;&nbsp;&nbsp;&nbsp;&nbsp;&nbsp; 20<\/span><\/strong><br \/>\n<strong><span style=\"font-family: Verdana\">2\u00ba.- Ateneo de Albacete&nbsp;&nbsp;&nbsp;&nbsp;&nbsp;&nbsp;10&nbsp;&nbsp;&nbsp;&nbsp;&nbsp;&nbsp;&nbsp;&nbsp;&nbsp;&nbsp;&nbsp;&nbsp;&nbsp;&nbsp;&nbsp;&nbsp;&nbsp;&nbsp;&nbsp;&nbsp;&nbsp;&nbsp;&nbsp;&nbsp;&nbsp;&nbsp;&nbsp;&nbsp;&nbsp;&nbsp;&nbsp;&nbsp; 15<\/span><\/strong><br \/>\n<strong><span style=\"font-family: Verdana\">3\u00ba.- Ciudad Real&nbsp;&nbsp;&nbsp;&nbsp;&nbsp;&nbsp;&nbsp;&nbsp;&nbsp;&nbsp;&nbsp;&nbsp;&nbsp;&nbsp;&nbsp;&nbsp;&nbsp;&nbsp;&nbsp;&nbsp; 8&nbsp;&nbsp;&nbsp;&nbsp;&nbsp;&nbsp;&nbsp;&nbsp;&nbsp;&nbsp;&nbsp;&nbsp;&nbsp;&nbsp;&nbsp;&nbsp;&nbsp;&nbsp;&nbsp;&nbsp;&nbsp;&nbsp;&nbsp;&nbsp;&nbsp;&nbsp;&nbsp;&nbsp;&nbsp;&nbsp;&nbsp;&nbsp;&nbsp;13,5<\/span><\/strong><strong><span style=\"font-family: Verdana\">&nbsp;&nbsp;<\/span><\/strong><br \/>\n<strong><span style=\"font-family: Verdana\">4\u00ba.- Bargas&nbsp;&nbsp;&nbsp;&nbsp;&nbsp;&nbsp;&nbsp;&nbsp;&nbsp;&nbsp;&nbsp;&nbsp;&nbsp;&nbsp;&nbsp;&nbsp;&nbsp;&nbsp;&nbsp;&nbsp;&nbsp;&nbsp;&nbsp;&nbsp;&nbsp;&nbsp;&nbsp;&nbsp;&nbsp;7&nbsp;&nbsp;&nbsp;&nbsp;&nbsp;&nbsp;&nbsp;&nbsp;&nbsp;&nbsp;&nbsp;&nbsp;&nbsp;&nbsp;&nbsp;&nbsp;&nbsp;&nbsp;&nbsp;&nbsp;&nbsp;&nbsp;&nbsp;&nbsp;&nbsp;&nbsp;&nbsp;&nbsp;&nbsp;&nbsp;&nbsp;&nbsp;&nbsp;14&nbsp;<\/span><\/strong><br \/>\n<strong><span style=\"font-family: Verdana\">5\u00ba.-&nbsp;Almansa&nbsp;&nbsp;&nbsp;&nbsp;&nbsp;&nbsp;&nbsp;&nbsp;&nbsp;&nbsp;&nbsp;&nbsp;&nbsp;&nbsp;&nbsp;&nbsp;&nbsp;&nbsp;&nbsp;&nbsp;&nbsp;&nbsp;&nbsp;&nbsp;&nbsp;&nbsp;6&nbsp;&nbsp;&nbsp;&nbsp;&nbsp;&nbsp;&nbsp;&nbsp;&nbsp;&nbsp;&nbsp;&nbsp;&nbsp;&nbsp;&nbsp;&nbsp;&nbsp;&nbsp;&nbsp;&nbsp;&nbsp;&nbsp;&nbsp;&nbsp;&nbsp;&nbsp;&nbsp;&nbsp;&nbsp;&nbsp;&nbsp;&nbsp;&nbsp;12,5 <\/span><\/strong><br \/>\n<strong><span style=\"font-family: Verdana\">6\u00ba.-&nbsp;Tomelloso&nbsp;&nbsp;&nbsp;&nbsp;&nbsp;&nbsp;&nbsp;&nbsp;&nbsp;&nbsp;&nbsp;&nbsp;&nbsp;&nbsp;&nbsp;&nbsp;&nbsp;&nbsp;&nbsp;&nbsp;&nbsp;&nbsp;&nbsp; 4&nbsp;&nbsp;&nbsp;&nbsp;&nbsp;&nbsp;&nbsp;&nbsp;&nbsp;&nbsp;&nbsp;&nbsp;&nbsp;&nbsp;&nbsp;&nbsp;&nbsp;&nbsp;&nbsp;&nbsp;&nbsp;&nbsp;&nbsp;&nbsp;&nbsp;&nbsp;&nbsp;&nbsp;&nbsp;&nbsp;&nbsp;&nbsp; 10&nbsp;&nbsp;&nbsp;&nbsp;<\/span><\/strong><br \/>\n<strong><span style=\"font-family: Verdana\">7\u00ba.-&nbsp;Almagro&nbsp;&nbsp;&nbsp;&nbsp;&nbsp;&nbsp;&nbsp;&nbsp;&nbsp;&nbsp;&nbsp;&nbsp;&nbsp;&nbsp;&nbsp;&nbsp;&nbsp;&nbsp;&nbsp;&nbsp;&nbsp;&nbsp;&nbsp; &nbsp;&nbsp;&nbsp;2&nbsp;&nbsp;&nbsp;&nbsp;&nbsp;&nbsp;&nbsp;&nbsp;&nbsp;&nbsp;&nbsp;&nbsp;&nbsp;&nbsp;&nbsp;&nbsp;&nbsp;&nbsp;&nbsp;&nbsp;&nbsp;&nbsp;&nbsp;&nbsp;&nbsp;&nbsp;&nbsp;&nbsp;&nbsp;&nbsp;&nbsp;&nbsp;&nbsp; 4,5<\/span><\/strong><br \/>\n<strong><span style=\"font-family: Verdana\">8\u00ba.-&nbsp;Cuenca&nbsp;2016 &nbsp;&nbsp;&nbsp;&nbsp;&nbsp;&nbsp;&nbsp;&nbsp;&nbsp;&nbsp;&nbsp;&nbsp;&nbsp;&nbsp;&nbsp;&nbsp;&nbsp;&nbsp;&nbsp;1&nbsp;&nbsp;&nbsp;&nbsp;&nbsp;&nbsp;&nbsp;&nbsp;&nbsp;&nbsp;&nbsp;&nbsp;&nbsp;&nbsp;&nbsp;&nbsp;&nbsp;&nbsp;&nbsp;&nbsp;&nbsp;&nbsp;&nbsp;&nbsp;&nbsp;&nbsp;&nbsp;&nbsp;&nbsp;&nbsp;&nbsp;&nbsp;&nbsp; 6,5<\/span><\/strong><\/p>\n<p><span style=\"font-family: Verdana\">De esta forma, Nuestro Ajedrez en Europa, volver\u00e1 a representar a Castilla-La Mancha en&nbsp;la pr\u00f3xima fase final del Campeonato de Espa\u00f1a por Equipos de Club Sub-16 que tendr\u00e1 lugar en el Hotel Bali de Benidorm del 4 al 8 de diciembre. El proyecto ver\u00e1 completada su presencia en esta final con el equipo del club Nuestro Ajedrez por la Igualdad que por segunda ocasi\u00f3n asistir\u00e1 a la m\u00e1s importante cita del ajedrez nacional para jugadores sub-16.<\/span><br \/>\n<span style=\"font-family: Verdana\">\u00a1\u00a1 Enhorabuena campeones !!<\/span><br \/>\n<strong><span style=\"font-family: Verdana\">&nbsp;&nbsp;&nbsp;&nbsp;&nbsp;&nbsp;&nbsp;&nbsp;&nbsp; <\/span><\/strong><\/p>\n","protected":false},"excerpt":{"rendered":"<p>\ufeff\ufeff \ufeff Nuestro&nbsp;equipo campe\u00f3n junto a su trofeo \ufeff \ufeff\ufeff\ufeff De izqda. a dcha.: Luismi (delegado),&nbsp; Santiago, Sergio, Jorge, Jos\u00e9 \u00c1ngel y Daniel \ufeff \ufeff El equipo de Nuestro Ajedrez en Europa sub-16 acaba de proclamarse campe\u00f3n regional de su categor\u00eda en la final disputada, desde el lunes hasta hoy jueves, en la residencia Virgen [&hellip;]<\/p>\n","protected":false},"author":1,"featured_media":1457,"comment_status":"open","ping_status":"closed","sticky":false,"template":"","format":"standard","meta":{"footnotes":""},"categories":[1],"tags":[],"class_list":["post-1456","post","type-post","status-publish","format-standard","has-post-thumbnail","hentry","category-noticias"],"_links":{"self":[{"href":"https:\/\/www.bfv.cloud\/ajedrezeuropa\/wp-json\/wp\/v2\/posts\/1456","targetHints":{"allow":["GET"]}}],"collection":[{"href":"https:\/\/www.bfv.cloud\/ajedrezeuropa\/wp-json\/wp\/v2\/posts"}],"about":[{"href":"https:\/\/www.bfv.cloud\/ajedrezeuropa\/wp-json\/wp\/v2\/types\/post"}],"author":[{"embeddable":true,"href":"https:\/\/www.bfv.cloud\/ajedrezeuropa\/wp-json\/wp\/v2\/users\/1"}],"replies":[{"embeddable":true,"href":"https:\/\/www.bfv.cloud\/ajedrezeuropa\/wp-json\/wp\/v2\/comments?post=1456"}],"version-history":[{"count":1,"href":"https:\/\/www.bfv.cloud\/ajedrezeuropa\/wp-json\/wp\/v2\/posts\/1456\/revisions"}],"predecessor-version":[{"id":1460,"href":"https:\/\/www.bfv.cloud\/ajedrezeuropa\/wp-json\/wp\/v2\/posts\/1456\/revisions\/1460"}],"wp:featuredmedia":[{"embeddable":true,"href":"https:\/\/www.bfv.cloud\/ajedrezeuropa\/wp-json\/wp\/v2\/media\/1457"}],"wp:attachment":[{"href":"https:\/\/www.bfv.cloud\/ajedrezeuropa\/wp-json\/wp\/v2\/media?parent=1456"}],"wp:term":[{"taxonomy":"category","embeddable":true,"href":"https:\/\/www.bfv.cloud\/ajedrezeuropa\/wp-json\/wp\/v2\/categories?post=1456"},{"taxonomy":"post_tag","embeddable":true,"href":"https:\/\/www.bfv.cloud\/ajedrezeuropa\/wp-json\/wp\/v2\/tags?post=1456"}],"curies":[{"name":"wp","href":"https:\/\/api.w.org\/{rel}","templated":true}]}}