{"id":1461,"date":"2012-06-12T00:17:00","date_gmt":"2012-06-12T00:17:00","guid":{"rendered":"https:\/\/www.bfv.cloud\/ajedrezeuropa\/index.php\/2012\/06\/12\/celebrada-la-sexta-simultanea-del-cp-juan-de-austria-y-finalizado-el-regional-por-equipos\/"},"modified":"2025-11-20T10:32:37","modified_gmt":"2025-11-20T10:32:37","slug":"celebrada-la-sexta-simultanea-del-cp-juan-de-austria-y-finalizado-el-regional-por-equipos","status":"publish","type":"post","link":"https:\/\/www.bfv.cloud\/ajedrezeuropa\/celebrada-la-sexta-simultanea-del-cp-juan-de-austria-y-finalizado-el-regional-por-equipos\/","title":{"rendered":"CELEBRADA LA SEXTA SIMULT\u00c1NEA DEL CP JUAN DE AUSTRIA Y FINALIZADO EL REGIONAL POR EQUIPOS"},"content":{"rendered":"<p>\ufeff <\/p>\n<table cellpadding=\"0\" cellspacing=\"0\" class=\"tr-caption-container\" style=\"float: left;margin-right: 1em;text-align: left\">\n<tbody>\n<tr>\n<td style=\"text-align: center\"><a href=\"https:\/\/www.bfv.cloud\/ajedrezeuropa\/wp-content\/uploads\/2012\/06\/VISIMULTC381NEAJUANDEAUSTRIA020.jpg\" style=\"clear: left;margin-bottom: 1em;margin-left: auto;margin-right: auto\"><img fetchpriority=\"high\" decoding=\"async\" border=\"0\" height=\"300\" src=\"https:\/\/blogger.googleusercontent.com\/img\/b\/R29vZ2xl\/AVvXsEj89VVDcZwB6-AWyhcKUGbjn5BRus7w9AzP-2EDKB59GwalIxxhOM-Hvyj1BIgmIcUxO5-RUoufcsP2U0bMuOAhFEmacHNNs2cNK76Hp1csSYArT-KL6JhQnFy9furK4g4Fd2e_dY6gxwQ\/s400\/VI+SIMULT%C3%81NEA+JUAN+DE+AUSTRIA+020.jpg\" width=\"400\" \/><\/a><\/td>\n<\/tr>\n<tr>\n<td class=\"tr-caption\" style=\"text-align: center\">Los 6 ajedrecistas de la escuela alcazare\u00f1a que ofrecieron esta simult\u00e1nea<br \/>\nrecibieron un recuerdo de los organizadores del CP Juan de Austria<\/td>\n<\/tr>\n<\/tbody>\n<\/table>\n<p><span style=\"color: blue;font-family: Verdana, sans-serif\">El pasado domingo se celebr\u00f3 una edici\u00f3n m\u00e1s de la simult\u00e1nea en el colegio Juan de Austria de Alc\u00e1zar, mientras nuestro equipo absoluto disputaba la \u00faltima ronda del regional por equipos enfrent\u00e1ndose en la mesa 1 al club de ajedrez Almagro. En estos 2 acontecimientos&nbsp;hemos compartido la experiencia de los jugadores sub-18 con el deseo de aprender y mejorar de otros chicos y chicas en categor\u00eda sub-16 y sub-14. De entrada queremos felicitar a los 8 jugadores que nos han representado en el Campeonato Regional por Equipos y a los 6 que aparecen en la fotograf\u00eda que acudieron a su cita anual con la promoci\u00f3n del ajedrez en el entorno escolar.<\/span><\/p>\n<table cellpadding=\"0\" cellspacing=\"0\" class=\"tr-caption-container\" style=\"float: right;margin-left: 1em;text-align: right\">\n<tbody>\n<tr>\n<td style=\"text-align: center\"><a href=\"https:\/\/www.bfv.cloud\/ajedrezeuropa\/wp-content\/uploads\/2012\/06\/VISIMULTC381NEAJUANDEAUSTRIA014.jpg\" style=\"clear: right;margin-bottom: 1em;margin-left: auto;margin-right: auto\"><img decoding=\"async\" border=\"0\" height=\"400\" src=\"https:\/\/blogger.googleusercontent.com\/img\/b\/R29vZ2xl\/AVvXsEju1NBRsLk6r8a9ESBsNWMjfX0QxsUajUeAC9pY-7jrTRV_K9mXxW9g_QxMjAGZOk-aHKGPzc3Ot2xoUFNib10VHTbaP-Uu-76XOCQyxsU9ih7GUpobAt7nYPa9mTZObwagu-Chpr46xuQ\/s400\/VI+SIMULT%C3%81NEA+JUAN+DE+AUSTRIA+014.jpg\" width=\"300\" \/><\/a><\/td>\n<\/tr>\n<tr>\n<td class=\"tr-caption\" style=\"text-align: center\">Un total de 25 chicos y chicas se enfrentaron a<br \/>\nnuestros jugadores<\/td>\n<\/tr>\n<\/tbody>\n<\/table>\n<p>\ufeff <span style=\"color: blue;font-family: Verdana, sans-serif\">Aunque en<\/span><span style=\"color: blue;font-family: Verdana, sans-serif\"> ambos casos los&nbsp;objetivos a cumplir eran muy distintos, tenemos la satisfacci\u00f3n y la capacidad para luchar con los mejores equipos del ajedrez castellano-manchego, a la vez que seguir con la divulgaci\u00f3n de nuestro deporte entre los ni\u00f1os y ni\u00f1as que se est\u00e1n iniciando en \u00e9l.<\/span><br \/>\n<span style=\"color: blue;font-family: Verdana\">La simult\u00e1nea cont\u00f3 con la participaci\u00f3n de Daniel Salas, Antonio S\u00e1nchez-Beato, Manuel Marcos-Alberca, Leo de Giorgi, Silvia Toribio y<\/span><br \/>\n<span style=\"color: blue;font-family: Verdana\">Javier Valdepe\u00f1as, enfrentados a 4 rivales cada uno de ellos y a\u00f1adi\u00e9ndose la dificultad de jugar con un tiempo limitado de 25 minutos.<\/span><br \/>\n<span style=\"color: blue;font-family: Verdana\">Por su parte, la 7\u00aa plaza alcanzada en el regional por equipos no hace justicia al juego desplegado durante el torneo, pero aceptamos que con tan s\u00f3lo 9 equipos compitiendo y a un total de 6 rondas los emparejamientos de las 2 \u00faltimas deciden en gran medida la posici\u00f3n final, as\u00ed es que descansando en la pen\u00faltima y enfrent\u00e1ndonos a los campeones de los pasados 6 a\u00f1os en la ronda final, las posibilidades de&nbsp;lograr una de las posiciones de honor se alejaron totalmente.<\/span><\/p>\n<div style=\"text-align: center\">\n<table align=\"center\" cellpadding=\"0\" cellspacing=\"0\" class=\"tr-caption-container\" style=\"margin-left: auto;margin-right: auto;text-align: center\">\n<tbody>\n<tr>\n<td style=\"text-align: center\"><a href=\"https:\/\/www.bfv.cloud\/ajedrezeuropa\/wp-content\/uploads\/2012\/06\/REGIONALPOREQUIPOSABSCIUDADREAL-2012001.jpg\" style=\"margin-left: auto;margin-right: auto\"><img decoding=\"async\" border=\"0\" height=\"300\" src=\"https:\/\/blogger.googleusercontent.com\/img\/b\/R29vZ2xl\/AVvXsEhTEFLroXT5Qn1U4iwFK2joLWS48ekJcaD9haMlYDpHm1MAYR-EnLhCyu9OiSxarndMm58wd4SPEjPUc7TUe6G793SgWVBHM7ZiENfUevom4HPGOAuFTQqagqUKfkqEW5V9hyP4sV2-5yI\/s400\/REGIONAL+POR+EQUIPOS+ABS+CIUDAD+REAL-2012+001.jpg\" width=\"400\" \/><\/a><\/td>\n<\/tr>\n<tr>\n<td class=\"tr-caption\" style=\"text-align: center\">7\u00ba clasificados del regional absoluto por equipos 2012<\/td>\n<\/tr>\n<\/tbody>\n<\/table>\n<\/div>\n<p><\/p>\n<div align=\"center\"><strong><u><span style=\"color: blue;font-family: Verdana, sans-serif\">Campeonato de Castilla-La Mancha por Clubes sub-16<\/span><\/u><\/strong><\/div>\n<div align=\"center\">\n<\/div>\n<div style=\"text-align: left\"><span style=\"color: blue;font-family: Verdana\">De forma extraoficial hemos sabido que la 3\u00aa edici\u00f3n de este campeonato se celebrar\u00e1 en Toledo entre el 23 y el 26 de julio. Ser\u00eda muy conveniente que los organizadores comunicaran r\u00e1pidamente toda la informaci\u00f3n referente a esta competici\u00f3n y as\u00ed evitar\u00edamos las l\u00f3gicas suspicacias.<\/span>\ufeff<\/div>\n","protected":false},"excerpt":{"rendered":"<p>\ufeff Los 6 ajedrecistas de la escuela alcazare\u00f1a que ofrecieron esta simult\u00e1nea recibieron un recuerdo de los organizadores del CP Juan de Austria El pasado domingo se celebr\u00f3 una edici\u00f3n m\u00e1s de la simult\u00e1nea en el colegio Juan de Austria de Alc\u00e1zar, mientras nuestro equipo absoluto disputaba la \u00faltima ronda del regional por equipos enfrent\u00e1ndose [&hellip;]<\/p>\n","protected":false},"author":1,"featured_media":1462,"comment_status":"open","ping_status":"closed","sticky":false,"template":"","format":"standard","meta":{"footnotes":""},"categories":[1],"tags":[],"class_list":["post-1461","post","type-post","status-publish","format-standard","has-post-thumbnail","hentry","category-noticias"],"_links":{"self":[{"href":"https:\/\/www.bfv.cloud\/ajedrezeuropa\/wp-json\/wp\/v2\/posts\/1461","targetHints":{"allow":["GET"]}}],"collection":[{"href":"https:\/\/www.bfv.cloud\/ajedrezeuropa\/wp-json\/wp\/v2\/posts"}],"about":[{"href":"https:\/\/www.bfv.cloud\/ajedrezeuropa\/wp-json\/wp\/v2\/types\/post"}],"author":[{"embeddable":true,"href":"https:\/\/www.bfv.cloud\/ajedrezeuropa\/wp-json\/wp\/v2\/users\/1"}],"replies":[{"embeddable":true,"href":"https:\/\/www.bfv.cloud\/ajedrezeuropa\/wp-json\/wp\/v2\/comments?post=1461"}],"version-history":[{"count":1,"href":"https:\/\/www.bfv.cloud\/ajedrezeuropa\/wp-json\/wp\/v2\/posts\/1461\/revisions"}],"predecessor-version":[{"id":1465,"href":"https:\/\/www.bfv.cloud\/ajedrezeuropa\/wp-json\/wp\/v2\/posts\/1461\/revisions\/1465"}],"wp:featuredmedia":[{"embeddable":true,"href":"https:\/\/www.bfv.cloud\/ajedrezeuropa\/wp-json\/wp\/v2\/media\/1462"}],"wp:attachment":[{"href":"https:\/\/www.bfv.cloud\/ajedrezeuropa\/wp-json\/wp\/v2\/media?parent=1461"}],"wp:term":[{"taxonomy":"category","embeddable":true,"href":"https:\/\/www.bfv.cloud\/ajedrezeuropa\/wp-json\/wp\/v2\/categories?post=1461"},{"taxonomy":"post_tag","embeddable":true,"href":"https:\/\/www.bfv.cloud\/ajedrezeuropa\/wp-json\/wp\/v2\/tags?post=1461"}],"curies":[{"name":"wp","href":"https:\/\/api.w.org\/{rel}","templated":true}]}}