{"id":1469,"date":"2016-05-08T12:06:00","date_gmt":"2016-05-08T12:06:00","guid":{"rendered":"https:\/\/www.bfv.cloud\/ajedrezeuropa\/index.php\/2016\/05\/08\/el-equipo-sub-16-de-nuestro-ajedrez-en-europa-revalida-el-titulo-de-campeon-provincial-de-toledo\/"},"modified":"2025-11-20T10:32:44","modified_gmt":"2025-11-20T10:32:44","slug":"el-equipo-sub-16-de-nuestro-ajedrez-en-europa-revalida-el-titulo-de-campeon-provincial-de-toledo","status":"publish","type":"post","link":"https:\/\/www.bfv.cloud\/ajedrezeuropa\/el-equipo-sub-16-de-nuestro-ajedrez-en-europa-revalida-el-titulo-de-campeon-provincial-de-toledo\/","title":{"rendered":"EL EQUIPO SUB-16 DE NUESTRO AJEDREZ EN EUROPA REVALIDA EL T\u00cdTULO DE CAMPE\u00d3N PROVINCIAL DE TOLEDO"},"content":{"rendered":"<table cellpadding=\"0\" cellspacing=\"0\" class=\"tr-caption-container\" style=\"float: right;margin-left: 1em;text-align: right\">\n<tbody>\n<tr>\n<td style=\"text-align: center\"><a href=\"https:\/\/www.bfv.cloud\/ajedrezeuropa\/wp-content\/uploads\/2016\/05\/SAM_2804.jpg\" style=\"clear: right;margin-bottom: 1em;margin-left: auto;margin-right: auto\"><img fetchpriority=\"high\" decoding=\"async\" border=\"0\" height=\"276\" src=\"https:\/\/blogger.googleusercontent.com\/img\/b\/R29vZ2xl\/AVvXsEjC6Ke2s1EIGEVf11WCBw6xiWJB7prg-PZIeQ1XXoBgJ7RDzoBMsy4YRED9jT4AD1m4YKnYl4VwWMfhIymrWIz54ao_go8i1R-x0SSaCvF0v2_8IKr8c2BZeL6q3tFhsWSLDc9XK_DoEL0\/s400\/SAM_2804.JPG\" width=\"400\" \/><\/a><\/td>\n<\/tr>\n<tr>\n<td class=\"tr-caption\" style=\"text-align: center\">EUROPA vs IGUALDAD fue la 1\u00aa ronda de este provincial<\/td>\n<\/tr>\n<\/tbody>\n<\/table>\n<table cellpadding=\"0\" cellspacing=\"0\" class=\"tr-caption-container\" style=\"float: left;margin-right: 1em;text-align: left\">\n<tbody>\n<tr>\n<td style=\"text-align: center\"><a href=\"https:\/\/www.bfv.cloud\/ajedrezeuropa\/wp-content\/uploads\/2016\/05\/SAM_2819.jpg\" style=\"clear: left;margin-bottom: 1em;margin-left: auto;margin-right: auto\"><img decoding=\"async\" border=\"0\" height=\"300\" src=\"https:\/\/blogger.googleusercontent.com\/img\/b\/R29vZ2xl\/AVvXsEgkl9UTkTyFrcGcapmeWjzfZncpt1d8j9IZ59mhszUG1ofZhoc6aZHeXhohDs5IqbheTPYCasSqTYfLEt91FR17ISGgiFy6Rnr605fu5c610_sOUvYKAjXIfy8k0_wy_XBmasjAmkvZZL4\/s400\/SAM_2819.JPG\" width=\"400\" \/><\/a><\/td>\n<\/tr>\n<tr>\n<td class=\"tr-caption\" style=\"text-align: center\">Los 6 jugadores de Nuestro Ajedrez en Europa recogen el trofeo<br \/>del delegado provincial, Juan Jos\u00e9 Sobrino<\/td>\n<\/tr>\n<\/tbody>\n<\/table>\n<p>&nbsp;<b style=\"text-align: justify\"><span style=\"font-size: 14.0pt\">Los dos<br \/>\nt\u00edtulos provinciales por equipos de Toledo vuelven a estar en manos del Club<br \/>\nNUESTRO AJEDREZ EN EUROPA, despu\u00e9s de que ayer la formaci\u00f3n sub-16 venciera de<br \/>\nforma clara en el campeonato valedero para esta temporada. De esta manera,<br \/>\ntanto en 2015 como en 2016, \u201cEuropa\u201d se ha proclamado campe\u00f3n provincial de<br \/>\nToledo en las categor\u00edas absoluta y sub-16, manteniendo una hegemon\u00eda que<br \/>\nsolamente se ha producido durante estos dos a\u00f1os.<\/span><\/b><\/p>\n<div class=\"MsoNormal\" style=\"text-align: justify\">\n<b><span style=\"font-size: 14.0pt\">Los 4<br \/>\nchicos y 2 chicas que integran este equipo de menores de 16 a\u00f1os vencieron en<br \/>\n11 de las 12 partidas disputadas, obteniendo los 6 puntos posibles y<br \/>\ndistanciando al 2\u00ba clasificado en 3 puntos. El orden de fuerza que present\u00f3<br \/>\npara esta competici\u00f3n fue el formado por: <span style=\"color: #002060\">Roberto<br \/>\nL\u00f3pez, Alfredo Amador, Irene Sim\u00f3n, Arturo Mate, Julio M\u00e9rida y Marta Espinosa.<br \/>\n<\/span><\/span><\/b><\/div>\n<div class=\"MsoNormal\" style=\"text-align: justify\">\n<\/div>\n<div class=\"MsoNormal\" style=\"text-align: justify\">\n<b><i><u><span style=\"font-size: 14.0pt\">Buena actuaci\u00f3n del equipo sub-16 de NUESTRO<br \/>\nAJEDREZ POR LA IGUALDAD<\/span><\/u><\/i><\/b><\/div>\n<div class=\"MsoNormal\" style=\"text-align: justify\">\n<b><span style=\"font-size: 14.0pt\">Por su<br \/>\nparte, el Club NUESTRO AJEDREZ POR LA IGUALDAD, consegu\u00eda puntuar por vez<br \/>\nprimera en esta competici\u00f3n. De las 4 chicas y 3 chicos que conforman el equipo<br \/>\nesta temporada, dos son sub-10, una es sub-12 y 4 son sub-14. Como puede<br \/>\nobservarse un conjunto muy joven y en pleno crecimiento, que demuestra a\u00f1o a<br \/>\na\u00f1o su avance en la comprensi\u00f3n del juego y su mejor\u00eda en el rendimiento ante<br \/>\nel tablero. Los jugadores que lo forman son: <span style=\"color: #002060\">Alonso<br \/>\nL\u00f3pez, Enrique Velasco, Nuria Lozano, Isabel Marcos-Alberca, Julia Meza, Mar\u00eda<br \/>\nOliver y Gabriel Amador.<\/span><\/span><\/b><\/div>\n<table cellpadding=\"0\" cellspacing=\"0\" class=\"tr-caption-container\" style=\"float: left;margin-right: 1em;text-align: left\">\n<tbody>\n<tr>\n<td style=\"text-align: center\"><a href=\"https:\/\/www.bfv.cloud\/ajedrezeuropa\/wp-content\/uploads\/2016\/05\/SAM_2824.jpg\" style=\"clear: left;margin-bottom: 1em;margin-left: auto;margin-right: auto\"><img decoding=\"async\" border=\"0\" height=\"460\" src=\"https:\/\/blogger.googleusercontent.com\/img\/b\/R29vZ2xl\/AVvXsEiXTr7AAkMKIy43cwHn2aHaTL1NPrC7ufD1s54WdQfwztIyW7yyNDVxTRdNwKW_kr4SOcckR8rO4oc3YMLnuUfMmHVVmIQDx6Cs2yedRgmwtTjPydpO-WJyONtyx__TN1TGMDQ1wh4CCwI\/s640\/SAM_2824.JPG\" width=\"640\" \/><\/a><\/td>\n<\/tr>\n<tr>\n<td class=\"tr-caption\" style=\"text-align: center\">Los integrantes de nuestros dos equipos con el trofeo de campe\u00f3n<\/p>\n<div class=\"separator\" style=\"clear: both;text-align: center\">\n<a href=\"https:\/\/www.bfv.cloud\/ajedrezeuropa\/wp-content\/uploads\/2016\/05\/CUADROCRUZADOCLASIFFINAL.jpg\" style=\"margin-left: 1em;margin-right: 1em\"><img loading=\"lazy\" decoding=\"async\" border=\"0\" height=\"164\" src=\"https:\/\/blogger.googleusercontent.com\/img\/b\/R29vZ2xl\/AVvXsEhNvAW9AJq-M2FfUW-kkgcxMRdkn4xGVtVzcf-rFsDygEqIKCFkrdN0vUFD4XhrOdLmhERPIuBmFVW8G-ix-h9FfM63PbWkEJy5ssnShjzxKMC5hCLhmFg6DXM62taYQqbivpEFqKuxlh8\/s640\/CUADRO+CRUZADO+CLASIF+FINAL.jpg\" width=\"640\" \/><\/a><\/div>\n<\/td>\n<\/tr>\n<\/tbody>\n<\/table>\n<p><\/p>\n","protected":false},"excerpt":{"rendered":"<p>EUROPA vs IGUALDAD fue la 1\u00aa ronda de este provincial Los 6 jugadores de Nuestro Ajedrez en Europa recogen el trofeodel delegado provincial, Juan Jos\u00e9 Sobrino &nbsp;Los dos t\u00edtulos provinciales por equipos de Toledo vuelven a estar en manos del Club NUESTRO AJEDREZ EN EUROPA, despu\u00e9s de que ayer la formaci\u00f3n sub-16 venciera de forma [&hellip;]<\/p>\n","protected":false},"author":1,"featured_media":1470,"comment_status":"open","ping_status":"closed","sticky":false,"template":"","format":"standard","meta":{"footnotes":""},"categories":[1],"tags":[],"class_list":["post-1469","post","type-post","status-publish","format-standard","has-post-thumbnail","hentry","category-noticias"],"_links":{"self":[{"href":"https:\/\/www.bfv.cloud\/ajedrezeuropa\/wp-json\/wp\/v2\/posts\/1469","targetHints":{"allow":["GET"]}}],"collection":[{"href":"https:\/\/www.bfv.cloud\/ajedrezeuropa\/wp-json\/wp\/v2\/posts"}],"about":[{"href":"https:\/\/www.bfv.cloud\/ajedrezeuropa\/wp-json\/wp\/v2\/types\/post"}],"author":[{"embeddable":true,"href":"https:\/\/www.bfv.cloud\/ajedrezeuropa\/wp-json\/wp\/v2\/users\/1"}],"replies":[{"embeddable":true,"href":"https:\/\/www.bfv.cloud\/ajedrezeuropa\/wp-json\/wp\/v2\/comments?post=1469"}],"version-history":[{"count":1,"href":"https:\/\/www.bfv.cloud\/ajedrezeuropa\/wp-json\/wp\/v2\/posts\/1469\/revisions"}],"predecessor-version":[{"id":1474,"href":"https:\/\/www.bfv.cloud\/ajedrezeuropa\/wp-json\/wp\/v2\/posts\/1469\/revisions\/1474"}],"wp:featuredmedia":[{"embeddable":true,"href":"https:\/\/www.bfv.cloud\/ajedrezeuropa\/wp-json\/wp\/v2\/media\/1470"}],"wp:attachment":[{"href":"https:\/\/www.bfv.cloud\/ajedrezeuropa\/wp-json\/wp\/v2\/media?parent=1469"}],"wp:term":[{"taxonomy":"category","embeddable":true,"href":"https:\/\/www.bfv.cloud\/ajedrezeuropa\/wp-json\/wp\/v2\/categories?post=1469"},{"taxonomy":"post_tag","embeddable":true,"href":"https:\/\/www.bfv.cloud\/ajedrezeuropa\/wp-json\/wp\/v2\/tags?post=1469"}],"curies":[{"name":"wp","href":"https:\/\/api.w.org\/{rel}","templated":true}]}}