{"id":1475,"date":"2016-12-01T23:35:00","date_gmt":"2016-12-01T23:35:00","guid":{"rendered":"https:\/\/www.bfv.cloud\/ajedrezeuropa\/index.php\/2016\/12\/01\/la-3a-jornada-del-campeonato-por-equipos-de-toledo-deja-el-liderato-pendiente-para-la-ultima-jornada\/"},"modified":"2025-11-20T10:32:52","modified_gmt":"2025-11-20T10:32:52","slug":"la-3a-jornada-del-campeonato-por-equipos-de-toledo-deja-el-liderato-pendiente-para-la-ultima-jornada","status":"publish","type":"post","link":"https:\/\/www.bfv.cloud\/ajedrezeuropa\/la-3a-jornada-del-campeonato-por-equipos-de-toledo-deja-el-liderato-pendiente-para-la-ultima-jornada\/","title":{"rendered":"LA 3\u00aa JORNADA DEL CAMPEONATO POR EQUIPOS DE TOLEDO DEJA EL LIDERATO PENDIENTE PARA LA \u00daLTIMA JORNADA"},"content":{"rendered":"<table cellpadding=\"0\" cellspacing=\"0\" class=\"tr-caption-container\" style=\"float: left;margin-right: 1em;text-align: left\">\n<tbody>\n<tr>\n<td style=\"text-align: center\"><a href=\"https:\/\/www.bfv.cloud\/ajedrezeuropa\/wp-content\/uploads\/2016\/12\/SAM_3206.jpg\" style=\"clear: left;margin-bottom: 1em;margin-left: auto;margin-right: auto\"><img fetchpriority=\"high\" decoding=\"async\" border=\"0\" height=\"303\" src=\"https:\/\/blogger.googleusercontent.com\/img\/b\/R29vZ2xl\/AVvXsEiXPl8DmN077yXFN17i-jCIQwfEBI4FswP1MY6ukdztwwSrlAhSe1KlDTdWHKBFfCWr4h1ygegC31Nwhx8jGlvS7MKxfRZtv724RwnrhQyg4S_Nkv2lqMjgm_3AvxY_EqUbDfx5WaJmMcU\/s400\/SAM_3206.JPG\" width=\"400\" \/><\/a><\/td>\n<\/tr>\n<tr>\n<td class=\"tr-caption\" style=\"text-align: center\">El equipo de NUESTRO AJEDREZ POR LA IGUALDAD &#8211; B<\/td>\n<\/tr>\n<\/tbody>\n<\/table>\n<table cellpadding=\"0\" cellspacing=\"0\" class=\"tr-caption-container\" style=\"float: right;margin-left: 1em;text-align: right\">\n<tbody>\n<tr>\n<td style=\"text-align: center\"><a href=\"https:\/\/www.bfv.cloud\/ajedrezeuropa\/wp-content\/uploads\/2016\/12\/SAM_3204.jpg\" style=\"clear: right;margin-bottom: 1em;margin-left: auto;margin-right: auto\"><img decoding=\"async\" border=\"0\" height=\"298\" src=\"https:\/\/blogger.googleusercontent.com\/img\/b\/R29vZ2xl\/AVvXsEh6p2AvSwtNhxCWqRAMLVooXzfi-SM6IgCxknKTg1Q6HBzWHZZiPNFuYJdZQdzRMRUCmTqO1miw_v428GB7dl0_-eXafwpBE1JcTVa_b7_9Iz7JABabpwY7ItEbFpTST4nMyjIveUVYaJE\/s400\/SAM_3204.JPG\" width=\"400\" \/><\/a><\/td>\n<\/tr>\n<tr>\n<td class=\"tr-caption\" style=\"text-align: center\">NUESTRO AJEDREZ EN EUROPA &#8211; B puede acceder a la 3\u00aa plaza si<br \/>\nle favorecen los resultados en la \u00faltima ronda<\/td>\n<\/tr>\n<\/tbody>\n<\/table>\n<p><span style=\"color: #660000\">&nbsp;<\/span><span style=\", sans-serif;font-size: large\"><span style=\"color: #660000\">El domingo pasado se disputaba en Toledo la 3\u00aa jornada del Campeonato Provincial por Equipos. Los resultados han permitido que la lista de candidatos al t\u00edtulo haya quedado reducida a tan solo 2 clubes: Bargas-A y Nuestro Ajedrez en Europa-A. El domingo 11 de diciembre se celebrar\u00e1 la 7\u00aa y \u00faltima ronda de este campeonato, con varios enfrentamientos decisivos que definir\u00e1n los primeros clasificados. Todom\u00f3vil Talavera &#8211; Bargas A, en la mesa 1, y Bargas B &#8211; Nuestro Ajedrez en Europa A, son los emparejamientos que<\/span>&nbsp;<\/span><\/p>\n<table align=\"center\" cellpadding=\"0\" cellspacing=\"0\" class=\"tr-caption-container\" style=\"float: left;margin-right: 1em;text-align: left\">\n<tbody>\n<tr>\n<td style=\"text-align: center\"><a href=\"https:\/\/www.bfv.cloud\/ajedrezeuropa\/wp-content\/uploads\/2016\/12\/SAM_3210.jpg\" style=\"clear: left;margin-bottom: 1em;margin-left: auto;margin-right: auto\"><img decoding=\"async\" border=\"0\" height=\"280\" src=\"https:\/\/blogger.googleusercontent.com\/img\/b\/R29vZ2xl\/AVvXsEg2HJDAkOZx120gJDSzwdpX4hFJgme4mVtB52XEn96jllcTQCfhoOhuyiKA3Aa4Kdtzd6uqVUsQvQOaIJV62AqbQUxZXYXTcHZFB7YIXY6DRYCM5vuPXu5sFMuPSmKS04yghCIc4toEHWA\/s400\/SAM_3210.JPG\" width=\"400\" \/><\/a><\/td>\n<\/tr>\n<tr>\n<td class=\"tr-caption\" style=\"text-align: center\">\u00abLA IGUALDAD\u00bb &#8211; C jugando en el Campeonato de Promoci\u00f3n<\/td>\n<\/tr>\n<\/tbody>\n<\/table>\n<p>&nbsp;<span style=\"color: #660000;, sans-serif;font-size: large\">permitir\u00e1n conocer a los dos ganadores de esta edici\u00f3n, teniendo al vencedor del duelo en la mesa 3 entre Nuestro Ajedrez Europa B y Coordinadora A, al probable tercer clasificado. En la mesa 5, Yebel vs Nuestro Ajedrez por la Igualdad B, decidir\u00e1 el 9\u00ba clasificado.&nbsp;<\/span><\/p>\n<table cellpadding=\"0\" cellspacing=\"0\" class=\"tr-caption-container\" style=\"float: left;margin-right: 1em;text-align: left\">\n<tbody>\n<tr>\n<td style=\"text-align: center\"><a href=\"https:\/\/www.bfv.cloud\/ajedrezeuropa\/wp-content\/uploads\/2016\/12\/SAM_3211.jpg\" style=\"clear: left;margin-bottom: 1em;margin-left: auto;margin-right: auto\"><img loading=\"lazy\" decoding=\"async\" border=\"0\" height=\"247\" src=\"https:\/\/blogger.googleusercontent.com\/img\/b\/R29vZ2xl\/AVvXsEjonZzNsq7W49t8DKzcCP41WZx0sOfPKSuJ5q8OHmAKsA415YdJCK1NiHXqHM7PDhl0Gj8uEyRw-KUpU7auXpz_rTtnytFBJgdyN_-1Gntqd-28PMsycBHcvEtsMO1g1m1bb4pHV0OjxPI\/s400\/SAM_3211.JPG\" width=\"400\" \/><\/a><\/td>\n<\/tr>\n<tr>\n<td class=\"tr-caption\" style=\"text-align: center\">\u00abEUROPA\u00bb &#8211; C est\u00e1 afrontando el Campeonato de Promoci\u00f3n con<br \/>\nuna mezcla entre la experiencia y la iniciaci\u00f3n en la competici\u00f3n<br \/>\nde algunos de sus jugadores<\/td>\n<\/tr>\n<\/tbody>\n<\/table>\n<p><span style=\", sans-serif;font-size: large\">El torneo de Promoci\u00f3n Deportiva vivir\u00e1 el mismo 11 de diciembre su 5\u00aa y 6\u00aa ronda final, con los equipos C de nuestros dos clubes luchando por situarse entre los 5 mejores. La finalidad l\u00fadica y, en principio, menos competitiva de este torneo ha hecho posible que cerca de una decena de jugadores de las escuelas de Alc\u00e1zar y Villafranca tengan su primera experiencia en una competici\u00f3n por equipos.<\/span><\/p>\n<table cellpadding=\"0\" cellspacing=\"0\" class=\"tr-caption-container\" style=\"float: right;margin-left: 1em;text-align: right\">\n<tbody>\n<tr>\n<td style=\"text-align: center\"><a href=\"https:\/\/www.bfv.cloud\/ajedrezeuropa\/wp-content\/uploads\/2016\/12\/SAM_3208.jpg\" style=\"clear: right;margin-bottom: 1em;margin-left: auto;margin-right: auto\"><img loading=\"lazy\" decoding=\"async\" border=\"0\" height=\"225\" src=\"https:\/\/blogger.googleusercontent.com\/img\/b\/R29vZ2xl\/AVvXsEhNN98ukErJkchuuwUuEiYXFuLXy5o2YGc_91gWE5WgFN87AZoaPpwU3xhxY-EQhoQ5Z_TeWlscg9444gKzAqmf0Z1oYY8WoyjODlVwkw6-vdGIfsUcL8l9U5HffH__-c94dLv7FePhYfU\/s400\/SAM_3208.JPG\" width=\"400\" \/><\/a><\/td>\n<\/tr>\n<tr>\n<td class=\"tr-caption\" style=\"text-align: center\">NUESTRO AJEDREZ POR LA IGUALDAD &#8211; A, van a situarse en le<br \/>\nmejor posici\u00f3n de todas sus participaciones<\/td>\n<\/tr>\n<\/tbody>\n<\/table>\n<p><span style=\"color: #660000;, sans-serif;font-size: large\">Regresando al campeonato de 1\u00aa divisi\u00f3n, debemos manifestar nuestra satisfacci\u00f3n por mantener a 3 de nuestros 4 equipos con serias posibilidades de entrar en la clasificaci\u00f3n final en el ranking de los 5 primeros puestos. Aqu\u00ed podr\u00e9is seguir los resultados y ver la clasificaci\u00f3n final de ambos torneos:<\/span><br \/>\n<span style=\"color: #660000;, sans-serif;font-size: large\"><br \/><\/span><\/p>\n<div style=\"text-align: center\">\n<span style=\"color: #660000;, sans-serif\"><span style=\"font-size: x-large\"><a href=\"https:\/\/info64.org\/team\/campeonato-provincial-equipos-toledo-2017\/standings\">CAMPEONATO POR EQUIPOS TOLEDO 1\u00aa DIVISI\u00d3N<\/a><\/span><\/span><\/div>\n<div style=\"text-align: center\">\n<span style=\"color: #660000;, sans-serif\"><br \/><\/span><\/div>\n<div style=\"text-align: center\">\n<\/div>\n<div style=\"text-align: center\">\n<span style=\"color: #660000;, sans-serif;font-size: large\"><br \/><\/span><\/div>\n<table cellpadding=\"0\" cellspacing=\"0\" class=\"tr-caption-container\" style=\"float: right;margin-left: 1em;text-align: right\">\n<tbody>\n<tr>\n<td style=\"text-align: center\"><a href=\"https:\/\/www.bfv.cloud\/ajedrezeuropa\/wp-content\/uploads\/2016\/12\/SAM_3216.jpg\" style=\"clear: right;margin-bottom: 1em;margin-left: auto;margin-right: auto\"><img loading=\"lazy\" decoding=\"async\" border=\"0\" height=\"300\" src=\"https:\/\/blogger.googleusercontent.com\/img\/b\/R29vZ2xl\/AVvXsEj6piB8U10CSToiJoscwVqCZttS4vysL8uLNlRxLKFOON65ImyJOEoXQb-Ms9jhBfKsElcbCvMqpFr-7whOZdjAbcFa64yEPKXvenb6rU6WZDnhpxD7ETP8kaEScWNTcFyGKSQFqsCf574\/s400\/SAM_3216.JPG\" width=\"400\" \/><\/a><\/td>\n<\/tr>\n<tr>\n<td class=\"tr-caption\" style=\"text-align: center\">NUESTRO AJEDREZ EN EUROPA-A:<br \/>\n\u00a1\u00a1YA SON SUBCAMPEONES!! y podr\u00edan ser campeones por tercer a\u00f1o<br \/>\nconsecutivo de darse un par de resultados favorables<\/td>\n<\/tr>\n<\/tbody>\n<\/table>\n<h3>\n<span style=\"color: #38761d;, sans-serif;font-size: large\"><u>Campeonato de Espa\u00f1a por Equipos sub-18 y sub-12<\/u><\/span><\/h3>\n<p><span style=\"color: #38761d;, sans-serif;font-size: large\">Recordamos a nuestros seguidores y amigos que a partir de este s\u00e1bado 3 de diciembre, nuestros equipos de j\u00f3venes afrontar\u00e1n la competici\u00f3n m\u00e1s exigente por equipos que actualmente existe en el calendario espa\u00f1ol: el Campeonato de Espa\u00f1a por Equipos sub-18 y sub-12,con record de participaci\u00f3n 26 y 25 equipos inscritos, respectivamente. Desde esta p\u00e1gina haremos un seguimiento del desarrollo del campeonato.&nbsp;<\/span><br \/>\n<span style=\"color: #38761d;, sans-serif;font-size: large\">Para seguir los resultados y los emparejamientos ronda a ronda pincha aqu\u00ed:<\/span><\/p>\n<div style=\"text-align: center\">\n<span style=\"color: #38761d;, sans-serif\"><a href=\"https:\/\/info64.org\/team\/ix-campeonato-de-espana-por-equipos-gran-hotel-bali\"><span style=\"font-size: x-large\">CAMPEONATO ESPA\u00d1A EQUIPOS SUB-12<\/span><\/a><\/span><\/div>\n<div style=\"text-align: center\">\n<span style=\"font-size: x-large\"><br \/><\/span><\/div>\n<div style=\"text-align: center\">\n<a href=\"https:\/\/info64.org\/team\/ix-campeonato-de-espana-por-equipos-sub-18-gran-hotel-bali\"><span style=\"color: #990000;font-size: x-large\">CAMPEONATO ESPA\u00d1A EQUIPOS SUB-18<\/span><\/a><\/div>\n","protected":false},"excerpt":{"rendered":"<p>El equipo de NUESTRO AJEDREZ POR LA IGUALDAD &#8211; B NUESTRO AJEDREZ EN EUROPA &#8211; B puede acceder a la 3\u00aa plaza si le favorecen los resultados en la \u00faltima ronda &nbsp;El domingo pasado se disputaba en Toledo la 3\u00aa jornada del Campeonato Provincial por Equipos. Los resultados han permitido que la lista de candidatos [&hellip;]<\/p>\n","protected":false},"author":1,"featured_media":1476,"comment_status":"open","ping_status":"closed","sticky":false,"template":"","format":"standard","meta":{"footnotes":""},"categories":[1],"tags":[],"class_list":["post-1475","post","type-post","status-publish","format-standard","has-post-thumbnail","hentry","category-noticias"],"_links":{"self":[{"href":"https:\/\/www.bfv.cloud\/ajedrezeuropa\/wp-json\/wp\/v2\/posts\/1475","targetHints":{"allow":["GET"]}}],"collection":[{"href":"https:\/\/www.bfv.cloud\/ajedrezeuropa\/wp-json\/wp\/v2\/posts"}],"about":[{"href":"https:\/\/www.bfv.cloud\/ajedrezeuropa\/wp-json\/wp\/v2\/types\/post"}],"author":[{"embeddable":true,"href":"https:\/\/www.bfv.cloud\/ajedrezeuropa\/wp-json\/wp\/v2\/users\/1"}],"replies":[{"embeddable":true,"href":"https:\/\/www.bfv.cloud\/ajedrezeuropa\/wp-json\/wp\/v2\/comments?post=1475"}],"version-history":[{"count":1,"href":"https:\/\/www.bfv.cloud\/ajedrezeuropa\/wp-json\/wp\/v2\/posts\/1475\/revisions"}],"predecessor-version":[{"id":1482,"href":"https:\/\/www.bfv.cloud\/ajedrezeuropa\/wp-json\/wp\/v2\/posts\/1475\/revisions\/1482"}],"wp:featuredmedia":[{"embeddable":true,"href":"https:\/\/www.bfv.cloud\/ajedrezeuropa\/wp-json\/wp\/v2\/media\/1476"}],"wp:attachment":[{"href":"https:\/\/www.bfv.cloud\/ajedrezeuropa\/wp-json\/wp\/v2\/media?parent=1475"}],"wp:term":[{"taxonomy":"category","embeddable":true,"href":"https:\/\/www.bfv.cloud\/ajedrezeuropa\/wp-json\/wp\/v2\/categories?post=1475"},{"taxonomy":"post_tag","embeddable":true,"href":"https:\/\/www.bfv.cloud\/ajedrezeuropa\/wp-json\/wp\/v2\/tags?post=1475"}],"curies":[{"name":"wp","href":"https:\/\/api.w.org\/{rel}","templated":true}]}}