{"id":1488,"date":"2017-08-22T09:04:00","date_gmt":"2017-08-22T09:04:00","guid":{"rendered":"https:\/\/www.bfv.cloud\/ajedrezeuropa\/index.php\/2017\/08\/22\/el-regional-por-equipos-relampago-contara-con-4-equipos-de-nuestro-ajedrez\/"},"modified":"2025-11-20T10:33:02","modified_gmt":"2025-11-20T10:33:02","slug":"el-regional-por-equipos-relampago-contara-con-4-equipos-de-nuestro-ajedrez","status":"publish","type":"post","link":"https:\/\/www.bfv.cloud\/ajedrezeuropa\/el-regional-por-equipos-relampago-contara-con-4-equipos-de-nuestro-ajedrez\/","title":{"rendered":"EL REGIONAL POR EQUIPOS REL\u00c1MPAGO CONTAR\u00c1 CON 4 EQUIPOS DE NUESTRO AJEDREZ"},"content":{"rendered":"<div class=\"separator\" style=\"clear: both;text-align: center\">\n<a href=\"https:\/\/www.bfv.cloud\/ajedrezeuropa\/wp-content\/uploads\/2017\/08\/CARTEL_RelampagoCTMEquipos.png\" style=\"clear: right;float: right;margin-bottom: 1em;margin-left: 1em\"><img fetchpriority=\"high\" decoding=\"async\" border=\"0\" data-original-height=\"1600\" data-original-width=\"1190\" height=\"400\" src=\"https:\/\/blogger.googleusercontent.com\/img\/b\/R29vZ2xl\/AVvXsEjXzx-FSsLoOKxxcqbAtRdGWOMVFmIgvKdryM1jOA8C_IKOoXr-v9WZLlaSHRhfb8oP2lOwAK2LFTVaFpFGEg9a2dF97JZweMbpbiLVCb5TjbNZ3Cttk4owG6fEGBKL6NMHFX8j9r_XVB8\/s400\/CARTEL_RelampagoCTMEquipos.png\" width=\"296\" \/><\/a><\/div>\n<p><span style=\"font-family: Verdana, sans-serif;font-size: large\">El Campeonato Regional por Equipos de Ajedrez Rel\u00e1mpago contar\u00e1 con la participaci\u00f3n de 4 equipos de los clubes Nuestro Ajedrez en Europa y Nuestro Ajedrez por la Igualdad.&nbsp;<\/span><br \/>\n<span style=\"font-family: Verdana, sans-serif;font-size: large\">Ser\u00e1 este s\u00e1bado en Tomelloso cuando, por primera vez en Castilla-La Mancha, se celebrar\u00e1 esta competici\u00f3n de \u00e1mbito regional con la esperada asistencia de muchos clubes de un nivel muy fuerte entre sus jugadores.&nbsp;<\/span><br \/>\n<span style=\"font-family: Verdana, sans-serif;font-size: large\">El orden de fuerza de las 4 formaciones con las que disputaremos este campeonato son:<\/span><br \/>\n<span style=\"font-family: Verdana, sans-serif;font-size: large\"><br \/><\/span><br \/>\n<span style=\"font-family: Verdana, sans-serif;font-size: large\"><br \/><\/span><\/p>\n<div style=\"text-align: center\">\n<span style=\"font-family: Verdana, sans-serif;font-size: large\"><i><u>NUESTRO AJEDREZ EN EUROPA &#8211; A<\/u><\/i><\/span><\/div>\n<div style=\"text-align: center\">\n<span style=\"font-family: Verdana, sans-serif;font-size: large\"><b>Santiago Talavera Garc\u00eda<\/b><\/span><\/div>\n<div style=\"text-align: center\">\n<span style=\"font-family: Verdana, sans-serif;font-size: large\"><b>Javier Valdepe\u00f1as Octavio<\/b><\/span><\/div>\n<div style=\"text-align: center\">\n<span style=\"font-family: Verdana, sans-serif;font-size: large\"><b>Roberto L\u00f3pez N\u00fa\u00f1ez<\/b><\/span><\/div>\n<div style=\"text-align: center\">\n<span style=\"font-family: Verdana, sans-serif;font-size: large\"><b>Jos\u00e9 \u00c1ngel Vela Horcajada<\/b><\/span><\/div>\n<div style=\"text-align: center\">\n<span style=\"font-family: Verdana, sans-serif;font-size: large\"><b><br \/><\/b><\/span><\/div>\n<div style=\"text-align: center\">\n<span style=\"font-family: Verdana, sans-serif;font-size: large\"><i><u>NUESTRO AJEDREZ POR LA IGUALDAD &#8211; A<\/u><\/i><\/span><\/div>\n<div style=\"text-align: center\">\n<span style=\"font-family: Verdana, sans-serif;font-size: large\"><b>Luis Miguel Monreal Bejarano<\/b><\/span><\/div>\n<div style=\"text-align: center\">\n<span style=\"font-family: Verdana, sans-serif;font-size: large\"><b>Alonso L\u00f3pez N\u00fa\u00f1ez<\/b><\/span><\/div>\n<div style=\"text-align: center\">\n<span style=\"font-family: Verdana, sans-serif;font-size: large\"><b>Roberto Yeghiazaryan Petrosyan<\/b><\/span><\/div>\n<div style=\"text-align: center\">\n<span style=\"font-family: Verdana, sans-serif;font-size: large\"><b>Enrique Velasco Aragon\u00e9s<\/b><\/span><\/div>\n<div style=\"text-align: center\">\n<span style=\"font-family: Verdana, sans-serif;font-size: large\"><b>Carlos P\u00e9rez Manzanedo<\/b><\/span><\/div>\n<div style=\"text-align: center\">\n<span style=\"font-family: Verdana, sans-serif;font-size: large\"><b>Isabel Marcos-Alberca Lizcano<\/b><\/span><\/div>\n<div style=\"text-align: center\">\n<span style=\"font-family: Verdana, sans-serif;font-size: large\"><b><br \/><\/b><\/span><\/div>\n<div style=\"text-align: center\">\n<span style=\"font-family: Verdana, sans-serif;font-size: large\"><i><u>NUESTRO AJEDREZ EN EUROPA &#8211; B<\/u><\/i><\/span><\/div>\n<div style=\"text-align: center\">\n<span style=\"font-family: Verdana, sans-serif;font-size: large\"><b>Jes\u00fas M\u00aa Bricio Garc\u00eda de la Torre<\/b><\/span><\/div>\n<div style=\"text-align: center\">\n<span style=\"font-family: Verdana, sans-serif;font-size: large\"><b>Arturo Mate Mart\u00edn<\/b><\/span><\/div>\n<div style=\"text-align: center\">\n<span style=\"font-family: Verdana, sans-serif;font-size: large\"><b>Silvia Toribio Camu\u00f1as<\/b><\/span><\/div>\n<div style=\"text-align: center\">\n<span style=\"font-family: Verdana, sans-serif;font-size: large\"><b>Julio M\u00e9rida Ortiz<\/b><\/span><\/div>\n<div style=\"text-align: center\">\n<span style=\"font-family: Verdana, sans-serif;font-size: large\"><b><br \/><\/b><\/span><\/div>\n<div style=\"text-align: center\">\n<span style=\"font-family: Verdana, sans-serif;font-size: large\"><i><u>NUESTRO AJEDREZ POR LA IGUALDAD &#8211; B<\/u><\/i><\/span><\/div>\n<div style=\"text-align: center\">\n<span style=\"font-family: Verdana, sans-serif;font-size: large\"><b>Pablo Vela Adri\u00e1n<\/b><\/span><\/div>\n<div style=\"text-align: center\">\n<span style=\"font-family: Verdana, sans-serif;font-size: large\"><b>Clara Vela Adri\u00e1n<\/b><\/span><\/div>\n<div style=\"text-align: center\">\n<span style=\"font-family: Verdana, sans-serif;font-size: large\"><b>Arsenio L\u00f3pez Ochoa<\/b><\/span><\/div>\n<div style=\"text-align: center\">\n<span style=\"font-family: Verdana, sans-serif;font-size: large\"><b>Adri\u00e1n Alhambra Rubio<\/b><\/span><\/div>\n<div style=\"text-align: center\">\n<span style=\"font-family: Verdana, sans-serif;font-size: large\"><b>Marta Vela Adri\u00e1n<\/b><\/span><\/div>\n<div style=\"text-align: center\">\n<span style=\"font-family: Verdana, sans-serif;font-size: large\"><b>\u00c1ngel Javier Pozos Marchante<\/b><\/span><\/div>\n<div style=\"text-align: center\">\n<span style=\"font-family: Verdana, sans-serif;font-size: large\"><b><br \/><\/b><\/span><\/div>\n<div style=\"text-align: left\">\n<span style=\"font-family: Verdana, sans-serif;font-size: large\">\u00a1\u00a1Buen torneo a todos!!<\/span><\/div>\n","protected":false},"excerpt":{"rendered":"<p>El Campeonato Regional por Equipos de Ajedrez Rel\u00e1mpago contar\u00e1 con la participaci\u00f3n de 4 equipos de los clubes Nuestro Ajedrez en Europa y Nuestro Ajedrez por la Igualdad.&nbsp; Ser\u00e1 este s\u00e1bado en Tomelloso cuando, por primera vez en Castilla-La Mancha, se celebrar\u00e1 esta competici\u00f3n de \u00e1mbito regional con la esperada asistencia de muchos clubes de [&hellip;]<\/p>\n","protected":false},"author":1,"featured_media":1489,"comment_status":"open","ping_status":"closed","sticky":false,"template":"","format":"standard","meta":{"footnotes":""},"categories":[1],"tags":[],"class_list":["post-1488","post","type-post","status-publish","format-standard","has-post-thumbnail","hentry","category-noticias"],"_links":{"self":[{"href":"https:\/\/www.bfv.cloud\/ajedrezeuropa\/wp-json\/wp\/v2\/posts\/1488","targetHints":{"allow":["GET"]}}],"collection":[{"href":"https:\/\/www.bfv.cloud\/ajedrezeuropa\/wp-json\/wp\/v2\/posts"}],"about":[{"href":"https:\/\/www.bfv.cloud\/ajedrezeuropa\/wp-json\/wp\/v2\/types\/post"}],"author":[{"embeddable":true,"href":"https:\/\/www.bfv.cloud\/ajedrezeuropa\/wp-json\/wp\/v2\/users\/1"}],"replies":[{"embeddable":true,"href":"https:\/\/www.bfv.cloud\/ajedrezeuropa\/wp-json\/wp\/v2\/comments?post=1488"}],"version-history":[{"count":1,"href":"https:\/\/www.bfv.cloud\/ajedrezeuropa\/wp-json\/wp\/v2\/posts\/1488\/revisions"}],"predecessor-version":[{"id":1490,"href":"https:\/\/www.bfv.cloud\/ajedrezeuropa\/wp-json\/wp\/v2\/posts\/1488\/revisions\/1490"}],"wp:featuredmedia":[{"embeddable":true,"href":"https:\/\/www.bfv.cloud\/ajedrezeuropa\/wp-json\/wp\/v2\/media\/1489"}],"wp:attachment":[{"href":"https:\/\/www.bfv.cloud\/ajedrezeuropa\/wp-json\/wp\/v2\/media?parent=1488"}],"wp:term":[{"taxonomy":"category","embeddable":true,"href":"https:\/\/www.bfv.cloud\/ajedrezeuropa\/wp-json\/wp\/v2\/categories?post=1488"},{"taxonomy":"post_tag","embeddable":true,"href":"https:\/\/www.bfv.cloud\/ajedrezeuropa\/wp-json\/wp\/v2\/tags?post=1488"}],"curies":[{"name":"wp","href":"https:\/\/api.w.org\/{rel}","templated":true}]}}