{"id":1491,"date":"2018-06-20T10:03:00","date_gmt":"2018-06-20T10:03:00","guid":{"rendered":"https:\/\/www.bfv.cloud\/ajedrezeuropa\/index.php\/2018\/06\/20\/subcampeones-juveniles-y-sub-12-de-toledo-por-equipos\/"},"modified":"2025-11-20T10:33:11","modified_gmt":"2025-11-20T10:33:11","slug":"subcampeones-juveniles-y-sub-12-de-toledo-por-equipos","status":"publish","type":"post","link":"https:\/\/www.bfv.cloud\/ajedrezeuropa\/subcampeones-juveniles-y-sub-12-de-toledo-por-equipos\/","title":{"rendered":"SUBCAMPEONES JUVENILES Y SUB-12 DE TOLEDO POR EQUIPOS"},"content":{"rendered":"<table align=\"center\" cellpadding=\"0\" cellspacing=\"0\" class=\"tr-caption-container\" style=\"margin-left: auto;margin-right: auto;text-align: center\">\n<tbody>\n<tr>\n<td style=\"text-align: center\"><a href=\"https:\/\/www.bfv.cloud\/ajedrezeuropa\/wp-content\/uploads\/2018\/06\/EUROPA252BIGUALDAD.jpg\" style=\"margin-left: auto;margin-right: auto\"><img fetchpriority=\"high\" decoding=\"async\" border=\"0\" data-original-height=\"397\" data-original-width=\"800\" height=\"312\" src=\"https:\/\/blogger.googleusercontent.com\/img\/b\/R29vZ2xl\/AVvXsEhbRjDAA5sY89Gu3iK8EolL9gnmG0ypwVuifznQMgxsSlSyp3I_s0r1N15Ukf7x6oymvzyl2mFHWPz8LSydGPrZVGHQC7qiKAaFwYXzsJJbeC_0bOtIG4rm5OfMBeTkEc-tJacoo4poFFk\/s640\/EUROPA%252BIGUALDAD.jpg\" width=\"640\" \/><\/a><\/td>\n<\/tr>\n<tr>\n<td class=\"tr-caption\" style=\"text-align: center\">Los 27 participantes de nuestros clubes en es este provincial por equipos<\/td>\n<\/tr>\n<\/tbody>\n<\/table>\n<p><span style=\", sans-serif;font-size: large\"><b>El pasado domingo se disput\u00f3 el Campeonato Provincial por Equipos de Toledo en las categor\u00edas sub-18 y sub-12 a ritmo de partidas r\u00e1pidas. En representaci\u00f3n de los clubes del proyecto participaron 6 equipos, 3 juveniles y otros tantos sub-12, con un total de 27 jugadores.<\/b><\/span><br \/>\n<span style=\", sans-serif;font-size: large\"><b>El hotel El Cigarral del Alba acogi\u00f3 esta edici\u00f3n que supuso una nueva oportunidad para tener una jornada de encuentro entre chicos y chicas de nuestras escuelas desde 10 a 18 a\u00f1os de edad. Muchas familias tambi\u00e9n quisieron compartir este d\u00eda de competici\u00f3n junto a sus hij@s, pudiendo vivir y disfrutar desde cerca la pasi\u00f3n por el ajedrez.<\/p>\n<table cellpadding=\"0\" cellspacing=\"0\" class=\"tr-caption-container\" style=\"float: right;margin-left: 1em;text-align: right\">\n<tbody>\n<tr>\n<td style=\"text-align: center\"><a href=\"https:\/\/www.bfv.cloud\/ajedrezeuropa\/wp-content\/uploads\/2018\/06\/EUROPAS18.jpg\" style=\"clear: right;margin-bottom: 1em;margin-left: auto;margin-right: auto\"><img decoding=\"async\" border=\"0\" data-original-height=\"567\" data-original-width=\"867\" height=\"258\" src=\"https:\/\/blogger.googleusercontent.com\/img\/b\/R29vZ2xl\/AVvXsEiiSG1k96n7xNm3bIA21jpn_mXmngzVtibhsFi7ANcsQqNCcEUN8fPsimObAUXEjkoIfamK9srg3SQ5fvpY2nNyEJ3ZhmXWsqXhpgpAUg_9zfPJAOFMRd_o6zsA0kT5I6mI3tz19ik4vtg\/s400\/EUROPA+S18.jpg\" width=\"400\" \/><\/a><\/td>\n<\/tr>\n<tr>\n<td class=\"tr-caption\" style=\"text-align: center\">Nuestro Ajedrez en Europa estuvo formado por Roberto<br \/>\nYeghiazaryan, Irene Sim\u00f3n, Roberto L\u00f3pez y<br \/>\nAlfredo Amador<\/td>\n<\/tr>\n<\/tbody>\n<\/table>\n<p><\/b><\/span><br \/>\n<span style=\", sans-serif;font-size: large\"><b><br \/><\/b><\/span><br \/>\n<span style=\"color: blue;, sans-serif;font-size: large\"><b><i><u>Plata y bronce en la categor\u00eda juvenil<\/u><\/i><\/b><\/span><\/p>\n<table cellpadding=\"0\" cellspacing=\"0\" class=\"tr-caption-container\" style=\"float: left;margin-right: 1em;text-align: left\">\n<tbody>\n<tr>\n<td style=\"text-align: center\"><a href=\"https:\/\/www.bfv.cloud\/ajedrezeuropa\/wp-content\/uploads\/2018\/06\/IGUALDADS18.jpg\" style=\"clear: left;margin-bottom: 1em;margin-left: auto;margin-right: auto\"><img decoding=\"async\" border=\"0\" data-original-height=\"822\" data-original-width=\"866\" height=\"379\" src=\"https:\/\/blogger.googleusercontent.com\/img\/b\/R29vZ2xl\/AVvXsEiN6UfkcItiPmdUNylgQuM0cGWfzv7lIllx_EL-322YqjMjbRpNDWJaCBdfpd506eNRpBcandCD2UpUfr3v7eHCgpwGTVxPaaUKGiDUs6cTu9f_S1zlYoscx2KmQee1BsEEgNw7okbgwkw\/s400\/IGUALDAD+S18.jpg\" width=\"400\" \/><\/a><\/td>\n<\/tr>\n<tr>\n<td class=\"tr-caption\" style=\"text-align: center\">Nuestro Ajedrez por la Igualdad-A cont\u00f3 con Enrique Velasco,<br \/>\nIsabel Marcos-Alberca, Mar\u00eda Oliver y Arsenio L\u00f3pez<\/td>\n<\/tr>\n<\/tbody>\n<\/table>\n<p><span style=\", sans-serif;font-size: large\"><b>Mientras una de las formaciones de Nuestro Ajedrez por la Igualdad ocupaba la 3\u00aa plaza en la clasificaci\u00f3n final, la de Nuestro Ajedrez en Europa finalizaba en la 2\u00aa posici\u00f3n tras 5 rondas muy intensas con algunos enfrentamientos donde todas las partidas se decidieron en los apuros de tiempo. Por su parte, Igualdad B, quedada en 5\u00aa posici\u00f3n.<\/b><\/span><br \/>\n<span style=\", sans-serif;font-size: large\"><b><br \/><\/b><\/span><br \/>\n<span style=\"color: blue;, sans-serif;font-size: large\"><b><i><u>Un sub-12 muy igualado nos deja en la 2\u00aa posici\u00f3n<\/u><\/i><\/b><\/span><br \/>\n<span style=\", sans-serif;font-size: large\"><b>En la categor\u00eda sub-12, los m\u00e1s j\u00f3venes jugadores de nuestras escuelas demostraron que, en esta temporada por equipos que ahora comienza, pueden alcanzar cualquier objetivo.<\/p>\n<table align=\"center\" cellpadding=\"0\" cellspacing=\"0\" class=\"tr-caption-container\" style=\"margin-left: auto;margin-right: auto;text-align: center\">\n<tbody>\n<tr>\n<td style=\"text-align: center\"><a href=\"https:\/\/www.bfv.cloud\/ajedrezeuropa\/wp-content\/uploads\/2018\/06\/IGUALDADS12.jpg\" style=\"margin-left: auto;margin-right: auto\"><img loading=\"lazy\" decoding=\"async\" border=\"0\" data-original-height=\"185\" data-original-width=\"386\" height=\"306\" src=\"https:\/\/blogger.googleusercontent.com\/img\/b\/R29vZ2xl\/AVvXsEjZOhGSBAz7iQODmDCI852OGatEMG7GQp2LYA1Kvt5qUqYrJZ1jho12ZjvNfhu_qfachBcTJhie-vv7IXmnyjIkDhEwdy-qJgg-Aw_mQ8Qms-7N8pr5enNL9X41yddB4tKrBWIeJF3xXVE\/s640\/IGUALDAD+S12.jpg\" width=\"640\" \/><\/a><\/td>\n<\/tr>\n<tr>\n<td class=\"tr-caption\" style=\"text-align: center\">Los sub-12 de Nuestro Ajedrez por la Igualdad-A: \u00c1ngel Collado, Alonso L\u00f3pez,<br \/>\n\u00c1ngel Javier Pozos, Gabriel Amador y Carlos P\u00e9rez<\/td>\n<\/tr>\n<\/tbody>\n<\/table>\n<p>Nuestro Ajedrez por la Igualdad-A estuvo luchando por el campeonato hasta la ronda final, y aunque hubo que conformarse con la plata, los 5 chicos que forman este equipo tienen ganas para afrontar los retos m\u00e1s complicados que se puedan presentar en 2018.<\/b><\/span><br \/>\n<b><span style=\", sans-serif;font-size: large\">Los otros 2 equipos con los que competimos, formados por chic@s con menor experiencia, quedaron en 5\u00aa y 6\u00aa plaza.&nbsp;<\/span><\/b><\/p>\n<table align=\"center\" cellpadding=\"0\" cellspacing=\"0\" class=\"tr-caption-container\" style=\"margin-left: auto;margin-right: auto;text-align: center\">\n<tbody>\n<tr>\n<td style=\"text-align: center\"><a href=\"https:\/\/www.bfv.cloud\/ajedrezeuropa\/wp-content\/uploads\/2018\/06\/GRUPOJUGADORES.jpg\" style=\"margin-left: auto;margin-right: auto\"><img loading=\"lazy\" decoding=\"async\" border=\"0\" data-original-height=\"662\" data-original-width=\"1274\" height=\"330\" src=\"https:\/\/blogger.googleusercontent.com\/img\/b\/R29vZ2xl\/AVvXsEiIGwAE2mJLjKBsOhL2pPFYgp6ALKlcfYBH1pxOb4DodjfzRTL9zyp-0y_gGY1l4p1ocapq9-DxN6KYPfHUbL8yQjI3rMsk1P30H9SnGJzhVxzqbW0rWS98lYdy2-d_0NuA6CUob3NgjnY\/s640\/GRUPO+JUGADORES.jpg\" width=\"640\" \/><\/a><\/td>\n<\/tr>\n<tr>\n<td class=\"tr-caption\" style=\"text-align: center\">Los premiados con sus trofeos y medallas<\/td>\n<\/tr>\n<\/tbody>\n<\/table>\n<div style=\"text-align: center\">\n<span style=\"color: #660000;, sans-serif;font-size: large\"><i><u><b>Encuentro de escuelas de Toledo y Ciudad Real<\/b><\/u><\/i><\/span><\/div>\n<table cellpadding=\"0\" cellspacing=\"0\" class=\"tr-caption-container\" style=\"float: left;margin-right: 1em;text-align: left\">\n<tbody>\n<tr>\n<td style=\"text-align: center\"><a href=\"https:\/\/www.bfv.cloud\/ajedrezeuropa\/wp-content\/uploads\/2018\/06\/IMG_20180616_171321_resized_20180618_014736255.jpg\" style=\"clear: left;margin-bottom: 1em;margin-left: auto;margin-right: auto\"><img loading=\"lazy\" decoding=\"async\" border=\"0\" data-original-height=\"584\" data-original-width=\"845\" height=\"276\" src=\"https:\/\/blogger.googleusercontent.com\/img\/b\/R29vZ2xl\/AVvXsEjCbuehVQZcsr40v6wBqUzSvEx38UdIi5Frkn40Oc9key3ZwETafsCy0yqLskP7ABzvBvJoo21IbwgorIs7l6z4hJb9JS7Utd_GtO5g4E75lN_DBQ7vAbvPlES3gaEpxi4n3Tx2TqZZfFU\/s400\/IMG_20180616_171321_resized_20180618_014736255.jpg\" width=\"400\" \/><\/a><\/td>\n<\/tr>\n<tr>\n<td class=\"tr-caption\" style=\"text-align: center\">El alcalde de La Puebla de Almoradiel, Alberto Tostado, visit\u00f3 el encuentro<\/td>\n<\/tr>\n<\/tbody>\n<\/table>\n<table cellpadding=\"0\" cellspacing=\"0\" class=\"tr-caption-container\" style=\"float: right;text-align: center\">\n<tbody>\n<tr>\n<td style=\"text-align: center\"><a href=\"https:\/\/www.bfv.cloud\/ajedrezeuropa\/wp-content\/uploads\/2018\/06\/IMG_20180616_171357_resized_20180618_014735366.jpg\" style=\"margin-left: auto;margin-right: auto\"><img loading=\"lazy\" decoding=\"async\" border=\"0\" data-original-height=\"389\" data-original-width=\"987\" height=\"156\" src=\"https:\/\/blogger.googleusercontent.com\/img\/b\/R29vZ2xl\/AVvXsEij0f34oVX_ais7OFRxCb_l2jjFJ8D15PtHDWzj-OA8npEQo6YOlFYRCe2lriFIsbsQ0n-19xOS3XRpgeCXU_x0sTc6Pm8h6Jpas7GjwWTfbagBeOHeb2aXkPlrWgR82VlYwdB6dlP7TiI\/s400\/IMG_20180616_171357_resized_20180618_014735366.jpg\" width=\"400\" \/><\/a><\/td>\n<\/tr>\n<tr>\n<td class=\"tr-caption\" style=\"text-align: center\">Una vista parcial del sal\u00f3n de actos de la casa de la cultura de Villafranca<\/td>\n<\/tr>\n<\/tbody>\n<\/table>\n<p><b><span style=\"color: #660000\"><span style=\"font-size: large\"><span style=\", sans-serif\">El s\u00e1bado anterior al Campeonato por Equipos de Toledo, en la casa de la cultura de Villafranca, se realiz\u00f3 el encuentro interescuelas que reuni\u00f3 a l@s alumn@s de Alc\u00e1zar de San Juan, Herencia, La Puebla de Almoradiel, Quintanar de la Orden, Villaca\u00f1as y Villafranca de los Caballeros.&nbsp;<\/span><\/span><\/span><\/b><br \/>\n<b><span style=\"color: #660000\"><span style=\"font-size: large\"><span style=\", sans-serif\"><br \/><\/span><\/span><\/span><\/b><br \/>\n<\/p>\n<table cellpadding=\"0\" cellspacing=\"0\" class=\"tr-caption-container\" style=\"float: right;text-align: right\">\n<tbody>\n<tr>\n<td style=\"text-align: center\"><a href=\"https:\/\/www.bfv.cloud\/ajedrezeuropa\/wp-content\/uploads\/2018\/06\/IMG_20180616_171331_resized_20180618_014735019.jpg\" style=\"clear: left;margin-bottom: 1em;margin-left: auto;margin-right: auto\"><img loading=\"lazy\" decoding=\"async\" border=\"0\" data-original-height=\"631\" data-original-width=\"622\" height=\"400\" src=\"https:\/\/blogger.googleusercontent.com\/img\/b\/R29vZ2xl\/AVvXsEgb3Cqd6FC2hWb_rAtG0dPn-pausMctTJ-d-KMHC65JZh8K4kZvdxQCoGpynV-WoI00DSWYopbo6Fpe86-l50W5gFaUqB7dXSJncOFsFJnkLcddALzegfjD1VgnwYVNa_lKlRh4F8mdcqU\/s400\/IMG_20180616_171331_resized_20180618_014735019.jpg\" width=\"393\" \/><\/a><\/td>\n<\/tr>\n<tr>\n<td class=\"tr-caption\" style=\"text-align: center\">El alcalde de Villafranca charla con uno de los alumnos<br \/>\nparticipantes<\/td>\n<\/tr>\n<\/tbody>\n<\/table>\n<p><b><span style=\"color: #660000;, sans-serif;font-size: large\">Cerca de 50 ajedrecistas participaban en un entrenamiento por equipos ante la presencia de familiares y autoridades de las poblaciones participantes. De esta forma, el alcalde de Villafranca, Juli\u00e1n Bola\u00f1os; el alcalde de La Puebla de Almoradiel, Alberto Tostado; y los concejales de deportes de Quintanar de la Orden, Jes\u00fas Mariano Villena, y el de la localidad anfitriona, Emilio Alberca, pudieron presenciar esta actividad programada por primera vez coincidiendo con el final de temporada de las escuelas deportivas municipales.<\/p>\n<table align=\"center\" cellpadding=\"0\" cellspacing=\"0\" class=\"tr-caption-container\" style=\"margin-left: auto;margin-right: auto;text-align: center\">\n<tbody>\n<tr>\n<td style=\"text-align: center\"><a href=\"https:\/\/www.bfv.cloud\/ajedrezeuropa\/wp-content\/uploads\/2018\/06\/IMG_20180616_191011.jpg\" style=\"margin-left: auto;margin-right: auto\"><img loading=\"lazy\" decoding=\"async\" border=\"0\" data-original-height=\"1092\" data-original-width=\"1600\" height=\"432\" src=\"https:\/\/blogger.googleusercontent.com\/img\/b\/R29vZ2xl\/AVvXsEgnwe73WUIHkcnJElNH7rcZKqrRI3rZyeRQ7eaOLFalbBGwdVY2XHcFGqIH2x1tZ7C9Vh4RKrA3fa7Ygiryk56mZBkPrGg5roe-Yi3Idua4ggN1oExpYHFRSgBbHHUIDA0CNL6la1Z1JEo\/s640\/IMG_20180616_191011.jpg\" width=\"640\" \/><\/a><\/td>\n<\/tr>\n<tr>\n<td class=\"tr-caption\" style=\"text-align: center\">El concejal de Juventud y Deportes de Quintanar de la Orden junto a los responsables de las<br \/>\nescuelas deportivas de ajedrez que han estado en el Encuentro<\/td>\n<\/tr>\n<\/tbody>\n<\/table>\n<p><\/span><\/b><\/p>\n","protected":false},"excerpt":{"rendered":"<p>Los 27 participantes de nuestros clubes en es este provincial por equipos El pasado domingo se disput\u00f3 el Campeonato Provincial por Equipos de Toledo en las categor\u00edas sub-18 y sub-12 a ritmo de partidas r\u00e1pidas. En representaci\u00f3n de los clubes del proyecto participaron 6 equipos, 3 juveniles y otros tantos sub-12, con un total de [&hellip;]<\/p>\n","protected":false},"author":1,"featured_media":1492,"comment_status":"open","ping_status":"closed","sticky":false,"template":"","format":"standard","meta":{"footnotes":""},"categories":[1],"tags":[],"class_list":["post-1491","post","type-post","status-publish","format-standard","has-post-thumbnail","hentry","category-noticias"],"_links":{"self":[{"href":"https:\/\/www.bfv.cloud\/ajedrezeuropa\/wp-json\/wp\/v2\/posts\/1491","targetHints":{"allow":["GET"]}}],"collection":[{"href":"https:\/\/www.bfv.cloud\/ajedrezeuropa\/wp-json\/wp\/v2\/posts"}],"about":[{"href":"https:\/\/www.bfv.cloud\/ajedrezeuropa\/wp-json\/wp\/v2\/types\/post"}],"author":[{"embeddable":true,"href":"https:\/\/www.bfv.cloud\/ajedrezeuropa\/wp-json\/wp\/v2\/users\/1"}],"replies":[{"embeddable":true,"href":"https:\/\/www.bfv.cloud\/ajedrezeuropa\/wp-json\/wp\/v2\/comments?post=1491"}],"version-history":[{"count":1,"href":"https:\/\/www.bfv.cloud\/ajedrezeuropa\/wp-json\/wp\/v2\/posts\/1491\/revisions"}],"predecessor-version":[{"id":1501,"href":"https:\/\/www.bfv.cloud\/ajedrezeuropa\/wp-json\/wp\/v2\/posts\/1491\/revisions\/1501"}],"wp:featuredmedia":[{"embeddable":true,"href":"https:\/\/www.bfv.cloud\/ajedrezeuropa\/wp-json\/wp\/v2\/media\/1492"}],"wp:attachment":[{"href":"https:\/\/www.bfv.cloud\/ajedrezeuropa\/wp-json\/wp\/v2\/media?parent=1491"}],"wp:term":[{"taxonomy":"category","embeddable":true,"href":"https:\/\/www.bfv.cloud\/ajedrezeuropa\/wp-json\/wp\/v2\/categories?post=1491"},{"taxonomy":"post_tag","embeddable":true,"href":"https:\/\/www.bfv.cloud\/ajedrezeuropa\/wp-json\/wp\/v2\/tags?post=1491"}],"curies":[{"name":"wp","href":"https:\/\/api.w.org\/{rel}","templated":true}]}}