{"id":150,"date":"2011-05-17T17:50:00","date_gmt":"2011-05-17T17:50:00","guid":{"rendered":"https:\/\/www.bfv.cloud\/ajedrezeuropa\/index.php\/2011\/05\/17\/resena-de-resultados-de-nuestros-jugadores\/"},"modified":"2025-11-20T10:13:56","modified_gmt":"2025-11-20T10:13:56","slug":"resena-de-resultados-de-nuestros-jugadores","status":"publish","type":"post","link":"https:\/\/www.bfv.cloud\/ajedrezeuropa\/resena-de-resultados-de-nuestros-jugadores\/","title":{"rendered":"RESE\u00d1A DE RESULTADOS DE NUESTROS JUGADORES"},"content":{"rendered":"<p>\ufeff\ufeff\ufeff\ufeff\ufeff \ufeff\ufeff <\/p>\n<table cellpadding=\"0\" cellspacing=\"0\" class=\"tr-caption-container\" style=\"margin-left: auto;margin-right: auto;text-align: center\">\n<tbody>\n<tr>\n<td style=\"text-align: center\"><a href=\"https:\/\/www.bfv.cloud\/ajedrezeuropa\/wp-content\/uploads\/2011\/05\/CLASEDEANTONIO.jpg\" style=\"clear: left;margin-bottom: 1em;margin-left: auto;margin-right: auto\"><img decoding=\"async\" border=\"0\" height=\"300px\" src=\"https:\/\/blogger.googleusercontent.com\/img\/b\/R29vZ2xl\/AVvXsEgaQJLoq04jJiCrhbUgrY1Q4aI9uWWk2aWFNFYP5gv-6OBe4c4k8ygeotNh8rX6Uv-c71zS4LOM5XziXa_rx6YbJ9qNLtdtXeC_BCpIk0I5ifTfe4xTMNqj4ULvuvxo1USYQMl3RVmY9b0\/s400\/CLASE+DE+ANTONIO.jpg\" width=\"400px\" \/><\/a><\/td>\n<\/tr>\n<tr>\n<td class=\"tr-caption\" style=\"text-align: center\">Iv\u00e1n, con gafas y camiseta verde oscura,<br \/>\n&nbsp;en una foto del campus de verano de 2010<\/td>\n<\/tr>\n<\/tbody>\n<\/table>\n<p>\ufeff\ufeff\ufeff\ufeff\ufeff\ufeff\ufeff <\/p>\n<div class=\"separator\" style=\"clear: both;text-align: center\"><em>En las dos \u00faltimas semanas han acabado algunos campeonatos y torneos en los que han participado jugadores de nuestras escuelas y clubes. <\/em><\/div>\n<div class=\"separator\" style=\"clear: both;text-align: center\"><em>Empezaremos por se\u00f1alar la sobresaliente actuaci\u00f3n de Iv\u00e1n Valencia de Loma en el prestigioso Torneo del Colegio Mirabal de Madrid, donde alcanz\u00f3 la 10\u00aa&nbsp; posici\u00f3n de la categor\u00eda sub-10 ante una participaci\u00f3n de un centenar de jugadores llegados de diversas comunidades de Espa\u00f1a. <\/em><\/div>\n<div class=\"separator\" style=\"clear: both;text-align: center\"><em>Tambi\u00e9n se ha disputado en Almagro&nbsp;el Campeonato Provincial Absoluto de Ciudad Real, que ha contado con la presencia de Jos\u00e9 \u00c1ngel Vela Horcajada y Leo de Giorgi Benavent, finalizando ambos con 3 puntos en un total de 6 rondas, obteniendo la 13\u00aa&nbsp; y 16\u00aa posici\u00f3n, respectivamente, en la clasificaci\u00f3n final. De este campeonato hay que destacar la victoria de Jos\u00e9 \u00c1ngel sobre Eduardo L\u00f3pez Quevedo lo que le ha llevado a ganar 41 puntos en su valoraci\u00f3n de elo FIDE. <\/em><\/div>\n<div class=\"separator\" style=\"clear: both;text-align: center\"><em>Por \u00faltimo, hablaremos del Campeonato de Espa\u00f1a Universitario celebrado la semana pasada en Alicante, en el que jugaron, representando a sus universidades, Jos\u00e9 Mar\u00eda Pastrana por la&nbsp;UCLM y Antonio Albo por la de Alcal\u00e1 de Henares. Este&nbsp;Universitario es sin duda una de las pruebas de mayor nivel de la temporada nacional, reuniendo a cerca de 150 jugadores con 124 de ellos&nbsp;disponiendo de&nbsp;valoraci\u00f3n internacional y 24 titulados FIDE.&nbsp;A pesar de ello, el ritmo de juego de 40 minutos por jugador con 5 segundos de incremento no parece el m\u00e1s adecuado para una competici\u00f3n de esta importancia. Al margen de esta peculiar caracter\u00edstica, los 4,5 puntos conseguidos por Jos\u00e9 Mar\u00eda&nbsp;le sirvierton para mejorar notablemente su ranking inicial, quedando como el 4\u00ba mejor tablero de la universiadad castellano-manchega, que finalmente alcanzar\u00eda la 3\u00aa plaza en la clasificaci\u00f3n por equipos. Por su parte, Antonio, logr\u00f3 3 puntos y jug\u00f3 muy condicionado por un ritmo demasiado r\u00e1pido para sus cualidades ajedrec\u00edsticas.<\/em><\/div>\n<div class=\"separator\" style=\"clear: both;text-align: center\"><em>Solamente queremos felicitar a todos ellos por su esfuerzo y tenacidad, as\u00ed como desearles que sigan mejorando en su magn\u00edfica afici\u00f3n.<\/em><\/div>\n<div class=\"separator\" style=\"clear: both;text-align: center\">\n<\/div>\n","protected":false},"excerpt":{"rendered":"<p>\ufeff\ufeff\ufeff\ufeff\ufeff \ufeff\ufeff Iv\u00e1n, con gafas y camiseta verde oscura, &nbsp;en una foto del campus de verano de 2010 \ufeff\ufeff\ufeff\ufeff\ufeff\ufeff\ufeff En las dos \u00faltimas semanas han acabado algunos campeonatos y torneos en los que han participado jugadores de nuestras escuelas y clubes. Empezaremos por se\u00f1alar la sobresaliente actuaci\u00f3n de Iv\u00e1n Valencia de Loma en el prestigioso [&hellip;]<\/p>\n","protected":false},"author":1,"featured_media":151,"comment_status":"open","ping_status":"closed","sticky":false,"template":"","format":"standard","meta":{"footnotes":""},"categories":[1],"tags":[],"class_list":["post-150","post","type-post","status-publish","format-standard","has-post-thumbnail","hentry","category-noticias"],"_links":{"self":[{"href":"https:\/\/www.bfv.cloud\/ajedrezeuropa\/wp-json\/wp\/v2\/posts\/150","targetHints":{"allow":["GET"]}}],"collection":[{"href":"https:\/\/www.bfv.cloud\/ajedrezeuropa\/wp-json\/wp\/v2\/posts"}],"about":[{"href":"https:\/\/www.bfv.cloud\/ajedrezeuropa\/wp-json\/wp\/v2\/types\/post"}],"author":[{"embeddable":true,"href":"https:\/\/www.bfv.cloud\/ajedrezeuropa\/wp-json\/wp\/v2\/users\/1"}],"replies":[{"embeddable":true,"href":"https:\/\/www.bfv.cloud\/ajedrezeuropa\/wp-json\/wp\/v2\/comments?post=150"}],"version-history":[{"count":1,"href":"https:\/\/www.bfv.cloud\/ajedrezeuropa\/wp-json\/wp\/v2\/posts\/150\/revisions"}],"predecessor-version":[{"id":152,"href":"https:\/\/www.bfv.cloud\/ajedrezeuropa\/wp-json\/wp\/v2\/posts\/150\/revisions\/152"}],"wp:featuredmedia":[{"embeddable":true,"href":"https:\/\/www.bfv.cloud\/ajedrezeuropa\/wp-json\/wp\/v2\/media\/151"}],"wp:attachment":[{"href":"https:\/\/www.bfv.cloud\/ajedrezeuropa\/wp-json\/wp\/v2\/media?parent=150"}],"wp:term":[{"taxonomy":"category","embeddable":true,"href":"https:\/\/www.bfv.cloud\/ajedrezeuropa\/wp-json\/wp\/v2\/categories?post=150"},{"taxonomy":"post_tag","embeddable":true,"href":"https:\/\/www.bfv.cloud\/ajedrezeuropa\/wp-json\/wp\/v2\/tags?post=150"}],"curies":[{"name":"wp","href":"https:\/\/api.w.org\/{rel}","templated":true}]}}