{"id":1502,"date":"2011-02-14T21:26:00","date_gmt":"2011-02-14T21:26:00","guid":{"rendered":"https:\/\/www.bfv.cloud\/ajedrezeuropa\/index.php\/2011\/02\/14\/lideres-del-campeonato-absoluto-de-toledo-por-equipos\/"},"modified":"2025-11-20T10:33:18","modified_gmt":"2025-11-20T10:33:18","slug":"lideres-del-campeonato-absoluto-de-toledo-por-equipos","status":"publish","type":"post","link":"https:\/\/www.bfv.cloud\/ajedrezeuropa\/lideres-del-campeonato-absoluto-de-toledo-por-equipos\/","title":{"rendered":"L\u00cdDERES DEL CAMPEONATO ABSOLUTO DE TOLEDO POR EQUIPOS"},"content":{"rendered":"<p>\ufeff \ufeff\ufeff\ufeff\ufeff\ufeff\ufeff\ufeff\ufeff\ufeff\ufeff\ufeff\ufeff\ufeff\ufeff\ufeff \ufeff&nbsp;\ufeff\ufeff\ufeff\ufeff\ufeff\ufeff\ufeff\ufeff\ufeff\ufeff\ufeff \ufeff\ufeff\ufeff\ufeff\ufeff <\/p>\n<table align=\"center\" cellpadding=\"0\" cellspacing=\"0\" class=\"tr-caption-container\" style=\"margin-left: auto;margin-right: auto;text-align: center\">\n<tbody>\n<tr>\n<td style=\"text-align: center\"><a href=\"https:\/\/www.bfv.cloud\/ajedrezeuropa\/wp-content\/uploads\/2011\/02\/PROVINCIALEQUIPOSABSTOLEDO014.jpg\" style=\"clear: left;margin-bottom: 1em;margin-left: auto;margin-right: auto\"><img fetchpriority=\"high\" decoding=\"async\" border=\"0\" height=\"300\" src=\"https:\/\/blogger.googleusercontent.com\/img\/b\/R29vZ2xl\/AVvXsEg7xdkUgBZlM061kU9twHmZ6sEa3JvXbtj55Zt3e7Fx-YYFmCqalbZE6DB1PJ8Y0et_c7jjzuU0ce5yGn_1NCJHEvetefrXX5Tr1tW-cWFDuhnHqrbr7OraFtQ85v7UQmOrGeOBqYGUVb4\/s400\/PROVINCIAL+EQUIPOS+ABS+TOLEDO+014.jpg\" width=\"400\" \/><\/a><\/td>\n<\/tr>\n<tr>\n<td class=\"tr-caption\" style=\"text-align: center\">Ronda 2: El suizo empareja a<br \/>\nNuestro Ajedrez por la Igualdad A con Nuestro Ajedrez en Europa A<\/td>\n<\/tr>\n<\/tbody>\n<\/table>\n<div style=\"border-bottom: medium none;border-left: medium none;border-right: medium none;border-top: medium none\">\ufeff\ufeff\ufeff\ufeff\ufeff\ufeff \ufeff\ufeff&nbsp;&nbsp;&nbsp;<span style=\"font-family: Verdana, sans-serif\">Siguiendo con el disparatado calendario oficial de competiciones que nos han obsequiado&nbsp;para 2011 los federativos de nuestra regi\u00f3n, ayer&nbsp;daba inicio en Toledo el Campeonato Absoluto por Equipos de Club que se desarrollar\u00e1&nbsp;los pr\u00f3ximos domingos 27 de febrero y&nbsp;6 de marzo (en sesiones de ma\u00f1ana y tarde), para finalizar el 13 de marzo en ronda \u00fanica de ma\u00f1ana. 21 jugadores y 3 jugadoras forman parte de los 4 equipos con los que estamos representados en esta competici\u00f3n (de un total de 16), sin duda alguna la de mayor nivel ajedrec\u00edstico de todas las celebradas en la&nbsp;provincia anualmente. Nuestro Ajedrez en Europa \u00abA\u00bb es el vigente subcampe\u00f3n provincial de 2010, liderando&nbsp;ahora&nbsp;tras las 2 rondas celebradas la clasificaci\u00f3n provisional junto al club de Oca\u00f1a, que ser\u00e1 su pr\u00f3ximo rival.&nbsp;El aliciente principal de este&nbsp;torneo es el de poder medirse con los mejores jugadores&nbsp;toledanos, y de otras provincias lim\u00edtrofes, que encuadrados dentro de grandes equipos como el de Talavera; de otros con una gran tradici\u00f3n ajedrec\u00edstica como Oca\u00f1a&nbsp;y&nbsp;Sonseca; de nuevos clubes con j\u00f3venes e ilusionados aficionados como&nbsp;A\u00f1over y&nbsp;Navalmorales; o de clubes con ajedrecistas tan prometedores como Bargas o tan experimentados como&nbsp;Toledo,&nbsp;disputan su clasificaci\u00f3n para la final&nbsp;castellano-manchega&nbsp;con enfrentamientos a 4 tableros.&nbsp;En nuestro caso se a\u00f1ade un objetivo de igual importancia al ya citado:&nbsp;preparar adecuadamente a nuestros alumnos y alumnas del grado avanzado para la alta competici\u00f3n, poniendo en juego sus conocimientos y concentraci\u00f3n en&nbsp;el \u00fanico torneo de partidas lentas, con m\u00e1s de 6 rondas, que se celebra en el calendario provincial.<\/span><\/div>\n<div style=\"border-bottom: medium none;border-left: medium none;border-right: medium none;border-top: medium none\"><span style=\"font-family: Verdana, sans-serif\">Para todos nosotros es una satisfacci\u00f3n&nbsp;contar con la mayor presencia de todos los clubes de Toledo, tanto en n\u00famero de participantes (24) como en n\u00famero de equipos (2 por parte del club \u00abNuestro Ajedrez en Europa\u00bb y otros 2 m\u00e1s por parte del club \u00abNuestro Ajedrez por la Igualdad\u00bb), aunque esto suponga un fuerte coste econ\u00f3mico para las finanzas del club y un esfuerzo personal para todos los padres y madres que acompa\u00f1an a sus hijos e hijas. 3 de estos&nbsp;equipos est\u00e1n integrados exclusivamente por&nbsp;componentes del proyecto y de las escuelas de Alc\u00e1zar y Villafranca de entre 20 y 11 a\u00f1os de edad, mientras el otro est\u00e1&nbsp;formado por antiguos alumnos y&nbsp;aficionados vinculados con el ajedrez, reforzado con la presencia de 2 chicos&nbsp;alcazare\u00f1os. A continuaci\u00f3n, detallamos junto&nbsp;a los nombres de los equipos y&nbsp;a sus&nbsp;integrantes, su puntuaci\u00f3n y lugar que ocupan en la clasificaci\u00f3n provisional despu\u00e9s de las 2 rondas&nbsp;ya jugadas:&nbsp;<\/span><\/div>\n<div class=\"separator\" style=\"clear: both;text-align: center\"><a href=\"https:\/\/www.bfv.cloud\/ajedrezeuropa\/wp-content\/uploads\/2011\/02\/PROVINCIALEQUIPOSABSTOLEDO005.jpg\" style=\"margin-left: 1em;margin-right: 1em\"><img decoding=\"async\" border=\"0\" height=\"72\" src=\"https:\/\/blogger.googleusercontent.com\/img\/b\/R29vZ2xl\/AVvXsEj7u2lQxAYTTu-fZPX_H_Gd6K2k4iYeVdbMbaZwtEwCGsZ8Xf4yum1-3QRfNbs_XP-pLZZBgxDDQhS9JLh4u6TzFOwEMLdkIdtas7s80IoZ6e068WG02z53ZCz0BS6Ma1DhgbJkRFb8fkM\/s400\/PROVINCIAL+EQUIPOS+ABS+TOLEDO+005.jpg\" style=\"left: 272px;opacity: 0.3;position: absolute;top: 924px\" width=\"96\" \/><\/a><\/div>\n<div style=\"border-bottom: medium none;border-left: medium none;border-right: medium none;border-top: medium none\"><span style=\"font-family: Verdana\"><strong>&#8211; <u>Nuestro Ajedrez en Europa \u00abA\u00bb:&nbsp;&nbsp;&nbsp;&nbsp;&nbsp; 7,5 puntos&nbsp;&nbsp;&nbsp;&nbsp;&nbsp;&nbsp; 1\u00ba clasificado<\/u><\/strong><\/span><strong><span style=\"font-family: Verdana\">&nbsp;<\/span><\/strong><\/div>\n<p><strong><span style=\"font-family: Verdana\">&nbsp;&nbsp;(Santiago Talavera, Daniel P\u00edriz, Luis Miguel Monreal, Jorge Sim\u00f3n, Jos\u00e9 M\u00aa Pastrana y Sergio Valencia)<\/span><\/strong>\ufeff\ufeff <\/p>\n<div style=\"border-bottom: medium none;border-left: medium none;border-right: medium none;border-top: medium none\"><strong><span style=\"font-family: Verdana\">&#8211; <u>Nuestro Ajedrez por la Igualdad \u00abA\u00bb:&nbsp;&nbsp;&nbsp;&nbsp;&nbsp; 4,5 puntos&nbsp;&nbsp;&nbsp;&nbsp;&nbsp; 8\u00ba clasificado<\/u><\/span><\/strong><\/div>\n<div style=\"border-bottom: medium none;border-left: medium none;border-right: medium none;border-top: medium none\"><strong><span style=\"font-family: Verdana\">&nbsp;(Daniel Salas, Manuel Lorenzo Marcos-Alberca, Cosimo de Giorgi, Antonio S\u00e1nchez-Beato, Silvia Toribio e Irene Sim\u00f3n)<\/span><\/strong>\ufeff\ufeff <\/div>\n<table align=\"center\" cellpadding=\"0\" cellspacing=\"0\" class=\"tr-caption-container\" style=\"margin-left: auto;margin-right: auto;text-align: center\">\n<tbody>\n<tr>\n<td style=\"text-align: center\">\n<div style=\"border-bottom: medium none;border-left: medium none;border-right: medium none;border-top: medium none\"><a href=\"https:\/\/www.bfv.cloud\/ajedrezeuropa\/wp-content\/uploads\/2011\/02\/PROVINCIALEQUIPOSABSTOLEDO005.jpg\" style=\"clear: right;height: 300px;margin-bottom: 1em;margin-left: auto;margin-right: auto;width: 400px\"><img decoding=\"async\" border=\"0\" height=\"300\" src=\"https:\/\/blogger.googleusercontent.com\/img\/b\/R29vZ2xl\/AVvXsEj7u2lQxAYTTu-fZPX_H_Gd6K2k4iYeVdbMbaZwtEwCGsZ8Xf4yum1-3QRfNbs_XP-pLZZBgxDDQhS9JLh4u6TzFOwEMLdkIdtas7s80IoZ6e068WG02z53ZCz0BS6Ma1DhgbJkRFb8fkM\/s400\/PROVINCIAL+EQUIPOS+ABS+TOLEDO+005.jpg\" width=\"400\" \/><\/a><\/div>\n<\/td>\n<\/tr>\n<tr>\n<td class=\"tr-caption\" style=\"text-align: center\">1 \u00aa ronda,&nbsp;los equipos A y B de Nuestro Ajedrez por la Igualdad se enfrentan<br \/>\nentre si.<\/td>\n<\/tr>\n<\/tbody>\n<\/table>\n<p>\ufeff\ufeff<strong><span style=\"font-family: Verdana\">&#8211; <u>Nuestro Ajedrez en Europa \u00abB\u00bb:&nbsp;&nbsp;&nbsp;&nbsp;&nbsp;3 puntos&nbsp;&nbsp;&nbsp;&nbsp;&nbsp;&nbsp;&nbsp;&nbsp;&nbsp;&nbsp; 12\u00ba clasificado<\/u>&nbsp;&nbsp; <\/span><\/strong><\/p>\n<div style=\"border-bottom: medium none;border-left: medium none;border-right: medium none;border-top: medium none\"><strong><span style=\"font-family: Verdana\">&nbsp;(Antonio Albo, Jos\u00e9 \u00c1ngel Vela, Carlos Romo, \u00c1ngel Toledo, Pedro Fern\u00e1ndez, Juan Jos\u00e9 Marchante y Javier Valdepe\u00f1as)<\/span><\/strong>\ufeff <\/div>\n<table align=\"center\" cellpadding=\"0\" cellspacing=\"0\" class=\"tr-caption-container\" style=\"margin-left: auto;margin-right: auto;text-align: left\">\n<tbody>\n<tr>\n<td style=\"text-align: center\">\n<div style=\"border-bottom: medium none;border-left: medium none;border-right: medium none;border-top: medium none\"><a href=\"https:\/\/www.bfv.cloud\/ajedrezeuropa\/wp-content\/uploads\/2011\/02\/PROVINCIALEQUIPOSABSTOLEDO003.jpg\" style=\"clear: left;margin-bottom: 1em;margin-left: auto;margin-right: auto\"><img loading=\"lazy\" decoding=\"async\" border=\"0\" height=\"300\" src=\"https:\/\/blogger.googleusercontent.com\/img\/b\/R29vZ2xl\/AVvXsEjefos3bTRpnAUXZq6iVjFct-fYH0MWtB0KbZ3KBP-uDMbn89qhza2JFD461C14Ynqb-MW5YI5iGVx7AoUp50omYDVYcSCnArKDW3QlPsYyK-0sp23PMmWTc5-AfcWkbdZ3Mv6YcPFjrxk\/s400\/PROVINCIAL+EQUIPOS+ABS+TOLEDO+003.jpg\" width=\"400\" \/><\/a><\/div>\n<\/td>\n<\/tr>\n<tr>\n<td class=\"tr-caption\" style=\"text-align: center\">\n<div style=\"border-bottom: medium none;border-left: medium none;border-right: medium none;border-top: medium none\">El \u00abB\u00bb de Nuestro Ajedrez en Europa frente al \u00abA\u00bb<\/div>\n<\/td>\n<\/tr>\n<\/tbody>\n<\/table>\n<p>\ufeff <strong><span style=\"font-family: Verdana\">&#8211; <u>Nuestro Ajedrez por la Igualdad \u00abB\u00bb:&nbsp;&nbsp;&nbsp;&nbsp;&nbsp;&nbsp;&nbsp;0,5 punto&nbsp;&nbsp;&nbsp;&nbsp;&nbsp; 16\u00ba clasificado<\/u><\/span><\/strong><br \/>\n\ufeff\ufeff \ufeff <br \/>\n\ufeff <\/p>\n<table cellpadding=\"0\" cellspacing=\"0\" class=\"tr-caption-container\" style=\"float: left;margin-right: 1em;text-align: left\">\n<tbody>\n<tr>\n<td style=\"border-bottom: medium none;border-left: medium none;border-right: medium none;border-top: medium none;text-align: center\">\n<div style=\"border-bottom: medium none;border-left: medium none;border-right: medium none;border-top: medium none\">\n<div style=\"border-bottom: medium none;border-left: medium none;border-right: medium none;border-top: medium none\"><a href=\"https:\/\/www.bfv.cloud\/ajedrezeuropa\/wp-content\/uploads\/2011\/02\/ANIBALBLANCAYBRICIO.jpg\" style=\"clear: right;height: 247px;margin-bottom: 1em;margin-left: auto;margin-right: auto;width: 339px\"><img loading=\"lazy\" decoding=\"async\" border=\"0\" height=\"260\" src=\"https:\/\/www.bfv.cloud\/ajedrezeuropa\/wp-content\/uploads\/2011\/02\/ANIBAL252CBLANCAYBRICIO.jpg\" width=\"400\" \/><\/a><\/div>\n<\/div>\n<\/td>\n<\/tr>\n<tr>\n<td class=\"tr-caption\" style=\"border-bottom: medium none;border-left: medium none;border-right: medium none;border-top: medium none;text-align: center\">\n<div style=\"border-bottom: medium none;border-left: medium none;border-right: medium none;border-top: medium none\">An\u00edbal, Blanca y Jes\u00fas Mar\u00eda<\/div>\n<\/td>\n<\/tr>\n<\/tbody>\n<\/table>\n<p>\ufeff \ufeff\ufeff\ufeff<br \/>\n\ufeff <\/p>\n<div style=\"border-bottom: medium none;border-left: medium none;border-right: medium none;border-top: medium none\">\n<div style=\"border-bottom: medium none;border-left: medium none;border-right: medium none;border-top: medium none\"><strong><span style=\"font-family: Verdana\">&nbsp;(An\u00edbal Pedraza, Blanca Y\u00e9benes, Jes\u00fas Mar\u00eda Bricio, Jos\u00e9 Luis D\u00edaz y Ra\u00fal D\u00edaz)<\/span><\/strong><\/div>\n<\/div>\n<div style=\"border-bottom: medium none;border-left: medium none;border-right: medium none;border-top: medium none\">\n<\/div>\n<div style=\"border-bottom: medium none;border-left: medium none;border-right: medium none;border-top: medium none\">\n<\/div>\n<div style=\"border-bottom: medium none;border-left: medium none;border-right: medium none;border-top: medium none\">\n<\/div>\n<div style=\"border-bottom: medium none;border-left: medium none;border-right: medium none;border-top: medium none\">\n<\/div>\n<div style=\"border-bottom: medium none;border-left: medium none;border-right: medium none;border-top: medium none\">\n<\/div>\n<div style=\"border-bottom: medium none;border-left: medium none;border-right: medium none;border-top: medium none\">\n<\/div>\n<div style=\"border-bottom: medium none;border-left: medium none;border-right: medium none;border-top: medium none\">\ufeff\ufeff <\/p>\n<div style=\"border-bottom: medium none;border-left: medium none;border-right: medium none;border-top: medium none\">\n<\/div>\n<\/div>\n<div style=\"border-bottom: medium none;border-left: medium none;border-right: medium none;border-top: medium none\">\n<div style=\"border-bottom: medium none;border-left: medium none;border-right: medium none;border-top: medium none;clear: both;text-align: center\"><span style=\"font-family: Verdana\"><em>Clasificaci\u00f3n y resultados en este enlace: <a href=\"http:\/\/chess-results.com\/tnr44451.aspx?lan=2\">http:\/\/chess-results.com\/tnr44451.aspx?lan=2<\/a><\/em><\/span><\/div>\n<\/div>\n<div style=\"border-bottom: medium none;border-left: medium none;border-right: medium none;border-top: medium none\">\ufeff\ufeff\ufeff\ufeff\ufeff\ufeff\ufeff\ufeff&nbsp;<\/div>\n","protected":false},"excerpt":{"rendered":"<p>\ufeff \ufeff\ufeff\ufeff\ufeff\ufeff\ufeff\ufeff\ufeff\ufeff\ufeff\ufeff\ufeff\ufeff\ufeff\ufeff \ufeff&nbsp;\ufeff\ufeff\ufeff\ufeff\ufeff\ufeff\ufeff\ufeff\ufeff\ufeff\ufeff \ufeff\ufeff\ufeff\ufeff\ufeff Ronda 2: El suizo empareja a Nuestro Ajedrez por la Igualdad A con Nuestro Ajedrez en Europa A \ufeff\ufeff\ufeff\ufeff\ufeff\ufeff \ufeff\ufeff&nbsp;&nbsp;&nbsp;Siguiendo con el disparatado calendario oficial de competiciones que nos han obsequiado&nbsp;para 2011 los federativos de nuestra regi\u00f3n, ayer&nbsp;daba inicio en Toledo el Campeonato Absoluto por Equipos de Club que se desarrollar\u00e1&nbsp;los [&hellip;]<\/p>\n","protected":false},"author":1,"featured_media":1503,"comment_status":"open","ping_status":"closed","sticky":false,"template":"","format":"standard","meta":{"footnotes":""},"categories":[1],"tags":[],"class_list":["post-1502","post","type-post","status-publish","format-standard","has-post-thumbnail","hentry","category-noticias"],"_links":{"self":[{"href":"https:\/\/www.bfv.cloud\/ajedrezeuropa\/wp-json\/wp\/v2\/posts\/1502","targetHints":{"allow":["GET"]}}],"collection":[{"href":"https:\/\/www.bfv.cloud\/ajedrezeuropa\/wp-json\/wp\/v2\/posts"}],"about":[{"href":"https:\/\/www.bfv.cloud\/ajedrezeuropa\/wp-json\/wp\/v2\/types\/post"}],"author":[{"embeddable":true,"href":"https:\/\/www.bfv.cloud\/ajedrezeuropa\/wp-json\/wp\/v2\/users\/1"}],"replies":[{"embeddable":true,"href":"https:\/\/www.bfv.cloud\/ajedrezeuropa\/wp-json\/wp\/v2\/comments?post=1502"}],"version-history":[{"count":1,"href":"https:\/\/www.bfv.cloud\/ajedrezeuropa\/wp-json\/wp\/v2\/posts\/1502\/revisions"}],"predecessor-version":[{"id":1508,"href":"https:\/\/www.bfv.cloud\/ajedrezeuropa\/wp-json\/wp\/v2\/posts\/1502\/revisions\/1508"}],"wp:featuredmedia":[{"embeddable":true,"href":"https:\/\/www.bfv.cloud\/ajedrezeuropa\/wp-json\/wp\/v2\/media\/1503"}],"wp:attachment":[{"href":"https:\/\/www.bfv.cloud\/ajedrezeuropa\/wp-json\/wp\/v2\/media?parent=1502"}],"wp:term":[{"taxonomy":"category","embeddable":true,"href":"https:\/\/www.bfv.cloud\/ajedrezeuropa\/wp-json\/wp\/v2\/categories?post=1502"},{"taxonomy":"post_tag","embeddable":true,"href":"https:\/\/www.bfv.cloud\/ajedrezeuropa\/wp-json\/wp\/v2\/tags?post=1502"}],"curies":[{"name":"wp","href":"https:\/\/api.w.org\/{rel}","templated":true}]}}