{"id":1509,"date":"2015-08-19T19:46:00","date_gmt":"2015-08-19T19:46:00","guid":{"rendered":"https:\/\/www.bfv.cloud\/ajedrezeuropa\/index.php\/2015\/08\/19\/nuestro-proyecto-colabora-con-una-iniciativa-solidaria-en-alcazar\/"},"modified":"2025-11-20T10:33:20","modified_gmt":"2025-11-20T10:33:20","slug":"nuestro-proyecto-colabora-con-una-iniciativa-solidaria-en-alcazar","status":"publish","type":"post","link":"https:\/\/www.bfv.cloud\/ajedrezeuropa\/nuestro-proyecto-colabora-con-una-iniciativa-solidaria-en-alcazar\/","title":{"rendered":"NUESTRO PROYECTO COLABORA CON UNA INICIATIVA SOLIDARIA EN ALC\u00c1ZAR"},"content":{"rendered":"<div class=\"separator\" style=\"clear: both;text-align: center\">\n<a href=\"https:\/\/www.bfv.cloud\/ajedrezeuropa\/wp-content\/uploads\/2015\/08\/IMG-20150819-WA000.jpg\" style=\"clear: left;float: left;margin-bottom: 1em;margin-right: 1em\"><img fetchpriority=\"high\" decoding=\"async\" border=\"0\" height=\"640\" src=\"https:\/\/blogger.googleusercontent.com\/img\/b\/R29vZ2xl\/AVvXsEhRUKjs2nZ5-LxrrpRP79xEYsHpEdlnL_sqynkKBMYg5X296r05J7HFs3uBUC2PpIfQSjHqM1yNtdt2Z1_C8EzbM2XVzqGxNH0YWjVDRIduhkLnxPai8qyItzEQhHqZQhrObKLeuqTJQ3o\/s640\/IMG-20150819-WA000.jpg\" width=\"356\" \/><\/a><\/div>\n<p><span style=\"font-family: Trebuchet MS, sans-serif\"><b>Este viernes 21 de agosto, frente al campo de f\u00fatbol B de Alc\u00e1zar, nuestro proyecto colaborar\u00e1 en la \u00abI JORNADA DEPORTIVA SOLIDARIA\u00bb para ayudar a Luis Eduardo Asensio, un joven de 26 a\u00f1os que siendo ni\u00f1o sufri\u00f3 un tipo de c\u00e1ncer \u00f3seo que le provoc\u00f3 la amputaci\u00f3n de su pierna izquierda. NUESTRO AJEDREZ EN EUROPA organizar\u00e1 una simult\u00e1nea, a partir de las 9,30 de la noche, donde intervendr\u00e1n los chicos y chicas de las escuelas de Alc\u00e1zar y Villafranca. Esta jornada cuenta con la colaboraci\u00f3n de un gran n\u00famero de organizaciones, colectivos y empresas de la ciudad de Alc\u00e1zar, adem\u00e1s de varios clubes deportivos que realizar\u00e1n las distintas actividades deportivas previstas durante la noche.<\/b><\/span><br \/>\n<span style=\"font-family: Trebuchet MS, sans-serif\"><b>\u00a1\u00a1ESPERAMOS VUESTRA PARTICIPACI\u00d3N!!&nbsp;<\/b><\/span><\/p>\n","protected":false},"excerpt":{"rendered":"<p>Este viernes 21 de agosto, frente al campo de f\u00fatbol B de Alc\u00e1zar, nuestro proyecto colaborar\u00e1 en la \u00abI JORNADA DEPORTIVA SOLIDARIA\u00bb para ayudar a Luis Eduardo Asensio, un joven de 26 a\u00f1os que siendo ni\u00f1o sufri\u00f3 un tipo de c\u00e1ncer \u00f3seo que le provoc\u00f3 la amputaci\u00f3n de su pierna izquierda. NUESTRO AJEDREZ EN EUROPA [&hellip;]<\/p>\n","protected":false},"author":1,"featured_media":1510,"comment_status":"open","ping_status":"closed","sticky":false,"template":"","format":"standard","meta":{"footnotes":""},"categories":[1],"tags":[],"class_list":["post-1509","post","type-post","status-publish","format-standard","has-post-thumbnail","hentry","category-noticias"],"_links":{"self":[{"href":"https:\/\/www.bfv.cloud\/ajedrezeuropa\/wp-json\/wp\/v2\/posts\/1509","targetHints":{"allow":["GET"]}}],"collection":[{"href":"https:\/\/www.bfv.cloud\/ajedrezeuropa\/wp-json\/wp\/v2\/posts"}],"about":[{"href":"https:\/\/www.bfv.cloud\/ajedrezeuropa\/wp-json\/wp\/v2\/types\/post"}],"author":[{"embeddable":true,"href":"https:\/\/www.bfv.cloud\/ajedrezeuropa\/wp-json\/wp\/v2\/users\/1"}],"replies":[{"embeddable":true,"href":"https:\/\/www.bfv.cloud\/ajedrezeuropa\/wp-json\/wp\/v2\/comments?post=1509"}],"version-history":[{"count":1,"href":"https:\/\/www.bfv.cloud\/ajedrezeuropa\/wp-json\/wp\/v2\/posts\/1509\/revisions"}],"predecessor-version":[{"id":1511,"href":"https:\/\/www.bfv.cloud\/ajedrezeuropa\/wp-json\/wp\/v2\/posts\/1509\/revisions\/1511"}],"wp:featuredmedia":[{"embeddable":true,"href":"https:\/\/www.bfv.cloud\/ajedrezeuropa\/wp-json\/wp\/v2\/media\/1510"}],"wp:attachment":[{"href":"https:\/\/www.bfv.cloud\/ajedrezeuropa\/wp-json\/wp\/v2\/media?parent=1509"}],"wp:term":[{"taxonomy":"category","embeddable":true,"href":"https:\/\/www.bfv.cloud\/ajedrezeuropa\/wp-json\/wp\/v2\/categories?post=1509"},{"taxonomy":"post_tag","embeddable":true,"href":"https:\/\/www.bfv.cloud\/ajedrezeuropa\/wp-json\/wp\/v2\/tags?post=1509"}],"curies":[{"name":"wp","href":"https:\/\/api.w.org\/{rel}","templated":true}]}}