{"id":1512,"date":"2017-06-15T18:46:00","date_gmt":"2017-06-15T18:46:00","guid":{"rendered":"https:\/\/www.bfv.cloud\/ajedrezeuropa\/index.php\/2017\/06\/15\/ha-comenzado-el-regional-por-equipos-en-albacete\/"},"modified":"2025-11-20T10:33:23","modified_gmt":"2025-11-20T10:33:23","slug":"ha-comenzado-el-regional-por-equipos-en-albacete","status":"publish","type":"post","link":"https:\/\/www.bfv.cloud\/ajedrezeuropa\/ha-comenzado-el-regional-por-equipos-en-albacete\/","title":{"rendered":"HA COMENZADO EL REGIONAL POR EQUIPOS EN ALBACETE"},"content":{"rendered":"<table align=\"center\" cellpadding=\"0\" cellspacing=\"0\" class=\"tr-caption-container\" style=\"margin-left: auto;margin-right: auto;text-align: center\">\n<tbody>\n<tr>\n<td style=\"text-align: center\"><a href=\"https:\/\/www.bfv.cloud\/ajedrezeuropa\/wp-content\/uploads\/2017\/06\/IMG-20170615-WA003.jpg\" style=\"margin-left: auto;margin-right: auto\"><img fetchpriority=\"high\" decoding=\"async\" border=\"0\" data-original-height=\"699\" data-original-width=\"1493\" height=\"298\" src=\"https:\/\/blogger.googleusercontent.com\/img\/b\/R29vZ2xl\/AVvXsEhv_-QV3KRUB1nNdzcEwc4njJd2elvg4YSLKxfF674LiW8K4vg7V-N9HrHgDnvGCs02XyjggdPgXG3pe84PnwA2nfYshuPSUeU68VEtC-YTbbmki5X947oWIRTrsOoOqOtrLHOt3mpA54s\/s640\/IMG-20170615-WA003.jpg\" width=\"640\" \/><\/a><\/td>\n<\/tr>\n<tr>\n<td class=\"tr-caption\" style=\"text-align: center\">Nuestro Ajedrez en Europa ante el tablero<\/td>\n<\/tr>\n<\/tbody>\n<\/table>\n<table cellpadding=\"0\" cellspacing=\"0\" class=\"tr-caption-container\" style=\"float: right;margin-left: 1em;text-align: right\">\n<tbody>\n<tr>\n<td style=\"text-align: center\"><a href=\"https:\/\/www.bfv.cloud\/ajedrezeuropa\/wp-content\/uploads\/2017\/06\/IMG-20170615-WA001.jpg\" style=\"clear: right;margin-bottom: 1em;margin-left: auto;margin-right: auto\"><img decoding=\"async\" border=\"0\" data-original-height=\"955\" data-original-width=\"1087\" height=\"351\" src=\"https:\/\/blogger.googleusercontent.com\/img\/b\/R29vZ2xl\/AVvXsEjsOf8nI08ysC7dsqmkCFGVaP59zCCeLiT5DW9zNQ5bBF_oWOgmlyCotBNQEjeW3OVJI21Xqs75l8GB2s3iYiB0qnn5BCOyhVXSbttCDymc1I1T2dnkGq-7R-RXSOeIeIG7FD0ow62AhEo\/s400\/IMG-20170615-WA001.jpg\" width=\"400\" \/><\/a><\/td>\n<\/tr>\n<tr>\n<td class=\"tr-caption\" style=\"text-align: center\">Javier, Daniel, Roberto y Alfredo en la 1\u00aa ronda de este regional<\/p>\n<\/td>\n<\/tr>\n<\/tbody>\n<\/table>\n<p><span style=\", sans-serif;font-size: large\">Esta tarde ha comenzado en el hotel Beatriz de Albacete el Campeonato de Castilla-La Mancha por Equipos de la m\u00e1xima categor\u00eda. Como la federaci\u00f3n regional sigue insistiendo en la celebraci\u00f3n de esta competici\u00f3n en las peores fechas posibles para la gran mayor\u00eda de nuestros jugadores (recordemos que son universitarios), acudimos con 4 integrantes del equipo sub-18 y con 2 miembros del absoluto de Nuestro Ajedrez en Europa. Estos 6 ajedrecistas son:<\/span><\/p>\n<div style=\"text-align: center\">\n<span style=\"color: blue;, sans-serif;font-size: large\">1.- Ana Isabel Gonz\u00e1lez Berruga<\/span><\/div>\n<div style=\"text-align: center\">\n<span style=\"color: blue;, sans-serif;font-size: large\">2.- Javier Valdepe\u00f1as Octavio (S-18)<\/span><\/div>\n<div style=\"text-align: center\">\n<span style=\"color: blue;, sans-serif;font-size: large\">3.- Daniel P\u00edriz Fern\u00e1ndez<\/span><\/div>\n<div style=\"text-align: center\">\n<span style=\"color: blue;, sans-serif;font-size: large\">4.- Roberto L\u00f3pez N\u00fa\u00f1ez (S-16)<\/span><\/div>\n<div style=\"text-align: center\">\n<span style=\"color: blue;, sans-serif;font-size: large\">5.- Alfredo Amador And\u00fajar (S-14)<\/span><\/div>\n<div style=\"text-align: center\">\n<span style=\"color: blue;, sans-serif;font-size: large\">6.- Irene Sim\u00f3n Escalona (S-18)<\/span><\/div>\n<div style=\"text-align: left\">\n<span style=\", sans-serif;font-size: large\">A pesar de la ausencia obligada de 3 de los jugadores m\u00e1s fuertes y experimentados de este equipo: <span style=\"color: blue\">Santiago Talavera, Isaac Lozano y Jorge Sim\u00f3n, <\/span>estamos convencidos de la magn\u00edfica labor de los que est\u00e1n.&nbsp;<\/span><br \/>\n<span style=\", sans-serif;font-size: large\">Recordemos que este campeonato auton\u00f3mico, que re\u00fane a los jugadores m\u00e1s destacados y es el de mayor nivel de Castilla-La Mancha, ha servido durante a\u00f1os para el aprendizaje y la formaci\u00f3n en competici\u00f3n de varias generaciones de j\u00f3venes jugadores de Nuestro Ajedrez en Europa.<\/span><br \/>\n<span style=\"font-family: verdana, sans-serif;font-size: large\">Este a\u00f1o son 11 los clubes participantes, partiendo el nuestro de la 10\u00aa posici\u00f3n del ranking inicial.<\/span><br \/>\n<span style=\", sans-serif;font-size: large\">Aqu\u00ed dejamos el enlace con Chess-Results para seguir los resultados de las rondas y las clasificaciones:<\/span><\/p>\n<div style=\"text-align: center\">\n<span style=\", sans-serif;font-size: large\"><a href=\"http:\/\/www.chess-results.com\/tnr283156.aspx?lan=2\">EMPAREJAMIENTOS Y RESULTADOS REGIONAL POR EQUIPOS ABSOLUTO<\/a><\/span><\/div>\n<\/div>\n","protected":false},"excerpt":{"rendered":"<p>Nuestro Ajedrez en Europa ante el tablero Javier, Daniel, Roberto y Alfredo en la 1\u00aa ronda de este regional Esta tarde ha comenzado en el hotel Beatriz de Albacete el Campeonato de Castilla-La Mancha por Equipos de la m\u00e1xima categor\u00eda. Como la federaci\u00f3n regional sigue insistiendo en la celebraci\u00f3n de esta competici\u00f3n en las peores [&hellip;]<\/p>\n","protected":false},"author":1,"featured_media":1513,"comment_status":"open","ping_status":"closed","sticky":false,"template":"","format":"standard","meta":{"footnotes":""},"categories":[1],"tags":[],"class_list":["post-1512","post","type-post","status-publish","format-standard","has-post-thumbnail","hentry","category-noticias"],"_links":{"self":[{"href":"https:\/\/www.bfv.cloud\/ajedrezeuropa\/wp-json\/wp\/v2\/posts\/1512","targetHints":{"allow":["GET"]}}],"collection":[{"href":"https:\/\/www.bfv.cloud\/ajedrezeuropa\/wp-json\/wp\/v2\/posts"}],"about":[{"href":"https:\/\/www.bfv.cloud\/ajedrezeuropa\/wp-json\/wp\/v2\/types\/post"}],"author":[{"embeddable":true,"href":"https:\/\/www.bfv.cloud\/ajedrezeuropa\/wp-json\/wp\/v2\/users\/1"}],"replies":[{"embeddable":true,"href":"https:\/\/www.bfv.cloud\/ajedrezeuropa\/wp-json\/wp\/v2\/comments?post=1512"}],"version-history":[{"count":1,"href":"https:\/\/www.bfv.cloud\/ajedrezeuropa\/wp-json\/wp\/v2\/posts\/1512\/revisions"}],"predecessor-version":[{"id":1515,"href":"https:\/\/www.bfv.cloud\/ajedrezeuropa\/wp-json\/wp\/v2\/posts\/1512\/revisions\/1515"}],"wp:featuredmedia":[{"embeddable":true,"href":"https:\/\/www.bfv.cloud\/ajedrezeuropa\/wp-json\/wp\/v2\/media\/1513"}],"wp:attachment":[{"href":"https:\/\/www.bfv.cloud\/ajedrezeuropa\/wp-json\/wp\/v2\/media?parent=1512"}],"wp:term":[{"taxonomy":"category","embeddable":true,"href":"https:\/\/www.bfv.cloud\/ajedrezeuropa\/wp-json\/wp\/v2\/categories?post=1512"},{"taxonomy":"post_tag","embeddable":true,"href":"https:\/\/www.bfv.cloud\/ajedrezeuropa\/wp-json\/wp\/v2\/tags?post=1512"}],"curies":[{"name":"wp","href":"https:\/\/api.w.org\/{rel}","templated":true}]}}