{"id":1516,"date":"2024-08-29T07:46:00","date_gmt":"2024-08-29T07:46:00","guid":{"rendered":"https:\/\/www.bfv.cloud\/ajedrezeuropa\/index.php\/2024\/08\/29\/celebrado-el-xxi-torneo-de-feria-de-alcazar-de-san-juan\/"},"modified":"2025-11-20T10:33:48","modified_gmt":"2025-11-20T10:33:48","slug":"celebrado-el-xxi-torneo-de-feria-de-alcazar-de-san-juan","status":"publish","type":"post","link":"https:\/\/www.bfv.cloud\/ajedrezeuropa\/celebrado-el-xxi-torneo-de-feria-de-alcazar-de-san-juan\/","title":{"rendered":"CELEBRADO EL XXI TORNEO DE FERIA DE ALC\u00c1ZAR DE SAN JUAN"},"content":{"rendered":"<\/p>\n<div class=\"separator\" style=\"clear: both;text-align: center\"><a href=\"https:\/\/www.bfv.cloud\/ajedrezeuropa\/wp-content\/uploads\/2024\/08\/ABS20EUROPA-scaled.jpeg\" style=\"margin-left: 1em;margin-right: 1em\"><img fetchpriority=\"high\" decoding=\"async\" border=\"0\" data-original-height=\"3456\" data-original-width=\"5184\" height=\"426\" src=\"https:\/\/blogger.googleusercontent.com\/img\/b\/R29vZ2xl\/AVvXsEi6C9NSJdG2C-1AgpeSRzveeaR9UUd1LkDpVnn6qlF3C_SSNuFYeYX3dyajjTOIdtO63MT2XpnzEtTUmYuyU9kJI2w-rMfXQrmhpj7-ygwRKLBxHMhBYYyLhPDMARUvh3OKsYvf38mEPdNzUFVK4Jx7dTxOwQ2EyIqgq_rUxE3aKt2hNOSpUH7LJsa9cIY\/w640-h426\/ABS%20EUROPA.jpeg\" width=\"640\" \/><\/a><\/div>\n<p>&nbsp;<span style=\"font-family: verdana;font-size: large\">El 25 de agosto se disput\u00f3 en el sal\u00f3n de actos de la sede de la Federaci\u00f3n de Baloncesto de Castilla-La Mancha en Alc\u00e1zar de San Juan el XXI Torneo de Feria. Cont\u00f3 con una participaci\u00f3n de 55 ajedrecistas, liderando el torneo absoluto el equipo de Nuestro Ajedrez en Europa y el equipo de Nuestro Ajedrez por la Igualdad el de categor\u00eda juvenil.&nbsp;<\/span><\/p>\n<p><span style=\"background-color: white;color: #333333\"><span style=\"font-family: verdana;font-size: large\">En cuanto a los resultados individuales, en el Torneo Absoluto esult\u00f3 vencedor \u00c1ngel Collado Alcolado del Club Nuestro Ajedrez en Europa, con 5,5 puntos, segundo fue Roberto L\u00f3pez N\u00fa\u00f1ez del club Nuestro Ajedrez en Europa con 5,5 puntos y tercero Jaime Vila Castillo del Club Nuestro Ajedrez por la Igualdad con 5 puntos.&nbsp;<\/span><\/span><\/p>\n<p><span style=\"background-color: white;color: #333333\"><\/span><\/p>\n<div class=\"separator\" style=\"clear: both;text-align: center\"><a href=\"https:\/\/www.bfv.cloud\/ajedrezeuropa\/wp-content\/uploads\/2024\/08\/SALA20DE20JUEGO-scaled.jpeg\" style=\"margin-left: 1em;margin-right: 1em\"><img decoding=\"async\" border=\"0\" data-original-height=\"3456\" data-original-width=\"5184\" height=\"426\" src=\"https:\/\/blogger.googleusercontent.com\/img\/b\/R29vZ2xl\/AVvXsEi4Pi2k5XNPossSQPaSC9N3nyYWnFYFbw7Pc2jwaLHDQbkBbbCDVXwQQLWT7gTL7JpXrdst-aRQFqiLFoy1hSnN0qndyvaCw4vnFyOUiZgeUDcqaeFqvPiNaRMTtspQUE5hif2SppAHQk-oRKBzaQgad9ex6JrbSdeS0NFCvdzQZC5Yvo7xHyprp_cELkY\/w640-h426\/SALA%20DE%20JUEGO.jpeg\" width=\"640\" \/><\/a><\/div>\n<p><span style=\"background-color: white;color: #333333;font-family: verdana;font-size: x-large\">En cuanto al Torneo Sub-18, los ganadores fueron: 1\u00ba Carlos Edmundo Morales Rodr\u00edguez del Club Nuestro Ajedrez por la Igualdad con 5,5 puntos, 2\u00ba Luis Arias Riveira del Club Nuestro Ajedrez en Europa con 5 puntos y 3\u00ba Unai Ortega Hern\u00e1ndez del Club Nuestro Ajedrez por la Igualdad con 4 puntos.<\/span><\/p>\n<\/p>\n<div class=\"separator\" style=\"clear: both;text-align: center\"><a href=\"https:\/\/www.bfv.cloud\/ajedrezeuropa\/wp-content\/uploads\/2024\/08\/ALCAZAR20AFIC20A-scaled.jpeg\" style=\"margin-left: 1em;margin-right: 1em\"><img decoding=\"async\" border=\"0\" data-original-height=\"3456\" data-original-width=\"5184\" height=\"426\" src=\"https:\/\/blogger.googleusercontent.com\/img\/b\/R29vZ2xl\/AVvXsEjEuR2NrzAHUeCOPFDNUId3sjijuA5TricSHKE08nuxbzGxOKbF7sKWCaRRHDBtY070_LbLk2G9WqWCcgAYduwBqRJ_DubAo1Kwb7v7nvot64WRPxwC5lulnAnhLdqV3bW4xd7Cxsu-qAGUC6OrEeC-YJnTYwZCBtEvTrElyoxYSNkt2rZvjP6CDVSMsX0\/w640-h426\/ALCAZAR%20AFIC%20A.jpeg\" width=\"640\" \/><\/a><\/div>\n<p><span style=\"background-color: white;color: #333333;font-family: verdana;font-size: x-large\">Agradecemos al Gabinete de Prensa del ayuntamiento de Alc\u00e1zar las fotograf\u00edas y a Constantino L\u00f3pez de \u00abCosas de Alc\u00e1zar\u00bb los comentarios del torneo.<\/span><\/p>\n<\/p>\n<div class=\"separator\" style=\"clear: both;text-align: center\"><a href=\"https:\/\/www.bfv.cloud\/ajedrezeuropa\/wp-content\/uploads\/2024\/08\/ABS20IGUALDAD-scaled.jpeg\" style=\"margin-left: 1em;margin-right: 1em\"><img loading=\"lazy\" decoding=\"async\" border=\"0\" data-original-height=\"3456\" data-original-width=\"5184\" height=\"426\" src=\"https:\/\/blogger.googleusercontent.com\/img\/b\/R29vZ2xl\/AVvXsEgsUvnDemWhyLynGslbdVtIt6j-TQxK2UxORWLbo9TQH-DvR001gC5hPLB3YArBze3RyLLWVoVTeqs2hsdpm7yebMGXpEOjCnZebDUQ7K5QZCMuBtNcDwGWJsXoDk7iZ-ARret8odYHDyeJg4bKV5JkLkG2lMJ8b_M7dQE8p8LlXi8_jcPZStxFFXZof5c\/w640-h426\/ABS%20IGUALDAD.jpeg\" width=\"640\" \/><\/a><\/div>\n<p><span style=\"background-color: white;color: #333333;font-family: verdana;font-size: x-large\"><b><u>El XVII campus de ajedrez finaliz\u00f3 en Villafranca con la mayor participaci\u00f3n de su historia<\/u><\/b><\/span><\/p>\n<p><span style=\"background-color: white;color: #333333;font-family: verdana;font-size: x-large\">El 10 de agosto finaliz\u00f3 la edici\u00f3n 17\u00aa del campus de verano. La participaci\u00f3n de 39 chicos y chicas de entre 5 y 18 a\u00f1os de edad que completaron los 6 d\u00edas de duraci\u00f3n supuso la mayor participaci\u00f3n de la historia.<\/span><\/p>\n<p><span style=\"background-color: white;color: #333333;font-family: verdana;font-size: x-large\">Agradecemos a todas las instituciones el apoyo prestado y tambi\u00e9n queremos trasladar nuestra gratitud a todo el equipo humano que nos acompa\u00f1a desde hace muchos a\u00f1os en este campus: Elizbar Ubilava, Herminio Herr\u00e1iz, Ana Isabel Gonz\u00e1lez, Antonio Albo, Roberto L\u00f3pez, Silvia Toribio y M\u00aa Luisa Camu\u00f1as.<\/span><\/p>\n<\/p>\n<div class=\"separator\" style=\"clear: both;text-align: center\"><a href=\"https:\/\/www.bfv.cloud\/ajedrezeuropa\/wp-content\/uploads\/2024\/08\/520ALUMNOS20CON20DIPLOMA.jpeg\" style=\"margin-left: 1em;margin-right: 1em\"><img loading=\"lazy\" decoding=\"async\" border=\"0\" data-original-height=\"923\" data-original-width=\"2048\" height=\"288\" src=\"https:\/\/blogger.googleusercontent.com\/img\/b\/R29vZ2xl\/AVvXsEiNjmHyfMDp8S2uUlvExV9aAZeppzNfueeWNuRYxNz70GKi7XzpznVyOlUBC5aOkauysx60xBZyjY_kPbZCzyYPw8PNKe2dMr7mgxgKrI_N8nHVYdSDKrohC_CxmQOD3zaY1c0Vi1B9VmJE2SCO2CxlbfICYwQfrw_ic_tpdaNu5fgl5mRcLVFh65VCBKQ\/w640-h288\/5%20ALUMNOS%20CON%20DIPLOMA.jpeg\" width=\"640\" \/><\/a><\/div>\n<p><\/p>\n<div class=\"separator\" style=\"clear: both;text-align: center\"><a href=\"https:\/\/www.bfv.cloud\/ajedrezeuropa\/wp-content\/uploads\/2024\/08\/020PLACA20FIDE20CON20GRUPO-2.jpeg\" style=\"margin-left: 1em;margin-right: 1em\"><img loading=\"lazy\" decoding=\"async\" border=\"0\" data-original-height=\"1478\" data-original-width=\"1600\" height=\"592\" src=\"https:\/\/blogger.googleusercontent.com\/img\/b\/R29vZ2xl\/AVvXsEgEN0pqWfIhrVEbhAPbH72Mdrx8uXkebyX9pp33Rhs6EDCC0ceEcJH4sdaRJYa-bC376utYlLZDmVeElJxaEzIN8Xcv78oC6p3EAj7cgrw86oYom3Rw4u_94_XnmlpAfen3gOxsYmoGFUBMVYEw8jlDAB5HzbyTpLX4uF1XWexzyvigd-5JGqL8oXGWh34\/w640-h592\/0%20PLACA%20FIDE%20CON%20GRUPO-2.jpeg\" width=\"640\" \/><\/a><\/div>\n<p><span style=\"font-family: verdana;font-size: large\">Por \u00faltimo, agradecemos el compromiso que mantienen con nuestro proyecto y nuestros equipos la familia Jim\u00e9nez Carrazoni. En la foto aparecen Marta Elene Jim\u00e9nez Carrazoni, actual campeona de Espa\u00f1a sub14 y campeona de Espa\u00f1a sub14 y sub16 de r\u00e1pidas, y Javier Jim\u00e9nez Carrazoni, jugador de nuestro equipo juvenil.<\/span><\/p>\n<\/p>\n<div class=\"separator\" style=\"clear: both;text-align: center\"><a href=\"https:\/\/www.bfv.cloud\/ajedrezeuropa\/wp-content\/uploads\/2024\/08\/420VISITA20MARTA20Y20JAVIER20CARRAZONI.jpeg\" style=\"margin-left: 1em;margin-right: 1em\"><img loading=\"lazy\" decoding=\"async\" border=\"0\" data-original-height=\"1500\" data-original-width=\"1500\" height=\"640\" src=\"https:\/\/blogger.googleusercontent.com\/img\/b\/R29vZ2xl\/AVvXsEiyD_s9qWwU3J8gUg5iMCKWl6vaMiKm7hm8IencYiFko17ry-mUS3VikhyphenhyphenJWhZG0n3WiCE-zX4XMCwCStZtVaA2WWohfbzkn-gEqqKlk3jSxubvzZXlJl6khSqR2Y-9nmaaUuICQ_oo_Gv6TpiBmgLccUHb5HsPmkRnReWcANCeHKsHMsI97m-WzISolDw\/w640-h640\/4%20VISITA%20MARTA%20Y%20JAVIER%20CARRAZONI.jpeg\" width=\"640\" \/><\/a><\/div>\n<p><\/p>\n","protected":false},"excerpt":{"rendered":"<p>&nbsp;El 25 de agosto se disput\u00f3 en el sal\u00f3n de actos de la sede de la Federaci\u00f3n de Baloncesto de Castilla-La Mancha en Alc\u00e1zar de San Juan el XXI Torneo de Feria. Cont\u00f3 con una participaci\u00f3n de 55 ajedrecistas, liderando el torneo absoluto el equipo de Nuestro Ajedrez en Europa y el equipo de Nuestro [&hellip;]<\/p>\n","protected":false},"author":1,"featured_media":1517,"comment_status":"open","ping_status":"closed","sticky":false,"template":"","format":"standard","meta":{"footnotes":""},"categories":[1],"tags":[],"class_list":["post-1516","post","type-post","status-publish","format-standard","has-post-thumbnail","hentry","category-noticias"],"_links":{"self":[{"href":"https:\/\/www.bfv.cloud\/ajedrezeuropa\/wp-json\/wp\/v2\/posts\/1516","targetHints":{"allow":["GET"]}}],"collection":[{"href":"https:\/\/www.bfv.cloud\/ajedrezeuropa\/wp-json\/wp\/v2\/posts"}],"about":[{"href":"https:\/\/www.bfv.cloud\/ajedrezeuropa\/wp-json\/wp\/v2\/types\/post"}],"author":[{"embeddable":true,"href":"https:\/\/www.bfv.cloud\/ajedrezeuropa\/wp-json\/wp\/v2\/users\/1"}],"replies":[{"embeddable":true,"href":"https:\/\/www.bfv.cloud\/ajedrezeuropa\/wp-json\/wp\/v2\/comments?post=1516"}],"version-history":[{"count":1,"href":"https:\/\/www.bfv.cloud\/ajedrezeuropa\/wp-json\/wp\/v2\/posts\/1516\/revisions"}],"predecessor-version":[{"id":1524,"href":"https:\/\/www.bfv.cloud\/ajedrezeuropa\/wp-json\/wp\/v2\/posts\/1516\/revisions\/1524"}],"wp:featuredmedia":[{"embeddable":true,"href":"https:\/\/www.bfv.cloud\/ajedrezeuropa\/wp-json\/wp\/v2\/media\/1517"}],"wp:attachment":[{"href":"https:\/\/www.bfv.cloud\/ajedrezeuropa\/wp-json\/wp\/v2\/media?parent=1516"}],"wp:term":[{"taxonomy":"category","embeddable":true,"href":"https:\/\/www.bfv.cloud\/ajedrezeuropa\/wp-json\/wp\/v2\/categories?post=1516"},{"taxonomy":"post_tag","embeddable":true,"href":"https:\/\/www.bfv.cloud\/ajedrezeuropa\/wp-json\/wp\/v2\/tags?post=1516"}],"curies":[{"name":"wp","href":"https:\/\/api.w.org\/{rel}","templated":true}]}}