{"id":153,"date":"2024-12-10T11:16:00","date_gmt":"2024-12-10T11:16:00","guid":{"rendered":"https:\/\/www.bfv.cloud\/ajedrezeuropa\/index.php\/2024\/12\/10\/xvi-concentracion-de-navidad-nuestro-ajedrez-en-europa\/"},"modified":"2025-11-20T10:14:00","modified_gmt":"2025-11-20T10:14:00","slug":"xvi-concentracion-de-navidad-nuestro-ajedrez-en-europa","status":"publish","type":"post","link":"https:\/\/www.bfv.cloud\/ajedrezeuropa\/xvi-concentracion-de-navidad-nuestro-ajedrez-en-europa\/","title":{"rendered":"XVI CONCENTRACI\u00d3N DE NAVIDAD NUESTRO AJEDREZ EN EUROPA"},"content":{"rendered":"<\/p>\n<div class=\"separator\" style=\"clear: both;text-align: center\"><a href=\"https:\/\/www.bfv.cloud\/ajedrezeuropa\/wp-content\/uploads\/2024\/12\/CARTEL20XVI20CONCENTRACIC393N202024_001.jpg\" style=\"margin-left: 1em;margin-right: 1em\"><img fetchpriority=\"high\" decoding=\"async\" border=\"0\" data-original-height=\"842\" data-original-width=\"595\" height=\"640\" src=\"https:\/\/blogger.googleusercontent.com\/img\/b\/R29vZ2xl\/AVvXsEiOBgGPlB8NEgQvBQVloqV3Y19urtgCcwSe2tHF0EHsCOYL_nkGjrnyONThgw4CmSe41YAV1G9oaSCIYm2U8XuC9UwcyvPiSrYKgnH8uuimpJXmT_heL2g3VyKAQJtf59lQ7r_2vggPLNyuLkV0hZHBWuul5cdclKWVbhEySNkln4W4L1o5_eHxkyBQZl8\/w452-h640\/CARTEL%20XVI%20CONCENTRACI%C3%93N%202024_001.jpg\" width=\"452\" \/><\/a><\/div>\n<p><span style=\"font-size: large\"><i>Del 26 al 28 de diciembre se celebrar\u00e1 una nueva edici\u00f3n de nuestra Concentraci\u00f3n de Navidad. Este es una de las actividades formativas anuales ligadas al proyecto Nuestro Ajedrez en Europa. Como en a\u00f1os pasados las clases tendr\u00e1n lugar en la casa de la cultura de Villafranca de los Caballeros y pueden participar el alumnado de nuestras escuelas de ajedrez y chicos y chicas que no perteneciendo a las mismas quieran tener un primer contacto.<\/i><\/span><\/p>\n<p><span style=\"font-size: large\"><i>Las condiciones de inscripci\u00f3n est\u00e1n reflejadas en este folleto:<\/i><\/span><\/p>\n<p><span style=\"font-size: large\"><\/span><\/p>\n<div class=\"separator\" style=\"clear: both;text-align: center\"><span style=\"font-size: large\"><a href=\"https:\/\/www.bfv.cloud\/ajedrezeuropa\/wp-content\/uploads\/2024\/12\/TRIPTICO20XVI20CONCENTRACION20NAVIDAD202024_001.jpg\" style=\"margin-left: 1em;margin-right: 1em\"><img decoding=\"async\" border=\"0\" data-original-height=\"595\" data-original-width=\"842\" height=\"283\" src=\"https:\/\/blogger.googleusercontent.com\/img\/b\/R29vZ2xl\/AVvXsEiB32fskcZWvoNhnFkk0TGZl6twTsUl2w10kkxtEH5InWk0SfD_QX_5xL345eW99yeiWspJ_dZJBbot1b7jSaZdbeVtiwmo2VkGlzT3wUhRQJ6Kf9TAgdsjh_QzTi3U5-2olp3FbhVStkmuprU8dDJBySBzn70QE8E1drTvl1OsZkUUMhMAe5e5aR8gcTg\/w400-h283\/TRIPTICO%20XVI%20CONCENTRACION%20NAVIDAD%202024_001.jpg\" width=\"400\" \/><\/a><\/span><\/div>\n<p><span style=\"font-size: large\"><\/p>\n<div class=\"separator\" style=\"clear: both;text-align: center\"><a href=\"https:\/\/www.bfv.cloud\/ajedrezeuropa\/wp-content\/uploads\/2024\/12\/TRIPTICO20XVI20CONCENTRACION20NAVIDAD202024_002.jpg\" style=\"margin-left: 1em;margin-right: 1em\"><img decoding=\"async\" border=\"0\" data-original-height=\"595\" data-original-width=\"842\" height=\"452\" src=\"https:\/\/blogger.googleusercontent.com\/img\/b\/R29vZ2xl\/AVvXsEgRBVcJ2sZyoV3Xl8qQEefrIkCIZgSu5Xd8GGZv8EDTzeImORQHdTiAsOhhR3x3DSCyZV2hFhjKs4BMyWgfeNOrHgsyadmuMlTTVf9zYJ9hfm1usLDm75hGfXZWQDw1v3ug_wqIfHb-4T0gGIoDHODM4BE5yMB3qKjmCzIpIHFKs9ehSjpwPa1VrlE78AA\/w640-h452\/TRIPTICO%20XVI%20CONCENTRACION%20NAVIDAD%202024_002.jpg\" width=\"640\" \/><\/a><\/div>\n<p>Y esta es la hoja de inscripci\u00f3n que se debe rellenar para solicitar la inscripci\u00f3n:<\/span><\/p>\n<\/p>\n<div class=\"separator\" style=\"clear: both;text-align: center\"><a href=\"https:\/\/www.bfv.cloud\/ajedrezeuropa\/wp-content\/uploads\/2024\/12\/020FICHA20INSCRIPCIC393N20XVI20CONCENTRACIC393N20DE20NAVIDAD202024_001.jpg\" style=\"margin-left: 1em;margin-right: 1em\"><img loading=\"lazy\" decoding=\"async\" border=\"0\" data-original-height=\"842\" data-original-width=\"595\" height=\"640\" src=\"https:\/\/blogger.googleusercontent.com\/img\/b\/R29vZ2xl\/AVvXsEg5GLGgFhGZxh3O6dmOuAEoJ4SMTwfIRabULsKUcI16n2RGVgStbRwi95XprJbQvncXewiaYVHYrEqyGLn2cnfFNnXZ2uPHgIdS1Ym-fH-YDx58fWbPrtM2YdPSyTXy3cV_V0rtxE2y9sbQNXVjlCbtjTqLjsCeDBiJM3IuUl5OjEdGtmD0A23Vvh4_hJw\/w452-h640\/0%20FICHA%20INSCRIPCI%C3%93N%20XVI%20CONCENTRACI%C3%93N%20DE%20NAVIDAD%202024_001.jpg\" width=\"452\" \/><\/a><\/div>\n<\/p>\n<p><\/p>\n","protected":false},"excerpt":{"rendered":"<p>Del 26 al 28 de diciembre se celebrar\u00e1 una nueva edici\u00f3n de nuestra Concentraci\u00f3n de Navidad. Este es una de las actividades formativas anuales ligadas al proyecto Nuestro Ajedrez en Europa. Como en a\u00f1os pasados las clases tendr\u00e1n lugar en la casa de la cultura de Villafranca de los Caballeros y pueden participar el alumnado [&hellip;]<\/p>\n","protected":false},"author":1,"featured_media":154,"comment_status":"open","ping_status":"closed","sticky":false,"template":"","format":"standard","meta":{"footnotes":""},"categories":[1],"tags":[],"class_list":["post-153","post","type-post","status-publish","format-standard","has-post-thumbnail","hentry","category-noticias"],"_links":{"self":[{"href":"https:\/\/www.bfv.cloud\/ajedrezeuropa\/wp-json\/wp\/v2\/posts\/153","targetHints":{"allow":["GET"]}}],"collection":[{"href":"https:\/\/www.bfv.cloud\/ajedrezeuropa\/wp-json\/wp\/v2\/posts"}],"about":[{"href":"https:\/\/www.bfv.cloud\/ajedrezeuropa\/wp-json\/wp\/v2\/types\/post"}],"author":[{"embeddable":true,"href":"https:\/\/www.bfv.cloud\/ajedrezeuropa\/wp-json\/wp\/v2\/users\/1"}],"replies":[{"embeddable":true,"href":"https:\/\/www.bfv.cloud\/ajedrezeuropa\/wp-json\/wp\/v2\/comments?post=153"}],"version-history":[{"count":1,"href":"https:\/\/www.bfv.cloud\/ajedrezeuropa\/wp-json\/wp\/v2\/posts\/153\/revisions"}],"predecessor-version":[{"id":158,"href":"https:\/\/www.bfv.cloud\/ajedrezeuropa\/wp-json\/wp\/v2\/posts\/153\/revisions\/158"}],"wp:featuredmedia":[{"embeddable":true,"href":"https:\/\/www.bfv.cloud\/ajedrezeuropa\/wp-json\/wp\/v2\/media\/154"}],"wp:attachment":[{"href":"https:\/\/www.bfv.cloud\/ajedrezeuropa\/wp-json\/wp\/v2\/media?parent=153"}],"wp:term":[{"taxonomy":"category","embeddable":true,"href":"https:\/\/www.bfv.cloud\/ajedrezeuropa\/wp-json\/wp\/v2\/categories?post=153"},{"taxonomy":"post_tag","embeddable":true,"href":"https:\/\/www.bfv.cloud\/ajedrezeuropa\/wp-json\/wp\/v2\/tags?post=153"}],"curies":[{"name":"wp","href":"https:\/\/api.w.org\/{rel}","templated":true}]}}