{"id":1533,"date":"2017-11-16T09:59:00","date_gmt":"2017-11-16T09:59:00","guid":{"rendered":"https:\/\/www.bfv.cloud\/ajedrezeuropa\/index.php\/2017\/11\/16\/repetimos-con-3-equipos-en-la-x-copa-de-espana\/"},"modified":"2025-11-20T10:33:56","modified_gmt":"2025-11-20T10:33:56","slug":"repetimos-con-3-equipos-en-la-x-copa-de-espana","status":"publish","type":"post","link":"https:\/\/www.bfv.cloud\/ajedrezeuropa\/repetimos-con-3-equipos-en-la-x-copa-de-espana\/","title":{"rendered":"REPETIMOS CON 3 EQUIPOS EN LA X COPA DE ESPA\u00d1A"},"content":{"rendered":"<div class=\"separator\" style=\"clear: both;text-align: center\">\n<a href=\"https:\/\/www.bfv.cloud\/ajedrezeuropa\/wp-content\/uploads\/2017\/11\/coesp2017.jpg\" style=\"clear: left;float: left;margin-bottom: 1em;margin-right: 1em\"><img fetchpriority=\"high\" decoding=\"async\" border=\"0\" data-original-height=\"1600\" data-original-width=\"762\" height=\"640\" src=\"https:\/\/blogger.googleusercontent.com\/img\/b\/R29vZ2xl\/AVvXsEjF6UG21pCWGGHa3mLvfxmfWJnQSH_6BSHt6YtnKLJsk_dfpd60BXkCAlxDdTS7smX8pt-mi5nquaG01ozUVbA0qjW_Ju7Qh0Adp7UvW5rQCH_UB4B87giiLAin0o4x2xYDgXohsmiABNA\/s640\/coesp2017.jpg\" width=\"304\" \/><\/a><\/div>\n<p><span style=\"font-family: Verdana, sans-serif;font-size: large\"><b>En 15 d\u00edas regresamos a la competici\u00f3n de mayor nivel en el calendario nacional para los equipos de categor\u00eda sub-18 y sub-12, la Copa de Espa\u00f1a de Benidorm, que ya celebra su 10\u00aa edici\u00f3n.<\/b><\/span><br \/>\n<span style=\"font-family: Verdana, sans-serif;font-size: large\"><b>Ser\u00e1 del 2 al 6 de diciembre en el Hotel Bali, en una competici\u00f3n programada a 7 rondas para ambas categor\u00edas.<\/b><\/span><br \/>\n<span style=\"font-family: Verdana, sans-serif;font-size: large\"><b>Los equipos que nos representar\u00e1n en esta ocasi\u00f3n son:<\/b><\/span><br \/>\n<span style=\"color: blue;font-family: Verdana, sans-serif;font-size: large\"><i><u><b>CD NUESTRO AJEDREZ EN EUROPA SUB-18:<\/b><\/u><\/i><\/span><br \/>\n<span style=\"color: blue;font-family: Verdana, sans-serif;font-size: large\"><i>1. Javier Valdepe\u00f1as Octavio 2. Roberto L\u00f3pez N\u00fa\u00f1ez 3. Alfredo Amador And\u00fajar 4. Irene Sim\u00f3n Escalona 5. Arturo Mate Mart\u00edn.<\/i><\/span><br \/>\n<span style=\"color: blue;font-family: Verdana, sans-serif;font-size: large\"><i><u><b>CD NUESTRO AJEDREZ POR LA IGUALDAD SUB-18:<\/b><\/u><\/i><\/span><br \/>\n<span style=\"color: blue;font-family: Verdana, sans-serif;font-size: large\"><i>1. Enrique Velasco Aragon\u00e9s 2. Isabel Marcos-Alberca Lizcano 3. Arsenio L\u00f3pez Ochoa 4. Mar\u00eda Oliver Ropero 5. Clara Vela Adri\u00e1n.<\/i><\/span><br \/>\n<span style=\"color: blue;font-family: Verdana, sans-serif;font-size: large\"><i><u><b>CD NUESTRO AJEDREZ POR LA IGUALDAD SUB-12:<\/b><\/u><\/i><\/span><br \/>\n<span style=\"color: blue;font-family: Verdana, sans-serif;font-size: large\"><i>1. Alonso L\u00f3pez N\u00fa\u00f1ez 2. Carlos P\u00e9rez Manzanedo 3. Gabriel Amador And\u00fajar 4. Adri\u00e1n Alhambra Rubio.<\/i><\/span><br \/>\n<span style=\"font-family: Verdana, sans-serif;font-size: large\"><b>Para el proyecto de las escuelas de ajedrez de Alc\u00e1zar de San Juan y Villafranca de los Caballeros es la cita deportiva m\u00e1s importante de la temporada. Ya son 9 a\u00f1os consecutivos participando en un campeonato que nos ha situado entre los 15 mejores clubes de Espa\u00f1a en ajedrez juvenil e infantil temporada tras temporada.<\/b><\/span><br \/>\n<span style=\"font-family: Verdana, sans-serif;font-size: large\"><b>En pocos d\u00edas, \u00a1\u00a1un nuevo reto!!<\/b><\/span><\/p>\n","protected":false},"excerpt":{"rendered":"<p>En 15 d\u00edas regresamos a la competici\u00f3n de mayor nivel en el calendario nacional para los equipos de categor\u00eda sub-18 y sub-12, la Copa de Espa\u00f1a de Benidorm, que ya celebra su 10\u00aa edici\u00f3n. Ser\u00e1 del 2 al 6 de diciembre en el Hotel Bali, en una competici\u00f3n programada a 7 rondas para ambas categor\u00edas. [&hellip;]<\/p>\n","protected":false},"author":1,"featured_media":1534,"comment_status":"open","ping_status":"closed","sticky":false,"template":"","format":"standard","meta":{"footnotes":""},"categories":[1],"tags":[],"class_list":["post-1533","post","type-post","status-publish","format-standard","has-post-thumbnail","hentry","category-noticias"],"_links":{"self":[{"href":"https:\/\/www.bfv.cloud\/ajedrezeuropa\/wp-json\/wp\/v2\/posts\/1533","targetHints":{"allow":["GET"]}}],"collection":[{"href":"https:\/\/www.bfv.cloud\/ajedrezeuropa\/wp-json\/wp\/v2\/posts"}],"about":[{"href":"https:\/\/www.bfv.cloud\/ajedrezeuropa\/wp-json\/wp\/v2\/types\/post"}],"author":[{"embeddable":true,"href":"https:\/\/www.bfv.cloud\/ajedrezeuropa\/wp-json\/wp\/v2\/users\/1"}],"replies":[{"embeddable":true,"href":"https:\/\/www.bfv.cloud\/ajedrezeuropa\/wp-json\/wp\/v2\/comments?post=1533"}],"version-history":[{"count":1,"href":"https:\/\/www.bfv.cloud\/ajedrezeuropa\/wp-json\/wp\/v2\/posts\/1533\/revisions"}],"predecessor-version":[{"id":1535,"href":"https:\/\/www.bfv.cloud\/ajedrezeuropa\/wp-json\/wp\/v2\/posts\/1533\/revisions\/1535"}],"wp:featuredmedia":[{"embeddable":true,"href":"https:\/\/www.bfv.cloud\/ajedrezeuropa\/wp-json\/wp\/v2\/media\/1534"}],"wp:attachment":[{"href":"https:\/\/www.bfv.cloud\/ajedrezeuropa\/wp-json\/wp\/v2\/media?parent=1533"}],"wp:term":[{"taxonomy":"category","embeddable":true,"href":"https:\/\/www.bfv.cloud\/ajedrezeuropa\/wp-json\/wp\/v2\/categories?post=1533"},{"taxonomy":"post_tag","embeddable":true,"href":"https:\/\/www.bfv.cloud\/ajedrezeuropa\/wp-json\/wp\/v2\/tags?post=1533"}],"curies":[{"name":"wp","href":"https:\/\/api.w.org\/{rel}","templated":true}]}}