{"id":1539,"date":"2017-01-09T13:52:00","date_gmt":"2017-01-09T13:52:00","guid":{"rendered":"https:\/\/www.bfv.cloud\/ajedrezeuropa\/index.php\/2017\/01\/09\/el-torneo-de-la-igualdad-acoge-medio-centenar-de-ajedrecistas-de-todas-las-edades\/"},"modified":"2025-11-20T10:34:10","modified_gmt":"2025-11-20T10:34:10","slug":"el-torneo-de-la-igualdad-acoge-medio-centenar-de-ajedrecistas-de-todas-las-edades","status":"publish","type":"post","link":"https:\/\/www.bfv.cloud\/ajedrezeuropa\/el-torneo-de-la-igualdad-acoge-medio-centenar-de-ajedrecistas-de-todas-las-edades\/","title":{"rendered":"EL TORNEO DE LA IGUALDAD ACOGE MEDIO CENTENAR DE AJEDRECISTAS DE TODAS LAS EDADES"},"content":{"rendered":"<p><\/p>\n<table cellpadding=\"0\" cellspacing=\"0\" class=\"tr-caption-container\" style=\"float: left;margin-right: 1em;text-align: left\">\n<tbody>\n<tr>\n<td style=\"text-align: center\"><a href=\"https:\/\/www.bfv.cloud\/ajedrezeuropa\/wp-content\/uploads\/2017\/01\/SAM_3320.jpg\" style=\"clear: left;margin-bottom: 1em;margin-left: auto;margin-right: auto\"><img fetchpriority=\"high\" decoding=\"async\" border=\"0\" height=\"202\" src=\"https:\/\/blogger.googleusercontent.com\/img\/b\/R29vZ2xl\/AVvXsEgUJDVU1cJbXOTFhN0Yext_J2NZQAwzi7YuXPZG-gXt450jRTGCYtRaKT8jCPgImOOpG-_nu9n3p88KMo0aBS3VImu5o1ZRnAW0wlo3QjSayn8gijsgRsRTwjt8ChONGz47NZfH82fX_YY\/s640\/SAM_3320.JPG\" width=\"640\" \/><\/a><\/td>\n<\/tr>\n<tr>\n<td class=\"tr-caption\" style=\"text-align: center\">Una visi\u00f3n general de la sala de juego<\/td>\n<\/tr>\n<\/tbody>\n<\/table>\n<table cellpadding=\"0\" cellspacing=\"0\" class=\"tr-caption-container\" style=\"float: left;margin-right: 1em;text-align: left\">\n<tbody>\n<tr>\n<td style=\"text-align: center\"><a href=\"https:\/\/www.bfv.cloud\/ajedrezeuropa\/wp-content\/uploads\/2017\/01\/SAM_3326.jpg\" style=\"clear: left;margin-bottom: 1em;margin-left: auto;margin-right: auto\"><img decoding=\"async\" border=\"0\" height=\"320\" src=\"https:\/\/blogger.googleusercontent.com\/img\/b\/R29vZ2xl\/AVvXsEhev_8ulLWCS2a6Xi2XpKSNX6jpBSua8F0Iyzjc_9HApvM2NxAZB-3BYOk0-NIAOwu8iQ1UAvEbuTJ2F2Tj3opOsHrjcLsVYm8uRRrb8kvurzzSuRT4GF4isKq4qidLEMfAQXLVmaKWb1M\/s320\/SAM_3326.JPG\" width=\"240\" \/><\/a><\/td>\n<\/tr>\n<tr>\n<td class=\"tr-caption\" style=\"text-align: center\">Alonso L\u00f3pez, ganador de la categor\u00eda sub-12<\/td>\n<\/tr>\n<\/tbody>\n<\/table>\n<p>&nbsp;<span style=\", serif;font-size: large\">Cerca de medio centenar de aficionad@s se reunieron el s\u00e1bado pasado en Villafranca para disputar una nueva edici\u00f3n del Torneo de Ajedrez por la Igualdad. En esta ocasi\u00f3n participaron 17 jugadores menores de 12 a\u00f1os y 13 jugadoras entre mujeres y ni\u00f1as. Al numeroso grupo de alumn@s de las escuelas de ajedrez de Alc\u00e1zar y Villafranca se unieron varios jugadores de los equipos absolutos de nuestros dos clubes y un grupo de mujeres del curso de iniciaci\u00f3n celebrado a finales de 2016.<\/span><\/p>\n<table cellpadding=\"0\" cellspacing=\"0\" class=\"tr-caption-container\" style=\"float: right;margin-left: 1em;text-align: right\">\n<tbody>\n<tr>\n<td style=\"text-align: center\"><a href=\"https:\/\/www.bfv.cloud\/ajedrezeuropa\/wp-content\/uploads\/2017\/01\/SAM_3325.jpg\" style=\"clear: left;margin-bottom: 1em;margin-left: auto;margin-right: auto\"><img decoding=\"async\" border=\"0\" height=\"240\" src=\"https:\/\/blogger.googleusercontent.com\/img\/b\/R29vZ2xl\/AVvXsEjOTtFA1Ee08-48wglveilV26xTwe01OQ6drXktMA2pi5kN6VmgGF5o9l2rNWylvzuyI_nYLsqYl8PvidhZwuiyxDauQwxn_ZfATaIWBSiwC3Tk5kJbMpxS4RChbiiCznZLG7XAmGi66GI\/s320\/SAM_3325.JPG\" width=\"320\" \/><\/a><\/td>\n<\/tr>\n<tr>\n<td class=\"tr-caption\" style=\"text-align: center\">Marco Gallego recibi\u00f3 su primer trofeo como <br \/>\nsubcampe\u00f3n sub-12<\/td>\n<\/tr>\n<\/tbody>\n<\/table>\n<p><span style=\", Arial, Helvetica, sans-serif;font-size: large\"><br \/><\/span><br \/>\n<span style=\", Arial, Helvetica, sans-serif;font-size: large\"><br \/><\/span><br \/>\n<span style=\", Arial, Helvetica, sans-serif;font-size: large\"><br \/><\/span><br \/>\n<span style=\", Arial, Helvetica, sans-serif;font-size: large\">El Torneo de la Igualdad premia con la misma cantidad de trofeos a mujeres y hombres dentro de las categor\u00edas absoluta y sub-12. La clasificaci\u00f3n final qued\u00f3 encabezada por el integrante del equipo de Nuestro Ajedrez por la Igualdad, Luismi Monreal, quedando la 2\u00aa plaza para Jos\u00e9 Agenjo. Mientras que las j\u00f3venes ajedrecistas de nuestros clubes, Irene Sim\u00f3n e Isabel Marcos-Alberca, recibieron los trofeos femeninos despu\u00e9s de un brillante torneo de ambas jugadoras.<\/span><\/p>\n<table align=\"center\" cellpadding=\"0\" cellspacing=\"0\" class=\"tr-caption-container\" style=\"clear: right;margin-bottom: 1em;margin-left: auto;margin-right: auto;text-align: right\">\n<tbody>\n<tr>\n<td style=\"text-align: center\"><a href=\"https:\/\/www.bfv.cloud\/ajedrezeuropa\/wp-content\/uploads\/2017\/01\/SAM_3329.jpg\" style=\"clear: left;margin-bottom: 1em;margin-left: auto;margin-right: auto\"><img loading=\"lazy\" decoding=\"async\" border=\"0\" height=\"182\" src=\"https:\/\/blogger.googleusercontent.com\/img\/b\/R29vZ2xl\/AVvXsEjb1RZYPoOvQuFRGXKNaEKjXeJwLGK2w5qKhYjtUtpj6BS5FvWw2Z258NMNBZ8ZKNeZGKMolX6eTaFBkkZ6YEmyfFQD55IVk6QrV2JycxTUCVehrDx5OCnOQrfYejGzuRbarE86K9KBjds\/s200\/SAM_3329.JPG\" width=\"200\" \/><\/a><\/td>\n<\/tr>\n<tr>\n<td class=\"tr-caption\" style=\"text-align: center\">En la clasificaci\u00f3n general del torneo, el<br \/>&nbsp;villaca\u00f1ero Jos\u00e9 Agenjo se llev\u00f3 el trofeo de<br \/>2\u00ba clasificado y Luismi Monreal el de campe\u00f3n<\/td>\n<\/tr>\n<\/tbody>\n<\/table>\n<div class=\"separator\" style=\"clear: both;text-align: center\">\n<\/div>\n<table cellpadding=\"0\" cellspacing=\"0\" class=\"tr-caption-container\" style=\"clear: right;float: right;margin-bottom: 1em;margin-left: 1em;text-align: right\">\n<tbody>\n<tr>\n<td style=\"text-align: center\">\n<div class=\"separator\" style=\"clear: both;text-align: center\">\n<a href=\"https:\/\/www.bfv.cloud\/ajedrezeuropa\/wp-content\/uploads\/2017\/01\/SAM_3324.jpg\" style=\"clear: left;float: left;margin-bottom: 1em;margin-right: 1em\"><img loading=\"lazy\" decoding=\"async\" border=\"0\" height=\"240\" src=\"https:\/\/blogger.googleusercontent.com\/img\/b\/R29vZ2xl\/AVvXsEg4zOBmcaeKmwlMammH4l7f_h1A-hGcS_iVIzpMw21WlcDeIcqaB32BoZOhuWn4zp2f8ii2zxQhP0d4eLnmb-WAWlnu53bZHAteLfqq5sN_TTgIvsOZrEs45Cosh-d95kXLX31uKThIZBE\/s320\/SAM_3324.JPG\" width=\"320\" \/><\/a><\/div>\n<p><a href=\"https:\/\/www.bfv.cloud\/ajedrezeuropa\/wp-content\/uploads\/2017\/01\/SAM_3322.jpg\" style=\"clear: right;float: right;margin-bottom: 1em;margin-left: 1em\"><img loading=\"lazy\" decoding=\"async\" border=\"0\" height=\"123\" src=\"https:\/\/blogger.googleusercontent.com\/img\/b\/R29vZ2xl\/AVvXsEhFkxaBKtU4TKgpjVpH_yopSn9XXPJMtxB1zxZSd86T_ZE9KbloAWdvwHqSVIoiDHMS4M498tlD5wVJrYCr0G2h7AXNVEV8ZzzuKIrUXOYwAbXu6gUTJuK1P0Il51TEAPGAmYeSmUmzfBE\/s200\/SAM_3322.JPG\" width=\"200\" \/><\/a><a href=\"https:\/\/www.bfv.cloud\/ajedrezeuropa\/wp-content\/uploads\/2017\/01\/SAM_3327.jpg\" style=\"clear: right;float: right;margin-bottom: 1em;margin-left: 1em\"><img loading=\"lazy\" decoding=\"async\" border=\"0\" height=\"200\" src=\"https:\/\/blogger.googleusercontent.com\/img\/b\/R29vZ2xl\/AVvXsEjmsKavxVZL2UVAft_I0AjZtFxd59OyEDbx4HtziqwuMlJmF9us2DcWiBsZN4aRAtS28BtNzsTI13fU_MXHKQO5XSPbCw6UYcg1cpTOL7wbJBIVnxvnz_ig1VUpg5P8EAZK0Zn-4ygOeHE\/s200\/SAM_3327.JPG\" width=\"150\" \/><\/a><a href=\"https:\/\/www.bfv.cloud\/ajedrezeuropa\/wp-content\/uploads\/2017\/01\/SAM_3328.jpg\" style=\"clear: right;float: right;margin-bottom: 1em;margin-left: 1em\"><img loading=\"lazy\" decoding=\"async\" border=\"0\" height=\"193\" src=\"https:\/\/blogger.googleusercontent.com\/img\/b\/R29vZ2xl\/AVvXsEi9dC5cIFc7Vm8hMNfNviycxQGENsYFshfbiZRIZWpdjh4gxbqqjP0R_irZX2pP0yv8IdCybNzGla8iCGnQzZH0ElRnXEaYUoWj5_zrnuDmXRPL0KzzDi44MYyD4rFFQtXsU8zGk10FPDE\/s200\/SAM_3328.JPG\" width=\"200\" \/><\/a><a href=\"https:\/\/www.bfv.cloud\/ajedrezeuropa\/wp-content\/uploads\/2017\/01\/SAM_3317.jpg\" style=\"clear: right;margin-bottom: 1em;margin-left: auto;margin-right: auto\"><img loading=\"lazy\" decoding=\"async\" border=\"0\" height=\"261\" src=\"https:\/\/blogger.googleusercontent.com\/img\/b\/R29vZ2xl\/AVvXsEgtNlq8Dz4Ee0Ib1wJNrxbm5nb7EXgljDD5Zu8_fIYFN-sZS4KKI_m0-RgjcUs_S9sBYnybM209AqYTjjjjwmwFZ33LmtO8Jh-HIG0-OWS85bvA95h-8t6-004tHvZPxWr-HN9wzxPcJp4\/s400\/SAM_3317.JPG\" width=\"400\" \/><\/a><\/td>\n<\/tr>\n<tr>\n<td class=\"tr-caption\" style=\"text-align: center\">13 jugadoras han participado en esta 12\u00aa edici\u00f3n del Torneo de la Igualdad. Irene Sim\u00f3n e Isabel Marcos-Alberca recibieron los trofeos como ganadora y segunda clasificada&nbsp;<span style=\"font-size: 12.8px\">en la categor\u00eda absoluta.<\/span><br \/>\n<span style=\"font-size: 12.8px\">En el sub-12 femenino, Nuria Lozano y Aurora Corrales, fueron la campeona y subcampeona, respectivamente<\/span><\/td>\n<\/tr>\n<\/tbody>\n<\/table>\n<table cellpadding=\"0\" cellspacing=\"0\" class=\"tr-caption-container\" style=\"margin-left: auto;margin-right: auto;text-align: center\">\n<tbody>\n<tr>\n<td style=\"text-align: center\">\n<div style=\"text-align: left\">\n<span style=\"font-family: Georgia, Times New Roman, serif;font-size: large\">En lo que se refiere a los m\u00e1s peque\u00f1os, hasta la edad de 12 a\u00f1os, la notable participaci\u00f3n de chicos y chicas de Alc\u00e1zar, Villafranca y Mora, compartiendo tableros y juegos con ni\u00f1os de Herencia, Quintanar de la Orden o La Puebla de Almoradiel proporcion\u00f3 al torneo un ambiente divertido. Alonso L\u00f3pez, campe\u00f3n, y Marco Gallego, 2\u00ba, &nbsp;en la categor\u00eda de chicos; Nuria Lozano y Aurora Corrales en la de chicas, resultaron ganadores de los trofeos sub-12 de este a\u00f1o.<\/span><\/div>\n<div style=\"text-align: left\">\n<span style=\", serif;font-size: large\">&nbsp;&nbsp;<\/span><\/div>\n<div style=\"text-align: left\">\n<a href=\"https:\/\/www.bfv.cloud\/ajedrezeuropa\/wp-content\/uploads\/2017\/01\/SAM_3318.jpg\" style=\"clear: right;margin-bottom: 1em;margin-left: auto;margin-right: auto\"><img loading=\"lazy\" decoding=\"async\" border=\"0\" height=\"502\" src=\"https:\/\/blogger.googleusercontent.com\/img\/b\/R29vZ2xl\/AVvXsEgjZ6me3JD-Nwn4XEDPA5dncwKuhI6tvnSzgyj6DsUGk9ABRYWLtjsvxKWDLUftlTxWBsnzI-4tXm_JmCVWNPtjkqRy-e3JWC-Cn-2gTOscWBp1OFjwcGK8jbNlqELdeA2y8P8tWh6_qHY\/s640\/SAM_3318.JPG\" width=\"640\" \/><\/a><\/div>\n<\/td>\n<\/tr>\n<tr>\n<td class=\"tr-caption\" style=\"text-align: center\"><\/td>\n<\/tr>\n<\/tbody>\n<\/table>\n<div class=\"separator\" style=\"clear: both;text-align: center\">\n<\/div>\n","protected":false},"excerpt":{"rendered":"<p>Una visi\u00f3n general de la sala de juego Alonso L\u00f3pez, ganador de la categor\u00eda sub-12 &nbsp;Cerca de medio centenar de aficionad@s se reunieron el s\u00e1bado pasado en Villafranca para disputar una nueva edici\u00f3n del Torneo de Ajedrez por la Igualdad. En esta ocasi\u00f3n participaron 17 jugadores menores de 12 a\u00f1os y 13 jugadoras entre mujeres [&hellip;]<\/p>\n","protected":false},"author":1,"featured_media":1540,"comment_status":"open","ping_status":"closed","sticky":false,"template":"","format":"standard","meta":{"footnotes":""},"categories":[1],"tags":[],"class_list":["post-1539","post","type-post","status-publish","format-standard","has-post-thumbnail","hentry","category-noticias"],"_links":{"self":[{"href":"https:\/\/www.bfv.cloud\/ajedrezeuropa\/wp-json\/wp\/v2\/posts\/1539","targetHints":{"allow":["GET"]}}],"collection":[{"href":"https:\/\/www.bfv.cloud\/ajedrezeuropa\/wp-json\/wp\/v2\/posts"}],"about":[{"href":"https:\/\/www.bfv.cloud\/ajedrezeuropa\/wp-json\/wp\/v2\/types\/post"}],"author":[{"embeddable":true,"href":"https:\/\/www.bfv.cloud\/ajedrezeuropa\/wp-json\/wp\/v2\/users\/1"}],"replies":[{"embeddable":true,"href":"https:\/\/www.bfv.cloud\/ajedrezeuropa\/wp-json\/wp\/v2\/comments?post=1539"}],"version-history":[{"count":1,"href":"https:\/\/www.bfv.cloud\/ajedrezeuropa\/wp-json\/wp\/v2\/posts\/1539\/revisions"}],"predecessor-version":[{"id":1550,"href":"https:\/\/www.bfv.cloud\/ajedrezeuropa\/wp-json\/wp\/v2\/posts\/1539\/revisions\/1550"}],"wp:featuredmedia":[{"embeddable":true,"href":"https:\/\/www.bfv.cloud\/ajedrezeuropa\/wp-json\/wp\/v2\/media\/1540"}],"wp:attachment":[{"href":"https:\/\/www.bfv.cloud\/ajedrezeuropa\/wp-json\/wp\/v2\/media?parent=1539"}],"wp:term":[{"taxonomy":"category","embeddable":true,"href":"https:\/\/www.bfv.cloud\/ajedrezeuropa\/wp-json\/wp\/v2\/categories?post=1539"},{"taxonomy":"post_tag","embeddable":true,"href":"https:\/\/www.bfv.cloud\/ajedrezeuropa\/wp-json\/wp\/v2\/tags?post=1539"}],"curies":[{"name":"wp","href":"https:\/\/api.w.org\/{rel}","templated":true}]}}